{"id":124116,"date":"2020-02-21T10:15:22","date_gmt":"2020-02-21T09:15:22","guid":{"rendered":"http:\/\/gazdasagportal.hu\/?p=124116"},"modified":"2020-02-21T10:15:22","modified_gmt":"2020-02-21T09:15:22","slug":"elso-helyezett-lett-a-kecskemeti-mercedes-benz-gyar-a-daimler-nemzetkozi-kornyezetvedelmi-palyazatan","status":"publish","type":"post","link":"https:\/\/gazdasagportal.hu\/index.php\/elso-helyezett-lett-a-kecskemeti-mercedes-benz-gyar-a-daimler-nemzetkozi-kornyezetvedelmi-palyazatan\/","title":{"rendered":"Els\u0151 helyezett lett a kecskem\u00e9ti Mercedes-Benz gy\u00e1r a Daimler nemzetk\u00f6zi k\u00f6rnyezetv\u00e9delmi p\u00e1ly\u00e1zat\u00e1n"},"content":{"rendered":"<p><strong>20 \u00e9ves az Environmental Leadership Award: a kiemelked\u0151 v\u00e1llalati k\u00f6rnyezetv\u00e9delmi projektek \u00e9s kezdem\u00e9nyez\u0151ik ism\u00e9t a figyelem k\u00f6z\u00e9ppontj\u00e1ba ker\u00fcltek. A Mercedes-Benz magyar gy\u00e1r\u00e1t Stuttgartban, febru\u00e1r 13-\u00e1n t\u00fcntett\u00e9k ki a Daimler Environmental Leadership Award (ELA) nyertesek\u00e9nt.<\/strong><!--more--><\/p>\n<div class=\"ads-in-post1\"><div id=\"gazdasagportal.hu_fullbanner_wideboard\"><\/div>\r\n<\/div>\n<p>Nem kiz\u00e1r\u00f3lag t\u00e1rsadalmi szinten zajlik p\u00e1rbesz\u00e9d alternat\u00edv megold\u00e1sokr\u00f3l, megtakar\u00edt\u00e1si lehet\u0151s\u00e9gekr\u0151l \u00e9s megold\u00e1si javaslatokr\u00f3l a k\u00f6rnyezetv\u00e9delem, fenntarthat\u00f3 fejl\u0151d\u00e9s \u00e9s az er\u0151forr\u00e1sokkal val\u00f3 k\u00edm\u00e9letes \u00e9s tudatos gazd\u00e1lkod\u00e1s t\u00e9mak\u00f6r\u00e9ben. A Daimler AG-n bel\u00fcl is vil\u00e1gszerte k\u00f6zponti szerepet j\u00e1tszanak ezek a k\u00e9rd\u00e9sek. Ezt bizony\u00edtja az Environmental Leadership Award (ELA), amelyet 2000-ben h\u00edvtak \u00e9letre, \u00e9s id\u00e9n tizenkettedik alkalommal adt\u00e1k \u00e1t. 30 orsz\u00e1g 1200 r\u00e9sztvev\u0151j\u00e9nek \u00f6sszesen 146 beny\u00fajtott projektj\u00e9t \u00e9rt\u00e9kelt\u00e9k a b\u00edr\u00e1l\u00f3k a m\u00falt \u00e9v p\u00e1ly\u00e1zati id\u0151szak\u00e1ban \u2013 ez csaknem k\u00e9tszer annyi p\u00e1lyamunka volt, mint a m\u00falt alkalommal.<\/p>\n<p>Azt, hogy a konszern egyre z\u00f6ldebb\u00e9 v\u00e1lik, sz\u00e1mos munkat\u00e1rs munk\u00e1ja bizony\u00edtja nap mint nap. Kreat\u00edv \u00f6tleteikkel \u00e9s lelkesed\u00e9s\u00fckkel hozz\u00e1j\u00e1rulnak ahhoz, hogy a Daimler eleget tegyen a k\u00f6rnyezetv\u00e9delmi felel\u0151ss\u00e9gv\u00e1llal\u00e1s\u00e1nak. A v\u00e1llalat bels\u0151 k\u00f6rnyezetv\u00e9delmi d\u00edja, az Environmental Leadership Award elismeri azokat er\u0151fesz\u00edt\u00e9seket, amelyek a term\u00e9kek k\u00f6rnyezeti m\u00e9rleg\u00e9t jav\u00edtj\u00e1k, \u00e9s a gy\u00e1rt\u00e1st a lehet\u0151 legink\u00e1bb k\u00f6rnyezetbar\u00e1t m\u00f3don alak\u00edtj\u00e1k.<\/p><div id=\"gazda-594772914\" class=\"gazda-tartalomban gazda-entity-placement\"><script async src=\"https:\/\/pagead2.googlesyndication.com\/pagead\/js\/adsbygoogle.js\"><\/script>\r\n<ins class=\"adsbygoogle\"\r\n     style=\"display:block\"\r\n     data-ad-format=\"fluid\"\r\n     data-ad-layout-key=\"-6t+ed+2i-1n-4w\"\r\n     data-ad-client=\"ca-pub-1959107119989764\"\r\n     data-ad-slot=\"4008251320\"><\/ins>\r\n<script>\r\n     (adsbygoogle = window.adsbygoogle || []).push({});\r\n<\/script><\/div>\n<p>A d\u00edjjal azokat, a m\u00e1r megval\u00f3sult kezdem\u00e9nyez\u00e9seket becs\u00fclik meg, amelyek kiemelked\u0151 k\u00f6rnyezetpolitik\u00e1jukkal t\u0171nnek ki, \u00e9s a t\u00e1rsadalmi, helyi \u00e9s region\u00e1lis k\u00f6rnyezeti felt\u00e9telek jav\u00edt\u00e1s\u00e1t c\u00e9lozz\u00e1k.<\/p>\n<div class=\"ads-in-post2\"><script async src=\"https:\/\/pagead2.googlesyndication.com\/pagead\/js\/adsbygoogle.js\"><\/script>\r\n<ins class=\"adsbygoogle\"\r\n     style=\"display:block\"\r\n     data-ad-format=\"fluid\"\r\n     data-ad-layout-key=\"-6t+ed+2i-1n-4w\"\r\n     data-ad-client=\"ca-pub-1959107119989764\"\r\n     data-ad-slot=\"4008251320\"><\/ins>\r\n<script>\r\n     (adsbygoogle = window.adsbygoogle || []).push({});\r\n<\/script><\/div>\nA \u201e#Green. #Besser. #Kecskem\u00e9t\u201c projekt a \u201eKiemelked\u0151 k\u00f6rnyezetv\u00e9delmi elk\u00f6telezetts\u00e9g\u201d kateg\u00f3ri\u00e1ban nyert. Mi\u00f3ta a gy\u00e1rt\u00e1s csaknem nyolc \u00e9vvel ezel\u0151tt megkezd\u0151d\u00f6tt, a kecskem\u00e9ti gy\u00e1r ezzel a mott\u00f3val sz\u00e1mos k\u00fcl\u00f6nb\u00f6z\u0151 int\u00e9zked\u00e9st tervezett \u00e9s val\u00f3s\u00edtott meg. Az eredm\u00e9ny: 30 sz\u00e1zal\u00e9kkal alacsonyabb energiafelhaszn\u00e1l\u00e1s, a sz\u00e9ndioxid-kibocs\u00e1t\u00e1s t\u00f6bb mint 30 sz\u00e1zal\u00e9kos cs\u00f6kkent\u00e9se, \u00e9s 97,4 sz\u00e1zal\u00e9kos hullad\u00e9k-\u00fajrahasznos\u00edt\u00e1si ar\u00e1ny.<\/p>\n<p>A munkat\u00e1rsak a k\u00f6rnyezet- \u00e9s kl\u00edmav\u00e9delem jegy\u00e9ben eddig 2278 darab f\u00e1t \u00fcltettek a gy\u00e1r ter\u00fclet\u00e9n \u00e9s \u00faj hullad\u00e9ksziget-koncepci\u00f3t vezettek be a hullad\u00e9k optim\u00e1lis sz\u00e9tv\u00e1logat\u00e1s\u00e1nak t\u00e1mogat\u00e1s\u00e1ra. A gy\u00e1rt\u00e1s sor\u00e1n bevezetett t\u00f6bb \u00faj\u00edt\u00e1s k\u00f6z\u00fcl pedig a fel\u00fcletkezel\u0151 \u00fczemben p\u00e9ld\u00e1ul &#8211; a sz\u00ednblokkok n\u00f6vel\u00e9s\u00e9nek k\u00f6sz\u00f6nhet\u0151en \u2013 siker\u00fclt az old\u00f3szeres alap\u00fa foly\u00e9kony hullad\u00e9kot cs\u00f6kkenteni.<\/p>\n<p>A modern \u00e9s folyamatosan tov\u00e1bbfejlesztett ipar 4.0 technol\u00f3gi\u00e1k alapvet\u0151en a Mercedes-Benz Cars valamennyi gy\u00e1rt\u00e1si helysz\u00edne sz\u00e1m\u00e1ra meghat\u00e1roz\u00f3 jelent\u0151s\u00e9g\u0171ek \u2013 \u00edgy a kecskem\u00e9ti gy\u00e1r sz\u00e1m\u00e1ra is. A pap\u00edr alap\u00fa dokumentumokat, p\u00e9ld\u00e1ul a gy\u00e1rt\u00f3soron haszn\u00e1lt k\u00eds\u00e9r\u0151dokumentumokat \u00e9s a bels\u0151 folyamatok tan\u00fas\u00edtv\u00e1nyait, fokozatosan digit\u00e1lis megold\u00e1sok v\u00e1ltj\u00e1k ki.<\/p>\n<p>\u201eA \u201e#Green. #Besser. #Kecskem\u00e9t\u201c programmal nem egyetlen projekttel p\u00e1ly\u00e1ztunk, hanem a kecskem\u00e9ti gy\u00e1r termel\u00e9s\u00e9nek elindul\u00e1sa \u00f3ta eltelt csaknem 8 \u00e9vben v\u00e9gzett sikeres munk\u00e1j\u00e1val. \u00a0Ide \u00e9rtj\u00fck a k\u00f6rnyezet- \u00e9s munkav\u00e9delem ter\u00fclet\u00e9n tett int\u00e9zked\u00e9seinket, t\u00e1rsadalmi felel\u0151ss\u00e9gv\u00e1llal\u00e1si projektjeinket \u00e9s a z\u00f6ldebb, \u00e9lhet\u0151bb k\u00f6rnyezet kialak\u00edt\u00e1s\u00e1\u00e9rt \u2013 a v\u00e1rossal val\u00f3 szoros egy\u00fcttm\u0171k\u00f6d\u00e9sben \u2013 tett er\u0151fesz\u00edt\u00e9seinket\u201c \u2013 mondta Kov\u00e1cs Tam\u00e1s, a Mercedes-Benz Manufacturing Hungary Kft. m\u0171szaki igazgat\u00f3ja.<\/p>\n<p>A k\u00f6rnyezetv\u00e9delem a csapat sz\u00e1m\u00e1ra nem csak a gy\u00e1r kapuj\u00e1ig terjed: hullad\u00e9kgy\u0171jt\u0151 akci\u00f3k, ker\u00e9kp\u00e1rutak ki\u00e9p\u00edt\u00e9se, valamint a munk\u00e1ba j\u00e1r\u00e1shoz sz\u00fcks\u00e9ges buszjegyek teljes k\u00f6lts\u00e9gt\u00e9r\u00edt\u00e9se \u2013 n\u00e9h\u00e1ny p\u00e9lda arra, hogyan teszik a munkat\u00e1rsak a gy\u00e1rat \u00e9s k\u00f6rnyezet\u00fcket hossz\u00fa t\u00e1von z\u00f6ldebb\u00e9 \u00e9s jobb\u00e1. A gyermekek k\u00f6rnyezettudatos nevel\u00e9s\u00e9nek r\u00e9szek\u00e9nt a kicsik m\u00e1r a Csillag b\u00f6lcs\u0151d\u00e9ben \u00e9s \u00f3vod\u00e1ban, valamint a Mercedes-Benz iskol\u00e1ban \u00e9rz\u00e9kenny\u00e9 \u00e9s tudatoss\u00e1 v\u00e1lnak a t\u00e9ma ir\u00e1nt a k\u00f6rnyezetv\u00e9delmi foglalkoz\u00e1soknak k\u00f6sz\u00f6nhet\u0151en.<\/p>\n<p>\u201eEz a d\u00edj nem csup\u00e1n a k\u00f6zvetlen\u00fcl a p\u00e1ly\u00e1zatban r\u00e9sztvev\u0151 koll\u00e9g\u00e1k er\u0151fesz\u00edt\u00e9s\u00e9nek az elismer\u00e9se, hanem valamennyi munkat\u00e1rs munk\u00e1j\u00e1nak megbecs\u00fcl\u00e9se, valamint a gy\u00e1r fenntarthat\u00f3s\u00e1gi strat\u00e9gi\u00e1j\u00e1nak visszaigazol\u00e1sa is egyben. Nagy k\u00f6sz\u00f6net illeti meg a teljes kecskem\u00e9ti csapatot, mindannyian nagyon b\u00fcszk\u00e9k lehet\u00fcnk erre a kit\u00fcntet\u00e9sre\u201c \u2013 nyilatkozta Christian Wolff, a Mercedes-Benz Manufacturing Hungary Kft. \u00fcgyvezet\u0151 igazgat\u00f3ja.<\/p>\n<p>&nbsp;<\/p>\n<p><strong>A Mercedes-Benz kecskem\u00e9ti gy\u00e1ra<\/strong><\/p>\n<p>A kecskem\u00e9ti Mercedes-Benz gy\u00e1r jelenleg mintegy 4.700 munkat\u00e1rsat foglalkoztat. 2018-ban t\u00f6bb mint 190.000 Mercedes-Benz kompakt aut\u00f3t \u00e1ll\u00edtottak el\u0151. Els\u0151 modellk\u00e9nt 2012-ben a Mercedes-Benz B-oszt\u00e1lya g\u00f6rd\u00fclt le a szalagr\u00f3l. Ezt k\u00f6vette 2013-ban a n\u00e9gyajt\u00f3s kompakt CLA kup\u00e9, majd 2015-ben a CLA Shooting Brake.\u00a0 Ez ut\u00f3bbi k\u00e9t modellt az eg\u00e9sz vil\u00e1gon kiz\u00e1r\u00f3lag Kecskem\u00e9ten gy\u00e1rtj\u00e1k. 2018 m\u00e1jusa \u00f3ta az \u00faj A-oszt\u00e1ly eg\u00e9sz\u00edti ki a magyar gy\u00e1rt\u00f3helysz\u00edn term\u00e9kpalett\u00e1j\u00e1t, amely a B-oszt\u00e1lyt v\u00e1ltotta. 2019 febru\u00e1rj\u00e1t\u00f3l a CLA Coup\u00e9, j\u00faniust\u00f3l pedig a testv\u00e9rmodell CLA Shooting Brake \u00faj gener\u00e1ci\u00f3j\u00e1t is a magyarorsz\u00e1gi telephelyen gy\u00e1rtj\u00e1k.\u00a02019-ben harmadszor indult el sikeres sorozatgy\u00e1rt\u00e1s, amikor a Mercedes-AMG Performance 3 modellje g\u00f6rd\u00fclt le a gy\u00e1rt\u00f3szalagr\u00f3l.<\/p>\n","protected":false},"excerpt":{"rendered":"<p>20 \u00e9ves az Environmental Leadership Award: a kiemelked\u0151 v\u00e1llalati k\u00f6rnyezetv\u00e9delmi projektek \u00e9s kezdem\u00e9nyez\u0151ik ism\u00e9t a figyelem k\u00f6z\u00e9ppontj\u00e1ba ker\u00fcltek. A Mercedes-Benz magyar gy\u00e1r\u00e1t Stuttgartban, febru\u00e1r 13-\u00e1n t\u00fcntett\u00e9k ki a Daimler Environmental Leadership Award (ELA) nyertesek\u00e9nt.<\/p>\n","protected":false},"author":1,"featured_media":0,"comment_status":"closed","ping_status":"open","sticky":false,"template":"","format":"standard","meta":[],"categories":[19],"tags":[],"_links":{"self":[{"href":"https:\/\/gazdasagportal.hu\/index.php\/wp-json\/wp\/v2\/posts\/124116"}],"collection":[{"href":"https:\/\/gazdasagportal.hu\/index.php\/wp-json\/wp\/v2\/posts"}],"about":[{"href":"https:\/\/gazdasagportal.hu\/index.php\/wp-json\/wp\/v2\/types\/post"}],"author":[{"embeddable":true,"href":"https:\/\/gazdasagportal.hu\/index.php\/wp-json\/wp\/v2\/users\/1"}],"replies":[{"embeddable":true,"href":"https:\/\/gazdasagportal.hu\/index.php\/wp-json\/wp\/v2\/comments?post=124116"}],"version-history":[{"count":1,"href":"https:\/\/gazdasagportal.hu\/index.php\/wp-json\/wp\/v2\/posts\/124116\/revisions"}],"predecessor-version":[{"id":124117,"href":"https:\/\/gazdasagportal.hu\/index.php\/wp-json\/wp\/v2\/posts\/124116\/revisions\/124117"}],"wp:attachment":[{"href":"https:\/\/gazdasagportal.hu\/index.php\/wp-json\/wp\/v2\/media?parent=124116"}],"wp:term":[{"taxonomy":"category","embeddable":true,"href":"https:\/\/gazdasagportal.hu\/index.php\/wp-json\/wp\/v2\/categories?post=124116"},{"taxonomy":"post_tag","embeddable":true,"href":"https:\/\/gazdasagportal.hu\/index.php\/wp-json\/wp\/v2\/tags?post=124116"}],"curies":[{"name":"wp","href":"https:\/\/api.w.org\/{rel}","templated":true}]}}