{"id":124092,"date":"2020-02-20T13:54:26","date_gmt":"2020-02-20T12:54:26","guid":{"rendered":"http:\/\/gazdasagportal.hu\/?p=124092"},"modified":"2020-02-20T13:54:26","modified_gmt":"2020-02-20T12:54:26","slug":"novekvo-arbevetel-ellenere-30-szazalekkal-nott-az-air-france-klm-vesztesege-2019-ben","status":"publish","type":"post","link":"https:\/\/gazdasagportal.hu\/index.php\/novekvo-arbevetel-ellenere-30-szazalekkal-nott-az-air-france-klm-vesztesege-2019-ben\/","title":{"rendered":"N\u00f6vekv\u0151 \u00e1rbev\u00e9tel ellen\u00e9re 30 sz\u00e1zal\u00e9kkal n\u0151tt az Air France-KLM vesztes\u00e9ge 2019-ben"},"content":{"rendered":"<p><strong>A n\u00f6vekv\u0151 \u00e1rbev\u00e9tel ellen\u00e9re 30 sz\u00e1zal\u00e9kkal cs\u00f6kkent az Air France-KLM csoport ad\u00f3zott eredm\u00e9nye tavaly az egy \u00e9vvel kor\u00e1bbihoz k\u00e9pest.<\/strong><!--more--><\/p>\n<div class=\"ads-in-post1\"><div id=\"gazdasagportal.hu_fullbanner_wideboard\"><\/div>\r\n<\/div>\n<p>    El\u0151rejelz\u00e9s\u00e9ben az Air France-KLM azt \u00edrta, a koronav\u00edrus miatti k\u00f6zleked\u00e9si korl\u00e1toz\u00e1sok els\u0151sorban az \u00e1zsiai piacokat \u00e9rintik, \u00e9s emiatt az els\u0151 negyed\u00e9vben az egys\u00e9gbev\u00e9telek cs\u00f6kken\u00e9s\u00e9re sz\u00e1m\u00edtanak. A febru\u00e1r-\u00e1prilisi id\u0151szakban mintegy 150-200 milli\u00f3 eur\u00f3s k\u00e1rral sz\u00e1mol a francia-holland t\u00e1rsas\u00e1g.<br \/>\n    A c\u00e9g honlapj\u00e1n cs\u00fct\u00f6rt\u00f6k\u00f6n k\u00f6zz\u00e9tett eredm\u00e9nykimutat\u00e1s szerint az Air France, a KLM \u00e9s a diszkont Transavia 2,7 sz\u00e1zal\u00e9kkal 104 milli\u00f3ra n\u00f6velte \u00e9ves utasforgalm\u00e1t, ennek is k\u00f6sz\u00f6nhet\u0151en az \u00e1rbev\u00e9tel 3,7 sz\u00e1zal\u00e9kkal 27,1 milli\u00e1rd eur\u00f3ra javult.<br \/>\n<div class=\"ads-in-post2\"><script async src=\"https:\/\/pagead2.googlesyndication.com\/pagead\/js\/adsbygoogle.js\"><\/script>\r\n<ins class=\"adsbygoogle\"\r\n     style=\"display:block\"\r\n     data-ad-format=\"fluid\"\r\n     data-ad-layout-key=\"-6t+ed+2i-1n-4w\"\r\n     data-ad-client=\"ca-pub-1959107119989764\"\r\n     data-ad-slot=\"4008251320\"><\/ins>\r\n<script>\r\n     (adsbygoogle = window.adsbygoogle || []).push({});\r\n<\/script><\/div>\n    Az \u00fczemi eredm\u00e9ny ugyanakkor 18 sz\u00e1zal\u00e9kkal 1,1 milli\u00e1rd eur\u00f3ra, az ad\u00f3zott eredm\u00e9ny pedig 33 sz\u00e1zal\u00e9kkal 270 milli\u00f3 eur\u00f3ra romlott az egy \u00e9vvel kor\u00e1bbihoz k\u00e9pest. A t\u00e1rsas\u00e1g k\u00f6zl\u00e9se szerint ennek h\u00e1tter\u00e9ben els\u0151sorban a magasabb kerozin\u00e1r, illetve a ki\u00e9lez\u0151d\u0151 versenyhelyzet h\u00faz\u00f3dik meg.<br \/>\n    A l\u00e9git\u00e1rsas\u00e1gi bont\u00e1s szerint az Air France 280 milli\u00f3 eur\u00f3s \u00fczemi eredm\u00e9nnyel z\u00e1rt, ami 12,8 sz\u00e1zal\u00e9kkal alacsonyabb, mint 2018-ban. A KLM 21,8 sz\u00e1zal\u00e9kkal rosszabb \u00fczemi eredm\u00e9nyr\u0151l adott sz\u00e1mot, a holland kir\u00e1lyi l\u00e9git\u00e1rsas\u00e1g azonban m\u00e9g \u00edgy is 853 milli\u00f3 eur\u00f3s nyeres\u00e9ggel z\u00e1rt.(MTI)<\/p>\n","protected":false},"excerpt":{"rendered":"<p>A n\u00f6vekv\u0151 \u00e1rbev\u00e9tel ellen\u00e9re 30 sz\u00e1zal\u00e9kkal cs\u00f6kkent az Air France-KLM csoport ad\u00f3zott eredm\u00e9nye tavaly az egy \u00e9vvel kor\u00e1bbihoz k\u00e9pest.<\/p>\n","protected":false},"author":1,"featured_media":0,"comment_status":"closed","ping_status":"open","sticky":false,"template":"","format":"standard","meta":[],"categories":[8],"tags":[],"_links":{"self":[{"href":"https:\/\/gazdasagportal.hu\/index.php\/wp-json\/wp\/v2\/posts\/124092"}],"collection":[{"href":"https:\/\/gazdasagportal.hu\/index.php\/wp-json\/wp\/v2\/posts"}],"about":[{"href":"https:\/\/gazdasagportal.hu\/index.php\/wp-json\/wp\/v2\/types\/post"}],"author":[{"embeddable":true,"href":"https:\/\/gazdasagportal.hu\/index.php\/wp-json\/wp\/v2\/users\/1"}],"replies":[{"embeddable":true,"href":"https:\/\/gazdasagportal.hu\/index.php\/wp-json\/wp\/v2\/comments?post=124092"}],"version-history":[{"count":1,"href":"https:\/\/gazdasagportal.hu\/index.php\/wp-json\/wp\/v2\/posts\/124092\/revisions"}],"predecessor-version":[{"id":124093,"href":"https:\/\/gazdasagportal.hu\/index.php\/wp-json\/wp\/v2\/posts\/124092\/revisions\/124093"}],"wp:attachment":[{"href":"https:\/\/gazdasagportal.hu\/index.php\/wp-json\/wp\/v2\/media?parent=124092"}],"wp:term":[{"taxonomy":"category","embeddable":true,"href":"https:\/\/gazdasagportal.hu\/index.php\/wp-json\/wp\/v2\/categories?post=124092"},{"taxonomy":"post_tag","embeddable":true,"href":"https:\/\/gazdasagportal.hu\/index.php\/wp-json\/wp\/v2\/tags?post=124092"}],"curies":[{"name":"wp","href":"https:\/\/api.w.org\/{rel}","templated":true}]}}