{"id":124056,"date":"2020-02-19T15:37:33","date_gmt":"2020-02-19T14:37:33","guid":{"rendered":"http:\/\/gazdasagportal.hu\/?p=124056"},"modified":"2020-02-19T14:38:52","modified_gmt":"2020-02-19T13:38:52","slug":"tamogatjuk-az-italcsomagolasok-minel-nagyobb-aranyu-visszagyujteset-es-hasznositasat","status":"publish","type":"post","link":"https:\/\/gazdasagportal.hu\/index.php\/tamogatjuk-az-italcsomagolasok-minel-nagyobb-aranyu-visszagyujteset-es-hasznositasat\/","title":{"rendered":"T\u00e1mogatjuk az italcsomagol\u00e1sok min\u00e9l nagyobb ar\u00e1ny\u00fa  visszagy\u0171jt\u00e9s\u00e9t \u00e9s hasznos\u00edt\u00e1s\u00e1t"},"content":{"rendered":"<p><strong>A Magyar \u00c1sv\u00e1nyv\u00edz, Gy\u00fcm\u00f6lcsl\u00e9 \u00e9s \u00dcd\u00edt\u0151ital Sz\u00f6vets\u00e9g \u00e9s tagv\u00e1llalataink t\u00e1mogatnak minden olyan korm\u00e1nyzati kezdem\u00e9nyez\u00e9st, amely lehet\u0151v\u00e9 teszi a m\u0171anyag \u00e9s alum\u00ednium palackok min\u00e9l nagyobb ar\u00e1ny\u00fa visszagy\u0171jt\u00e9s\u00e9t, \u00e9s azok ism\u00e9telten italcsomagol\u00e1sk\u00e9nt t\u00f6rt\u00e9n\u0151 felhaszn\u00e1l\u00e1s\u00e1t. J<\/strong><strong>avasoljuk ez\u00e9rt egy a korm\u00e1nyzat, az italgy\u00e1rt\u00f3 v\u00e1llalatok \u00e9s a kereskedelmi szektor k\u00e9pvisel\u0151ib\u0151l \u00e1ll\u00f3 munkacsoport mihamarabbi fel\u00e1ll\u00edt\u00e1s\u00e1t, amely k\u00f6z\u00f6sen hat\u00e1rozn\u00e1 meg az italcsomagol\u00e1sok min\u00e9l nagyobb ar\u00e1ny\u00fa visszagy\u0171jt\u00e9s\u00e9t lehet\u0151v\u00e9 tev\u0151 rendszer kialak\u00edt\u00e1s\u00e1t.\u00a0<\/strong><strong>\u00a0<\/strong><!--more--><\/p>\n<div class=\"ads-in-post1\"><div id=\"gazdasagportal.hu_fullbanner_wideboard\"><\/div>\r\n<\/div>\n<p>&nbsp;<\/p>\n<p>Az \u00e1sv\u00e1nyv\u00edz \u00e9s \u00fcd\u00edt\u0151italipar abban a k\u00fcl\u00f6nleges helyzetben van, hogy az elk\u00f6vetkez\u0151 \u00e9vekben az els\u0151 teljesen k\u00f6rforg\u00e1sos, azaz hullad\u00e9kmentesen m\u0171k\u00f6d\u0151 ipar\u00e1gg\u00e1 v\u00e1ljon, hiszen valamennyi az \u00e1gazatunk \u00e1ltal haszn\u00e1lt csomagol\u00f3anyag 100%-ban \u00fajrahasznos\u00edthat\u00f3, azaz alkalmas arra, hogy haszn\u00e1lat ut\u00e1n ism\u00e9telten italospalackk\u00e1 v\u00e1ljon.<\/p><div id=\"gazda-360337426\" class=\"gazda-tartalomban gazda-entity-placement\"><script async src=\"https:\/\/pagead2.googlesyndication.com\/pagead\/js\/adsbygoogle.js\"><\/script>\r\n<ins class=\"adsbygoogle\"\r\n     style=\"display:block\"\r\n     data-ad-format=\"fluid\"\r\n     data-ad-layout-key=\"-6t+ed+2i-1n-4w\"\r\n     data-ad-client=\"ca-pub-1959107119989764\"\r\n     data-ad-slot=\"4008251320\"><\/ins>\r\n<script>\r\n     (adsbygoogle = window.adsbygoogle || []).push({});\r\n<\/script><\/div>\n<p>&nbsp;<\/p>\n<p>Sz\u00f6vets\u00e9g\u00fcnk \u00e9s tagv\u00e1llalataink t\u00e1mogatnak ez\u00e9rt minden olyan korm\u00e1nyzati kezdem\u00e9nyez\u00e9st, ak\u00e1r a k\u00f6telez\u0151 bet\u00e9td\u00edj bevezet\u00e9s\u00e9t is, amely lehet\u0151v\u00e9 teszi a m\u0171anyag \u00e9s alum\u00ednium palackok min\u00e9l nagyobb ar\u00e1ny\u00fa visszagy\u0171jt\u00e9s\u00e9t, \u00e9s azok ism\u00e9telten italcsomagol\u00e1sk\u00e9nt t\u00f6rt\u00e9n\u0151 felhaszn\u00e1l\u00e1s\u00e1t, \u00e9s amely a k\u00f6rforg\u00e1sos gazdas\u00e1g megval\u00f3s\u00edt\u00e1s\u00e1nak fontos eleme lehet.<\/p>\n<p>&nbsp;<\/p>\n<p>Sz\u00f6vets\u00e9g\u00fcnk javasolja ez\u00e9rt egy a korm\u00e1nyzat, az italgy\u00e1rt\u00f3 v\u00e1llalatok \u00e9s a kereskedelmi szektor k\u00e9pvisel\u0151ib\u0151l \u00e1ll\u00f3 munkacsoport mihamarabbi fel\u00e1ll\u00edt\u00e1s\u00e1t, amely k\u00f6z\u00f6sen hat\u00e1rozn\u00e1 meg az italcsomagol\u00e1sok min\u00e9l nagyobb ar\u00e1ny\u00fa visszagy\u0171jt\u00e9s\u00e9t lehet\u0151v\u00e9 tev\u0151 rendszer kialak\u00edt\u00e1s\u00e1t. Sz\u00f6vets\u00e9g\u00fcnk \u00e9s a szelekt\u00edv gy\u0171jt\u00e9si rendszerek m\u0171k\u00f6dtet\u00e9s\u00e9ben sz\u00e9les nemzetk\u00f6zi tapasztalattal rendelkez\u0151 tagv\u00e1llalataink k\u00e9szs\u00e9ggel venn\u00e9nek r\u00e9szt ennek munk\u00e1j\u00e1ban.<\/p>\n<p>Ipar\u00e1gunk innov\u00e1ci\u00f3s tev\u00e9kenys\u00e9g\u00e9nek k\u00f6sz\u00f6nhet\u0151en az \u00e1gazatunk \u00e1ltal haszn\u00e1lt m\u0171anyag palackok \u00e1tlags\u00falya 20 sz\u00e1zal\u00e9kkal cs\u00f6kkent a 2010-es \u00e9rt\u00e9kekhez k\u00e9pest, a PET palackok \u00edgy\u00a0az \u00f6sszes magyarorsz\u00e1gi csomagol\u00e1si hullad\u00e9k mind\u00f6ssze 3 %-\u00e1t teszik ki.\u00a0Tagv\u00e1llalataink az \u00e1llamnak fizetend\u0151 k\u00f6rnyezetv\u00e9delmi term\u00e9kd\u00edj rendszeren kereszt\u00fcl tov\u00e1bb\u00e1 \u00e9vente mintegy 3 milli\u00e1rd forinttal j\u00e1rulnak hozz\u00e1 az italcsomagol\u00e1sok min\u00e9l nagyobb ar\u00e1ny\u00fa szelekt\u00edv gy\u0171jt\u00e9s\u00e9hez \u00e9s hasznos\u00edt\u00e1s\u00e1hoz.<\/p>\n<div class=\"ads-in-post2\"><script async src=\"https:\/\/pagead2.googlesyndication.com\/pagead\/js\/adsbygoogle.js\"><\/script>\r\n<ins class=\"adsbygoogle\"\r\n     style=\"display:block\"\r\n     data-ad-format=\"fluid\"\r\n     data-ad-layout-key=\"-6t+ed+2i-1n-4w\"\r\n     data-ad-client=\"ca-pub-1959107119989764\"\r\n     data-ad-slot=\"4008251320\"><\/ins>\r\n<script>\r\n     (adsbygoogle = window.adsbygoogle || []).push({});\r\n<\/script><\/div>\nSz\u00f6vets\u00e9g\u00fcnk nemr\u00e9giben egy 2030-ig sz\u00f3l\u00f3 fenntarthat\u00f3s\u00e1gi v\u00e1llal\u00e1si rendszert is elfogadott az italcsomagol\u00e1sok min\u00e9l nagyobb ar\u00e1ny\u00fa szelekt\u00edv gy\u0171jt\u00e9s\u00e9re, illetve az \u00fajrahasznos\u00edtott m\u0171anyag alapanyagok mennyis\u00e9g\u00e9nek n\u00f6vel\u00e9s\u00e9re. C\u00e9lul t\u0171zt\u00fck ki, hogy a tagv\u00e1llalataink \u00e1ltal gy\u00e1rtott \u00e9s forgalmazott PET palackokn\u00e1l 2025-ig 30 sz\u00e1zal\u00e9kra, 2030-ig pedig 50 sz\u00e1zal\u00e9kra n\u00f6velj\u00fck az \u00fajrahasznos\u00edtott m\u0171anyagok felhaszn\u00e1l\u00e1si ar\u00e1ny\u00e1t.<\/p>\n<p>Sz\u00f6vets\u00e9g\u00fcnk szerint indokolt lenne, hogy egy PET palack \u00fajrahasznos\u00edt\u00f3 \u00fczem j\u00f6jj\u00f6n l\u00e9tre Magyarorsz\u00e1gon, amelynek term\u00e9keit a hazai c\u00e9gek ism\u00e9telten italcsomagol\u00e1sok gy\u00e1rt\u00e1s\u00e1ra tudn\u00e1nak felhaszn\u00e1lni. Ehhez kapcsol\u00f3d\u00f3an javasoljuk az \u00fajrahasznos\u00edtott alapanyagokb\u00f3l k\u00e9sz\u00fcl\u0151 csomagol\u00f3anyagok t\u00e9rnyer\u00e9s\u00e9t t\u00e1mogat\u00f3 \u00f6szt\u00f6nz\u0151k bevezet\u00e9s\u00e9t is.<\/p>\n<p>Mindezek mellett az \u00e1sv\u00e1nyvizes \u00e9s \u00fcd\u00edt\u0151italos c\u00e9gek v\u00e1llal\u00e1st tettek arra is, hogy saj\u00e1t marketing eszk\u00f6zeikkel is \u00f6szt\u00f6n\u00f6zni fogj\u00e1k a csomagol\u00f3anyagok k\u00f6rforg\u00e1s\u00e1t. Ennek megfelel\u0151en 2020-t\u00f3l valamennyi tagv\u00e1llalatunk\u00a0saj\u00e1t kommunik\u00e1ci\u00f3s kamp\u00e1nyt kezd \u00e9s tart fenn az italos palackok \u00e9s dobozok szelekt\u00edv gy\u0171jt\u00e9s\u00e9nek n\u00e9pszer\u0171s\u00edt\u00e9s\u00e9re. T\u00f6bb tagv\u00e1llalatunk m\u00e1r el is ind\u00edtotta saj\u00e1t kamp\u00e1ny\u00e1t a palackok c\u00edmk\u00e9in \u00e9s rekl\u00e1mjaiban.<\/p>\n<p><strong>A Magyar \u00c1sv\u00e1nyv\u00edz, Gy\u00fcm\u00f6lcsl\u00e9 \u00e9s \u00dcd\u00edt\u0151ital Sz\u00f6vets\u00e9gr\u0151l<\/strong><\/p>\n<p>&nbsp;<\/p>\n<p>A Magyar \u00c1sv\u00e1nyv\u00edz, Gy\u00fcm\u00f6lcsl\u00e9 \u00e9s \u00dcd\u00edt\u0151ital Sz\u00f6vets\u00e9g, a magyarorsz\u00e1gi alkoholmentes italgy\u00e1rt\u00f3k szakmai \u00e9rdekv\u00e9delmi szervezete, amely a hazai \u00e1sv\u00e1nyv\u00edz-palackoz\u00f3k t\u00f6bb mint 95 sz\u00e1zal\u00e9k\u00e1t, az \u00fcd\u00edt\u0151ital- \u00e9s a gy\u00fcm\u00f6lcsl\u00e9gy\u00e1rt\u00f3k mintegy 80 sz\u00e1zal\u00e9k\u00e1t k\u00e9pviseli. Tagv\u00e1llalataink \u00e9ves szinten mintegy 250 milli\u00e1rd forint termel\u00e9si \u00e9rt\u00e9ket \u00e1ll\u00edtanak el\u0151 \u00e9s k\u00f6zvetlen\u00fcl 4.000 embert foglalkoztatnak Magyarorsz\u00e1gon.<\/p>\n","protected":false},"excerpt":{"rendered":"<p>A Magyar \u00c1sv\u00e1nyv\u00edz, Gy\u00fcm\u00f6lcsl\u00e9 \u00e9s \u00dcd\u00edt\u0151ital Sz\u00f6vets\u00e9g \u00e9s tagv\u00e1llalataink t\u00e1mogatnak minden olyan korm\u00e1nyzati kezdem\u00e9nyez\u00e9st, amely lehet\u0151v\u00e9 teszi a m\u0171anyag \u00e9s alum\u00ednium palackok min\u00e9l nagyobb ar\u00e1ny\u00fa visszagy\u0171jt\u00e9s\u00e9t, \u00e9s azok ism\u00e9telten italcsomagol\u00e1sk\u00e9nt t\u00f6rt\u00e9n\u0151 felhaszn\u00e1l\u00e1s\u00e1t. Javasoljuk ez\u00e9rt egy a korm\u00e1nyzat, az italgy\u00e1rt\u00f3 v\u00e1llalatok \u00e9s a kereskedelmi szektor k\u00e9pvisel\u0151ib\u0151l \u00e1ll\u00f3 munkacsoport mihamarabbi fel\u00e1ll\u00edt\u00e1s\u00e1t, amely k\u00f6z\u00f6sen hat\u00e1rozn\u00e1 meg az italcsomagol\u00e1sok &#8230;<\/p>\n","protected":false},"author":1,"featured_media":0,"comment_status":"closed","ping_status":"open","sticky":false,"template":"","format":"standard","meta":[],"categories":[4,19],"tags":[],"_links":{"self":[{"href":"https:\/\/gazdasagportal.hu\/index.php\/wp-json\/wp\/v2\/posts\/124056"}],"collection":[{"href":"https:\/\/gazdasagportal.hu\/index.php\/wp-json\/wp\/v2\/posts"}],"about":[{"href":"https:\/\/gazdasagportal.hu\/index.php\/wp-json\/wp\/v2\/types\/post"}],"author":[{"embeddable":true,"href":"https:\/\/gazdasagportal.hu\/index.php\/wp-json\/wp\/v2\/users\/1"}],"replies":[{"embeddable":true,"href":"https:\/\/gazdasagportal.hu\/index.php\/wp-json\/wp\/v2\/comments?post=124056"}],"version-history":[{"count":1,"href":"https:\/\/gazdasagportal.hu\/index.php\/wp-json\/wp\/v2\/posts\/124056\/revisions"}],"predecessor-version":[{"id":124057,"href":"https:\/\/gazdasagportal.hu\/index.php\/wp-json\/wp\/v2\/posts\/124056\/revisions\/124057"}],"wp:attachment":[{"href":"https:\/\/gazdasagportal.hu\/index.php\/wp-json\/wp\/v2\/media?parent=124056"}],"wp:term":[{"taxonomy":"category","embeddable":true,"href":"https:\/\/gazdasagportal.hu\/index.php\/wp-json\/wp\/v2\/categories?post=124056"},{"taxonomy":"post_tag","embeddable":true,"href":"https:\/\/gazdasagportal.hu\/index.php\/wp-json\/wp\/v2\/tags?post=124056"}],"curies":[{"name":"wp","href":"https:\/\/api.w.org\/{rel}","templated":true}]}}