{"id":124051,"date":"2020-02-19T14:08:38","date_gmt":"2020-02-19T13:08:38","guid":{"rendered":"http:\/\/gazdasagportal.hu\/?p=124051"},"modified":"2020-02-19T14:08:38","modified_gmt":"2020-02-19T13:08:38","slug":"valtozatlan-bevetelre-szamit-az-iden-a-magyar-telekom","status":"publish","type":"post","link":"https:\/\/gazdasagportal.hu\/index.php\/valtozatlan-bevetelre-szamit-az-iden-a-magyar-telekom\/","title":{"rendered":"V\u00e1ltozatlan bev\u00e9telre sz\u00e1m\u00edt az id\u00e9n a Magyar Telekom"},"content":{"rendered":"<p><strong>Nagyj\u00e1b\u00f3l v\u00e1ltozatlan \u00e1rbev\u00e9telre sz\u00e1m\u00edt a Magyar Telekom id\u00e9n \u00e9s j\u00f6v\u0151re &#8211; mondta Szab\u00f3 J\u00e1nos, a Magyar Telekom gazdas\u00e1gi vez\u00e9rigazgat\u00f3-helyettese a c\u00e9g \u00e9ves eredm\u00e9nyeit \u00e9rt\u00e9kel\u0151 sajt\u00f3t\u00e1j\u00e9koztat\u00f3n szerd\u00e1n Budapesten.<\/strong><!--more--><\/p>\n<div class=\"ads-in-post1\"><div id=\"gazdasagportal.hu_fullbanner_wideboard\"><\/div>\r\n<\/div>\n<p>    Hozz\u00e1tette: tavaly er\u0151s \u00e9vet z\u00e1rtak, csaknem minden c\u00e9l teljes\u00fclt, az \u00f6sszes bev\u00e9tel 4,1 sz\u00e1zal\u00e9kkal 182,3 milli\u00e1rd forintra n\u0151tt a negyedik negyed\u00e9vben. Tavaly eg\u00e9sz \u00e9vben 1,5 sz\u00e1zal\u00e9kkal 666,7 milli\u00e1rd forintra emelkedett a csoport szint\u0171 \u00e1rbev\u00e9tel.<br \/>\n    Arra, hogy a kor\u00e1bban jelzett 27 forinthoz k\u00e9pest az igazgat\u00f3s\u00e1g a 2019-es \u00fczleti \u00e9v ut\u00e1n r\u00e9szv\u00e9nyenk\u00e9nt mi\u00e9rt kevesebb, 20 forint osztal\u00e9k fizet\u00e9s\u00e9t javasolja a k\u00f6zgy\u0171l\u00e9snek a vez\u00e9rigazgat\u00f3-helyettes azt mondta: v\u00e1rhat\u00f3 frekvenciatenderek \u00e9s lej\u00e1r\u00f3 jogosults\u00e1gok miatt \u00f3vatos a menedzsment, egy \u00e9ven bel\u00fcl k\u00e9t frekvenciatender is lesz, erre felk\u00e9sz\u00fclt a Telekom.<br \/>\n    Hozz\u00e1tette, hgoy az idei \u00fczleti \u00e9v ut\u00e1ni osztal\u00e9kr\u00f3l nem adnak el\u0151rejelz\u00e9st. K\u00f6z\u00f6lte azt is, hogy az igazgat\u00f3s\u00e1g d\u00f6nt\u00e9st hozott egy 5,2 milli\u00e1rd forint \u00e9rt\u00e9k\u0171 r\u00e9szv\u00e9ny-visszav\u00e1s\u00e1rl\u00e1si program ind\u00edt\u00e1s\u00e1r\u00f3l, amelyre szint\u00e9n felhatalmaz\u00e1st kell kapnia az \u00e9ves k\u00f6zgy\u0171l\u00e9st\u0151l.<br \/>\n<div class=\"ads-in-post2\"><script async src=\"https:\/\/pagead2.googlesyndication.com\/pagead\/js\/adsbygoogle.js\"><\/script>\r\n<ins class=\"adsbygoogle\"\r\n     style=\"display:block\"\r\n     data-ad-format=\"fluid\"\r\n     data-ad-layout-key=\"-6t+ed+2i-1n-4w\"\r\n     data-ad-client=\"ca-pub-1959107119989764\"\r\n     data-ad-slot=\"4008251320\"><\/ins>\r\n<script>\r\n     (adsbygoogle = window.adsbygoogle || []).push({});\r\n<\/script><\/div>\n    A tavalyi bev\u00e9telekr\u0151l sz\u00f3lva Szab\u00f3 J\u00e1nos elmondta, hogy a rendszerintegr\u00e1ci\u00f3s piacon tapasztalt megtorpan\u00e1s a cs\u00f6kken\u0151 megrendel\u00e9sek, a k\u00f6zszf\u00e9ra megrendel\u00e9seinek \u00e1talak\u00edt\u00e1sa, befagyaszt\u00e1sa miatt k\u00f6vetkezett be. Hozz\u00e1tette, hogy sz\u00e1mos \u00faj szerepl\u0151 jelent meg a k\u00f6zszf\u00e9ra informatikai piac\u00e1n, ez\u00e9rt itt er\u0151sebb versenyre kell k\u00e9sz\u00fclni\u00fck.<br \/>\n    Kit\u00e9rt arra, hogy h\u00e1l\u00f3zatfejleszt\u00e9sre, a CAPEX k\u00f6lt\u00e9sre (beruh\u00e1z\u00e1s t\u00e1rgyi eszk\u00f6z\u00f6kbe \u00e9s immateri\u00e1lis javakba) id\u00e9n is a tavalyihoz hasonl\u00f3 k\u00f6zel 90 milli\u00e1rd forintot terveznek k\u00f6lteni. A h\u00e1l\u00f3zatfejleszt\u00e9sekkel a kor\u00e1bbi rezes vezet\u00e9kes h\u00e1l\u00f3zati elemeket fokozatosan optikai h\u00e1l\u00f3zattal v\u00e1ltj\u00e1k fel, Magyarorsz\u00e1gon m\u00e1r 1,9 milli\u00f3 el\u00e9r\u00e9si ponton van gigabites h\u00e1l\u00f3zat.<br \/>\n    Hozz\u00e1tette: az 5G-hez h\u00e1l\u00f3zatra \u00e9s frekvenci\u00e1ra van sz\u00fcks\u00e9g, vannak kisebb fejleszt\u00e9sek, m\u00e1r m\u0171k\u00f6dik 5G teszt szolg\u00e1ltat\u00e1s Zalaegerszegen. A Telekom tov\u00e1bbra is az els\u0151 integr\u00e1lt szolg\u00e1ltat\u00f3 akar maradni.<br \/>\n    Maced\u00f3ni\u00e1ban &#8211; ahol k\u00e9tszerepl\u0151s piac m\u0171k\u00f6dik &#8211; er\u0151s pozit\u00edv trend alakult ki, piacvezet\u0151 lett a c\u00e9g. Minden adott ahhoz, hogy ez folytat\u00f3djon id\u00e9n is &#8211; mondta Szab\u00f3 J\u00e1nos, aki febru\u00e1r 29-\u00e9n saj\u00e1t kezdem\u00e9nyez\u00e9s\u00e9re, 15 \u00e9v ut\u00e1n t\u00e1vozik a t\u00e1rsas\u00e1gt\u00f3l. Ut\u00f3dja, Darja Dodonova a Deutsche Telekomt\u00f3l \u00e9rkezik.<br \/>\n    A Telekom r\u00e9szv\u00e9nyeivel a B\u00c9T pr\u00e9mium kateg\u00f3ri\u00e1j\u00e1ban kereskednek, a pap\u00edr \u00e1rfolyama a jelent\u00e9s k\u00f6zz\u00e9t\u00e9tele ut\u00e1n jelent\u0151sen esett kedden, z\u00e1r\u00e1sra 7 forinttal, 1,55 sz\u00e1zal\u00e9kkal 446 forintra cs\u00f6kkent, forgalma 1,1 milli\u00e1rd forint volt. Az elm\u00falt egy \u00e9vben a r\u00e9szv\u00e9nyek legalacsonyabb \u00e1ra 406 forint, a legmagasabb 474 forint volt.(MTI)<\/p>\n","protected":false},"excerpt":{"rendered":"<p>Nagyj\u00e1b\u00f3l v\u00e1ltozatlan \u00e1rbev\u00e9telre sz\u00e1m\u00edt a Magyar Telekom id\u00e9n \u00e9s j\u00f6v\u0151re &#8211; mondta Szab\u00f3 J\u00e1nos, a Magyar Telekom gazdas\u00e1gi vez\u00e9rigazgat\u00f3-helyettese a c\u00e9g \u00e9ves eredm\u00e9nyeit \u00e9rt\u00e9kel\u0151 sajt\u00f3t\u00e1j\u00e9koztat\u00f3n szerd\u00e1n Budapesten.<\/p>\n","protected":false},"author":1,"featured_media":0,"comment_status":"closed","ping_status":"open","sticky":false,"template":"","format":"standard","meta":[],"categories":[7],"tags":[],"_links":{"self":[{"href":"https:\/\/gazdasagportal.hu\/index.php\/wp-json\/wp\/v2\/posts\/124051"}],"collection":[{"href":"https:\/\/gazdasagportal.hu\/index.php\/wp-json\/wp\/v2\/posts"}],"about":[{"href":"https:\/\/gazdasagportal.hu\/index.php\/wp-json\/wp\/v2\/types\/post"}],"author":[{"embeddable":true,"href":"https:\/\/gazdasagportal.hu\/index.php\/wp-json\/wp\/v2\/users\/1"}],"replies":[{"embeddable":true,"href":"https:\/\/gazdasagportal.hu\/index.php\/wp-json\/wp\/v2\/comments?post=124051"}],"version-history":[{"count":1,"href":"https:\/\/gazdasagportal.hu\/index.php\/wp-json\/wp\/v2\/posts\/124051\/revisions"}],"predecessor-version":[{"id":124052,"href":"https:\/\/gazdasagportal.hu\/index.php\/wp-json\/wp\/v2\/posts\/124051\/revisions\/124052"}],"wp:attachment":[{"href":"https:\/\/gazdasagportal.hu\/index.php\/wp-json\/wp\/v2\/media?parent=124051"}],"wp:term":[{"taxonomy":"category","embeddable":true,"href":"https:\/\/gazdasagportal.hu\/index.php\/wp-json\/wp\/v2\/categories?post=124051"},{"taxonomy":"post_tag","embeddable":true,"href":"https:\/\/gazdasagportal.hu\/index.php\/wp-json\/wp\/v2\/tags?post=124051"}],"curies":[{"name":"wp","href":"https:\/\/api.w.org\/{rel}","templated":true}]}}