{"id":124049,"date":"2020-02-19T13:09:53","date_gmt":"2020-02-19T12:09:53","guid":{"rendered":"http:\/\/gazdasagportal.hu\/?p=124049"},"modified":"2020-02-19T13:09:53","modified_gmt":"2020-02-19T12:09:53","slug":"koronavirus-kenyszeru-gyarbezarasoktol-tart-a-jaguar-land-rover-a-reszegyseg-beszallitas-elakadasa-miatt","status":"publish","type":"post","link":"https:\/\/gazdasagportal.hu\/index.php\/koronavirus-kenyszeru-gyarbezarasoktol-tart-a-jaguar-land-rover-a-reszegyseg-beszallitas-elakadasa-miatt\/","title":{"rendered":"Koronav\u00edrus &#8211; K\u00e9nyszer\u0171 gy\u00e1rbez\u00e1r\u00e1sokt\u00f3l tart a Jaguar Land Rover a r\u00e9szegys\u00e9g-besz\u00e1ll\u00edt\u00e1s elakad\u00e1sa miatt"},"content":{"rendered":"<p><strong>Nagy-britanniai gy\u00e1rainak k\u00e9nyszer\u0171 le\u00e1ll\u00edt\u00e1s\u00e1t\u00f3l tart a legnagyobb brit aut\u00f3gy\u00e1rt\u00f3 csoport, a Jaguar Land Rover, mivel az \u00faj t\u00edpus\u00fa koronav\u00edrus terjed\u00e9s\u00e9nek megf\u00e9kez\u00e9s\u00e9re hozott k\u00ednai korl\u00e1toz\u00f3 int\u00e9zked\u00e9sek miatt komoly fennakad\u00e1sok t\u00e1madtak a c\u00e9g r\u00e9szegys\u00e9g-besz\u00e1ll\u00edt\u00f3i h\u00e1l\u00f3zat\u00e1ban.<\/strong><!--more--><\/p>\n<div class=\"ads-in-post1\"><div id=\"gazdasagportal.hu_fullbanner_wideboard\"><\/div>\r\n<\/div>\n<p>    Sir Ralph Speth, a Jaguar Land Rover vez\u00e9rigazgat\u00f3ja a Financial Times c\u00edm\u0171 londoni \u00fczleti napilap szerdai besz\u00e1mol\u00f3ja szerint egy befektet\u0151i t\u00e1j\u00e9koztat\u00f3n elmondta, hogy a v\u00e1llalat sz\u00fcks\u00e9gmegold\u00e1sk\u00e9nt most m\u00e1r b\u0151r\u00f6nd\u00f6kben sz\u00e1ll\u00edtja Nagy-Britanni\u00e1ba a k\u00ednai gy\u00e1rt\u00f3kt\u00f3l az \u00f6sszeszerel\u00e9shez sz\u00fcks\u00e9ges r\u00e9szegys\u00e9geket.<br \/>\n    Sir Ralph szerint azonban \u00edgy is csak erre a h\u00e9tre \u00e9s a j\u00f6v\u0151 h\u00e9tre biztos\u00edtott az ell\u00e1t\u00e1s, a k\u00e9s\u0151bbi id\u0151szakokban m\u00e9g nehezebb\u00e9 v\u00e1lhat a K\u00edn\u00e1ban gy\u00e1rtott r\u00e9szegys\u00e9gek beszerz\u00e9se, \u00e9s \u00edgy a teljes termel\u00e9s vesz\u00e9lybe ker\u00fclhet a c\u00e9g h\u00e1rom nagy-britanniai gy\u00e1r\u00e1ban.<br \/>\n    A Jaguar Land Rover vezet\u0151je &#8211; aki a v\u00e1llalat elektromos aut\u00f3inak fejleszt\u00e9si programj\u00e1t bemutat\u00f3 rendezv\u00e9nyen besz\u00e9lt &#8211; elmondta, hogy m\u00e1r most 38 r\u00e9szegys\u00e9gb\u0151l van hi\u00e1ny a nagy-britanniai gy\u00e1rt\u00f3\u00fczemekben.<br \/>\n    Ezek k\u00f6z\u00e9 tartozik az aut\u00f3k k\u00f6zponti z\u00e1rj\u00e1t m\u0171k\u00f6dtet\u0151 elektronikus kulcs, amelyekb\u0151l a vez\u00e9rigazgat\u00f3 besz\u00e1mol\u00f3ja szerint jelenleg minden \u00fajonnan \u00e1tadott j\u00e1rm\u0171h\u00f6z csak egyet adnak.<br \/>\n<div class=\"ads-in-post2\"><script async src=\"https:\/\/pagead2.googlesyndication.com\/pagead\/js\/adsbygoogle.js\"><\/script>\r\n<ins class=\"adsbygoogle\"\r\n     style=\"display:block\"\r\n     data-ad-format=\"fluid\"\r\n     data-ad-layout-key=\"-6t+ed+2i-1n-4w\"\r\n     data-ad-client=\"ca-pub-1959107119989764\"\r\n     data-ad-slot=\"4008251320\"><\/ins>\r\n<script>\r\n     (adsbygoogle = window.adsbygoogle || []).push({});\r\n<\/script><\/div>\n    Speth elmondta azt is, hogy K\u00edn\u00e1ban gyakorlatilag &#8222;megsz\u0171ntek&#8221; az aut\u00f3elad\u00e1sok, &#8222;semmi nem t\u00f6rt\u00e9nik&#8221; a k\u00ednai aut\u00f3piacon.<br \/>\n    Londoni p\u00e9nz\u00fcgyi elemz\u0151h\u00e1zak szerint az \u00faj t\u00edpus\u00fa koronav\u00edrus terjed\u00e9se elleni korl\u00e1toz\u00f3 int\u00e9zked\u00e9sek a k\u00ednai gazdas\u00e1gban komoly n\u00f6veked\u00e9si vesztes\u00e9geket okozhatnak.<br \/>\n    A Moody&#8217;s Investors Service nemzetk\u00f6zi hitelmin\u0151s\u00edt\u0151 e h\u00e9ten Londonban ismertetett helyzet\u00e9rt\u00e9kel\u00e9s\u00e9ben k\u00f6z\u00f6lte: modellsz\u00e1m\u00edt\u00e1sai szerint a j\u00e1rv\u00e1ny megf\u00e9kez\u00e9s\u00e9re foganatos\u00edtott karant\u00e9nint\u00e9zked\u00e9sek \u00e9s egy\u00e9b korl\u00e1toz\u00e1sok az id\u00e9n 0,6 sz\u00e1zal\u00e9kponttal lass\u00edtj\u00e1k a k\u00ednai hazai \u00f6sszterm\u00e9k (GDP) n\u00f6veked\u00e9s\u00e9t a c\u00e9g \u00e1ltal eddig v\u00e1rt \u00fctemhez k\u00e9pest.<br \/>\n    A Moody&#8217;s ennek alapj\u00e1n 5,2 sz\u00e1zal\u00e9kra rontotta a k\u00ednai gazdas\u00e1g idei eg\u00e9sz \u00e9ves n\u00f6veked\u00e9sre sz\u00f3l\u00f3 progn\u00f3zis\u00e1t az eddigi el\u0151rejelz\u00e9s\u00e9ben szerepl\u0151 5,8 sz\u00e1zal\u00e9kr\u00f3l.(MTI)<\/p>\n","protected":false},"excerpt":{"rendered":"<p>Nagy-britanniai gy\u00e1rainak k\u00e9nyszer\u0171 le\u00e1ll\u00edt\u00e1s\u00e1t\u00f3l tart a legnagyobb brit aut\u00f3gy\u00e1rt\u00f3 csoport, a Jaguar Land Rover, mivel az \u00faj t\u00edpus\u00fa koronav\u00edrus terjed\u00e9s\u00e9nek megf\u00e9kez\u00e9s\u00e9re hozott k\u00ednai korl\u00e1toz\u00f3 int\u00e9zked\u00e9sek miatt komoly fennakad\u00e1sok t\u00e1madtak a c\u00e9g r\u00e9szegys\u00e9g-besz\u00e1ll\u00edt\u00f3i h\u00e1l\u00f3zat\u00e1ban.<\/p>\n","protected":false},"author":1,"featured_media":0,"comment_status":"closed","ping_status":"open","sticky":false,"template":"","format":"standard","meta":[],"categories":[12,246],"tags":[],"_links":{"self":[{"href":"https:\/\/gazdasagportal.hu\/index.php\/wp-json\/wp\/v2\/posts\/124049"}],"collection":[{"href":"https:\/\/gazdasagportal.hu\/index.php\/wp-json\/wp\/v2\/posts"}],"about":[{"href":"https:\/\/gazdasagportal.hu\/index.php\/wp-json\/wp\/v2\/types\/post"}],"author":[{"embeddable":true,"href":"https:\/\/gazdasagportal.hu\/index.php\/wp-json\/wp\/v2\/users\/1"}],"replies":[{"embeddable":true,"href":"https:\/\/gazdasagportal.hu\/index.php\/wp-json\/wp\/v2\/comments?post=124049"}],"version-history":[{"count":1,"href":"https:\/\/gazdasagportal.hu\/index.php\/wp-json\/wp\/v2\/posts\/124049\/revisions"}],"predecessor-version":[{"id":124050,"href":"https:\/\/gazdasagportal.hu\/index.php\/wp-json\/wp\/v2\/posts\/124049\/revisions\/124050"}],"wp:attachment":[{"href":"https:\/\/gazdasagportal.hu\/index.php\/wp-json\/wp\/v2\/media?parent=124049"}],"wp:term":[{"taxonomy":"category","embeddable":true,"href":"https:\/\/gazdasagportal.hu\/index.php\/wp-json\/wp\/v2\/categories?post=124049"},{"taxonomy":"post_tag","embeddable":true,"href":"https:\/\/gazdasagportal.hu\/index.php\/wp-json\/wp\/v2\/tags?post=124049"}],"curies":[{"name":"wp","href":"https:\/\/api.w.org\/{rel}","templated":true}]}}