{"id":124045,"date":"2020-02-19T12:12:42","date_gmt":"2020-02-19T11:12:42","guid":{"rendered":"http:\/\/gazdasagportal.hu\/?p=124045"},"modified":"2020-02-19T12:12:42","modified_gmt":"2020-02-19T11:12:42","slug":"itm-a-nagy-novekedesu-vallalkozasokat-celozza-a-magyar-multi-program","status":"publish","type":"post","link":"https:\/\/gazdasagportal.hu\/index.php\/itm-a-nagy-novekedesu-vallalkozasokat-celozza-a-magyar-multi-program\/","title":{"rendered":"ITM: a nagy n\u00f6veked\u00e9s\u0171 v\u00e1llalkoz\u00e1sokat c\u00e9lozza a Magyar multi program"},"content":{"rendered":"<p><strong>A nagy n\u00f6veked\u00e9s\u0171 v\u00e1llalkoz\u00e1sokat c\u00e9lozza a kkv-strat\u00e9gia kiemelked\u0151 elem\u00e9nek tartott Magyar multi program (Mmp) &#8211; k\u00f6z\u00f6lte az Innov\u00e1ci\u00f3s \u00e9s Technol\u00f3giai Miniszt\u00e9rium  (ITM) gazdas\u00e1gfejleszt\u00e9s\u00e9rt felel\u0151s helyettes \u00e1llamtitk\u00e1ra szerd\u00e1n Kecskem\u00e9ten.<\/strong><!--more--><\/p>\n<div class=\"ads-in-post1\"><div id=\"gazdasagportal.hu_fullbanner_wideboard\"><\/div>\r\n<\/div>\n<p>    Szepesi Bal\u00e1zs,  a miniszt\u00e9rium, az IFKA K\u00f6zhaszn\u00fa Nonprofit Kft. \u00e9s a B\u00e1cs-Kiskun Megyei Kereskedelmi \u00e9s Iparkamara kis- \u00e9s k\u00f6z\u00e9pv\u00e1llalkoz\u00e1soknak sz\u00f3l\u00f3 t\u00e1j\u00e9koztat\u00f3 rendezv\u00e9ny\u00e9n azt mondta:  program a nagy n\u00f6veked\u00e9si potenci\u00e1llal b\u00edr\u00f3, innovat\u00edv \u00e9s exportk\u00e9pes term\u00e9keket, illetve szolg\u00e1ltat\u00e1sokat el\u0151\u00e1ll\u00edt\u00f3 kkv-k meger\u0151s\u00edt\u00e9s\u00e9t t\u0171zte ki c\u00e9lul.<br \/>\n    Sz\u00f3lt arr\u00f3l, hogy a magyar v\u00e1llalkoz\u00e1sok termel\u00e9kenys\u00e9ge nagym\u00e9rt\u00e9kben n\u0151tt az elm\u00falt id\u0151szakban.<br \/>\n    A ma Magyarorsz\u00e1gon tapasztalhat\u00f3 j\u00f3l\u00e9t egy\u00e9rtelm\u0171en visszavezethet\u0151 arra, hogy a magyar v\u00e1llalkoz\u00e1sok &#8211; k\u00f6zt\u00fck a magyar kis-\u00e9s k\u00f6z\u00e9pv\u00e1llalkoz\u00e1sok is &#8211; nagyon sikeresen tudt\u00e1k a teljes\u00edtm\u00e9ny\u00fcket jav\u00edtani &#8211; f\u0171zte hozz\u00e1.<br \/>\n    Szepesi Bal\u00e1zs azt mondta: korszakv\u00e1lt\u00e1s t\u00f6rt\u00e9nik a magyar gazdas\u00e1gban, ennek kell megfelelni \u00e9s ennek \u00e9rdek\u00e9ben fogalmazta meg a korm\u00e1ny az \u00faj kkv strat\u00e9gi\u00e1j\u00e1t.<br \/>\n<div class=\"ads-in-post2\"><script async src=\"https:\/\/pagead2.googlesyndication.com\/pagead\/js\/adsbygoogle.js\"><\/script>\r\n<ins class=\"adsbygoogle\"\r\n     style=\"display:block\"\r\n     data-ad-format=\"fluid\"\r\n     data-ad-layout-key=\"-6t+ed+2i-1n-4w\"\r\n     data-ad-client=\"ca-pub-1959107119989764\"\r\n     data-ad-slot=\"4008251320\"><\/ins>\r\n<script>\r\n     (adsbygoogle = window.adsbygoogle || []).push({});\r\n<\/script><\/div>\n    &#8222;A jelen n\u00f6veked\u00e9si bajnokainak, a j\u00f6v\u0151 magyar multijainak k\u00edn\u00e1l partners\u00e9get&#8221; &#8211; mondta a programr\u00f3l.     A helyettes \u00e1llamtitk\u00e1r besz\u00e1molt arr\u00f3l is, hogy 2020. m\u00e1rcius 5-\u00e9n indul el az el\u0151min\u0151s\u00edt\u00e9s \u00e9s a regisztr\u00e1ci\u00f3 Mmp m\u00e1sodik k\u00f6r\u00e9ben.<br \/>\n    V\u00e1rhat\u00f3an mintegy 50 kkv ker\u00fclhet be a programba &#8211; tette hozz\u00e1.     Hozz\u00e1tette: szigor\u00faak a jelentkez\u00e9s felt\u00e9telei. Ezek k\u00f6z\u00e9 sorolta, hogy a legal\u00e1bb n\u00e9gy lez\u00e1rt \u00fczleti \u00e9vvel rendelkez\u0151 mikro-, kis- vagy k\u00f6z\u00e9pv\u00e1llalkoz\u00e1snak legal\u00e1bb \u00f6t alkalmazottja legyen, \u00e9s minimum 100 milli\u00f3 forint nett\u00f3 \u00e1rbev\u00e9tellel rendelkezzen.<br \/>\n    Az \u00e1rbev\u00e9tel mellett a k\u00f6z\u00e9pv\u00e1llalatok eset\u00e9ben 20 sz\u00e1zal\u00e9kos \u00e1tlagos \u00e9ves n\u00f6veked\u00e9st kell felmutatni meghat\u00e1rozott id\u0151szakban, mikro- \u00e9s kisv\u00e1llalkoz\u00e1soknak 100 sz\u00e1zal\u00e9kos \u00e9ves n\u00f6veked\u00e9st kell teljes\u00edteni. Vagy az export \u00e1rbev\u00e9tel\u00e9ben 50 sz\u00e1zal\u00e9kos \u00e9ves n\u00f6veked\u00e9st kell felmutatni.     Szepesi Bal\u00e1zs elmondta: a program  szakmai t\u00e1mogat\u00e1st ad a n\u00f6veked\u00e9si c\u00e9lok el\u00e9r\u00e9s\u00e9hez. T\u00e1mogatj\u00e1k a kiv\u00e1lasztott v\u00e1llalkoz\u00e1sok term\u00e9k- \u00e9s szolg\u00e1ltat\u00e1sfejleszt\u00e9si elk\u00e9pzel\u00e9seit, m\u00e1rka- \u00e9s arculat\u00e9p\u00edt\u00e9s\u00e9t, a k\u00fclpiacra val\u00f3 kijut\u00e1s\u00e1t, a hum\u00e1n er\u0151forr\u00e1st, tov\u00e1bb\u00e1 strat\u00e9giai \u00e9s p\u00e9nz\u00fcgyi tan\u00e1csad\u00e1st biztos\u00edtanak sz\u00e1mukra.     Kiemelte: nem csup\u00e1n p\u00e9nzt, hanem hossz\u00fa t\u00e1v\u00fa partners\u00e9get, konzult\u00e1ci\u00f3t, a kit\u00f6r\u00e9si lehet\u0151s\u00e9gek k\u00f6z\u00f6s megkeres\u00e9s\u00e9t k\u00edn\u00e1lj\u00e1k az Mmp keret\u00e9ben.     A program egy \u00e9ve indult. A szerdai kecskem\u00e9ti programismertet\u0151 egy orsz\u00e1gos roadshow r\u00e9sze, amelynek tov\u00e1bbi \u00e1llom\u00e1si a f\u0151v\u00e1ros mellett Sz\u00e9kesfeh\u00e9rv\u00e1r \u00e9s Debrecen.(MTI)<\/p>\n","protected":false},"excerpt":{"rendered":"<p>A nagy n\u00f6veked\u00e9s\u0171 v\u00e1llalkoz\u00e1sokat c\u00e9lozza a kkv-strat\u00e9gia kiemelked\u0151 elem\u00e9nek tartott Magyar multi program (Mmp) &#8211; k\u00f6z\u00f6lte az Innov\u00e1ci\u00f3s \u00e9s Technol\u00f3giai Miniszt\u00e9rium (ITM) gazdas\u00e1gfejleszt\u00e9s\u00e9rt felel\u0151s helyettes \u00e1llamtitk\u00e1ra szerd\u00e1n Kecskem\u00e9ten.<\/p>\n","protected":false},"author":1,"featured_media":0,"comment_status":"closed","ping_status":"open","sticky":false,"template":"","format":"standard","meta":[],"categories":[19],"tags":[],"_links":{"self":[{"href":"https:\/\/gazdasagportal.hu\/index.php\/wp-json\/wp\/v2\/posts\/124045"}],"collection":[{"href":"https:\/\/gazdasagportal.hu\/index.php\/wp-json\/wp\/v2\/posts"}],"about":[{"href":"https:\/\/gazdasagportal.hu\/index.php\/wp-json\/wp\/v2\/types\/post"}],"author":[{"embeddable":true,"href":"https:\/\/gazdasagportal.hu\/index.php\/wp-json\/wp\/v2\/users\/1"}],"replies":[{"embeddable":true,"href":"https:\/\/gazdasagportal.hu\/index.php\/wp-json\/wp\/v2\/comments?post=124045"}],"version-history":[{"count":1,"href":"https:\/\/gazdasagportal.hu\/index.php\/wp-json\/wp\/v2\/posts\/124045\/revisions"}],"predecessor-version":[{"id":124046,"href":"https:\/\/gazdasagportal.hu\/index.php\/wp-json\/wp\/v2\/posts\/124045\/revisions\/124046"}],"wp:attachment":[{"href":"https:\/\/gazdasagportal.hu\/index.php\/wp-json\/wp\/v2\/media?parent=124045"}],"wp:term":[{"taxonomy":"category","embeddable":true,"href":"https:\/\/gazdasagportal.hu\/index.php\/wp-json\/wp\/v2\/categories?post=124045"},{"taxonomy":"post_tag","embeddable":true,"href":"https:\/\/gazdasagportal.hu\/index.php\/wp-json\/wp\/v2\/tags?post=124045"}],"curies":[{"name":"wp","href":"https:\/\/api.w.org\/{rel}","templated":true}]}}