{"id":124043,"date":"2020-02-19T11:24:48","date_gmt":"2020-02-19T10:24:48","guid":{"rendered":"http:\/\/gazdasagportal.hu\/?p=124043"},"modified":"2020-02-19T11:24:48","modified_gmt":"2020-02-19T10:24:48","slug":"csokkeno-tendencia-az-asvanyvizes-piacon","status":"publish","type":"post","link":"https:\/\/gazdasagportal.hu\/index.php\/csokkeno-tendencia-az-asvanyvizes-piacon\/","title":{"rendered":"Cs\u00f6kken\u0151 tendencia az \u00e1sv\u00e1nyvizes piacon"},"content":{"rendered":"<p><strong>A hazai \u00e1sv\u00e1nyv\u00edzgy\u00e1rt\u00e1s egyik legfontosabb szerepl\u0151je, a lajosmizsei Magyarv\u00edz Kft. a 2019-es\u00a0 cs\u00f6kken\u0151 piac ellen\u00e9re ism\u00e9t\u00a0 n\u00f6velni tudta eladott palackjainak sz\u00e1m\u00e1t, \u00e1rbev\u00e9tele 7 sz\u00e1zal\u00e9kkal n\u0151tt 2018-hoz k\u00e9pest, \u00edgy el\u00e9rte a 9,5 milli\u00e1rd forintot. A v\u00e1llalat egy \u00e9v alatt \u00f6sszesen 257 milli\u00f3 palack vizet \u00e9rt\u00e9kes\u00edtett, ez \u00f6sszesen 378 milli\u00f3 liter. A Mizse \u2013 a csal\u00e1d vize \u2013 tov\u00e1bbra is a v\u00e1llalat legkedveltebb term\u00e9ke, 115 milli\u00f3 darab fogyott bel\u0151le, a v\u00e1llalat tov\u00e1bbi m\u00e1rkaterm\u00e9kei a Primavera \u00e9s a Zaf\u00edr.<\/strong><!--more--><\/p>\n<div class=\"ads-in-post1\"><div id=\"gazdasagportal.hu_fullbanner_wideboard\"><\/div>\r\n<\/div>\n<p><em>\u201eB\u00fcszk\u00e9n mondhatom, hogy sikeres \u00e9vet z\u00e1rtunk 2019-ben. A stabil piacunknak k\u00f6sz\u00f6nhet\u0151en az \u00e1gazatra h\u00e1rul\u00f3 t\u00f6bbletk\u00f6lts\u00e9geinket (pl. \u00e1rfolyamvesztes\u00e9g) \u00e9rv\u00e9nyes\u00edteni tudtuk az \u00e1rainkban, hiszen a fogyaszt\u00f3k tov\u00e1bbra is sz\u00edvesen v\u00e1lasztanak minket. \u00a0\u00c9rezhet\u0151en tov\u00e1bb n\u0151tt a Mizse term\u00e9kcsal\u00e1dunk ismerts\u00e9ge, n\u00e9pszer\u0171s\u00e9ge, a saj\u00e1t m\u00e1rk\u00e1s term\u00e9keink mennyis\u00e9ge is emelkedett 2019-ben, \u00e9s nem utols\u00f3 sorban hozz\u00e1 tudtunk j\u00e1rulni a k\u00f6rnyezettudatoss\u00e1g n\u00f6vel\u00e9s\u00e9hez, a szelekt\u00edv hullad\u00e9kgy\u0171jt\u00e9s n\u00e9pszer\u0171s\u00edt\u00e9s\u00e9hez. Anyav\u00e1llalatunkkal, az olasz San Benedetto-val egy\u00fcttm\u0171k\u00f6dve t\u00f6bb ter\u00fcleten k\u00f6rnyezettudatos beruh\u00e1z\u00e1st hajtottunk v\u00e9gre, lajosmizsei \u00fczem\u00fcnkre elk\u00e9sz\u00edtett\u00fcnk egy k\u00f6rnyezettanulm\u00e1nyt, aminek seg\u00edts\u00e9g\u00e9vel a z\u00f6ld szeml\u00e9letet 2020-ban m\u00e9g tov\u00e1bb fogjuk er\u0151s\u00edteni. Kiemeln\u00e9m m\u00e9g, hogy az egyik legt\u00f6bb embert megmozgat\u00f3 NN Ultrabalaton fut\u00f3versenyen 2020-ban a PET palackokat \u00f6ssze fogjuk gy\u0171jteni, hogy \u00fajrahasznos\u00edthat\u00f3k lehessenek\u201d\u00a0<\/em>\u2013 mondta Balog Zolt\u00e1n, a Magyarv\u00edz Kft. kereskedelmi vezet\u0151je. Majd \u00edgy folytatta:<em>\u00a0\u201eA Magyar \u00dcd\u00edt\u0151 \u00e9s \u00c1sv\u00e1nyv\u00edz Sz\u00f6vets\u00e9ggel egyet\u00e9rtve \u00fagy gondoljuk, indokolt lenne, hogy uni\u00f3s \u00e9s korm\u00e1nyzati seg\u00edts\u00e9ggel egy PET palack \u00fajrahasznos\u00edt\u00f3 \u00fczem is l\u00e9tre j\u00f6jj\u00f6n Magyarorsz\u00e1gon, amelynek term\u00e9keit a hazai c\u00e9gek ism\u00e9telten italcsomagol\u00e1sok gy\u00e1rt\u00e1s\u00e1ra tudn\u00e1nak felhaszn\u00e1lni. A sz\u00f6vets\u00e9g javasolja az \u00fajrahasznos\u00edtott csomagol\u00f3anyagok t\u00e9rnyer\u00e9s\u00e9t t\u00e1mogat\u00f3 \u00f6szt\u00f6nz\u0151k bevezet\u00e9s\u00e9t is.\u201d<\/em><\/p>\n<div class=\"ads-in-post2\"><script async src=\"https:\/\/pagead2.googlesyndication.com\/pagead\/js\/adsbygoogle.js\"><\/script>\r\n<ins class=\"adsbygoogle\"\r\n     style=\"display:block\"\r\n     data-ad-format=\"fluid\"\r\n     data-ad-layout-key=\"-6t+ed+2i-1n-4w\"\r\n     data-ad-client=\"ca-pub-1959107119989764\"\r\n     data-ad-slot=\"4008251320\"><\/ins>\r\n<script>\r\n     (adsbygoogle = window.adsbygoogle || []).push({});\r\n<\/script><\/div>\nBalog Zolt\u00e1n \u00fagy v\u00e9li, hogy id\u00e9n, illetve a k\u00f6vetkez\u0151 \u00e9vekben az \u00e1sv\u00e1nyv\u00edzpiac stagn\u00e1l\u00f3 tendenci\u00e1t fog mutatni, az egy f\u0151re jut\u00f3 fogyaszt\u00e1s tekintet\u00e9ben tov\u00e1bbi b\u0151v\u00fcl\u00e9s nem v\u00e1rhat\u00f3, mivel Magyarorsz\u00e1g a harmadik legnagyobb \u00e1sv\u00e1nyv\u00edz fogyaszt\u00f3 a vil\u00e1gon. 2020-ban arra sz\u00e1m\u00edt, hogy az ipar egyik kor\u00e1bban meghat\u00e1roz\u00f3 szerepl\u0151j\u00e9nek cs\u0151dje miatt az \u00e1ruh\u00e1zl\u00e1ncok saj\u00e1tm\u00e1rk\u00e1s kateg\u00f3ri\u00e1j\u00e1ban \u00fajra v\u00edzhi\u00e1ny v\u00e1rhat\u00f3 a ny\u00e1ri h\u00f3napokban, ahogy ez 2019-ben is volt.<\/p>\n<p>A Mizse 2012 \u00e9s 2013 ut\u00e1n 2019-ben harmadik alkalommal kapta meg\u00a0a vil\u00e1g egyik legrangosabb innov\u00e1ci\u00f3s term\u00e9kd\u00edj\u00e1t, az\u00a0\u00c9v Term\u00e9ke D\u00edjat, aminek ism\u00e9telt elnyer\u00e9s\u00e9hez a saj\u00e1t fejleszt\u00e9s\u0171, cs\u00f6kkentett s\u00faly\u00fa 1,5 literes has\u00e1b alak\u00fa palack nagyban hozz\u00e1j\u00e1rult. A hagyom\u00e1nyokhoz h\u00edven tov\u00e1bbra is t\u00e1mogatj\u00e1k a t\u00f6megeket vonz\u00f3 sportprogramokat.<\/p><div id=\"gazda-3885218526\" class=\"gazda-tartalomban gazda-entity-placement\"><script async src=\"https:\/\/pagead2.googlesyndication.com\/pagead\/js\/adsbygoogle.js\"><\/script>\r\n<ins class=\"adsbygoogle\"\r\n     style=\"display:block\"\r\n     data-ad-format=\"fluid\"\r\n     data-ad-layout-key=\"-6t+ed+2i-1n-4w\"\r\n     data-ad-client=\"ca-pub-1959107119989764\"\r\n     data-ad-slot=\"4008251320\"><\/ins>\r\n<script>\r\n     (adsbygoogle = window.adsbygoogle || []).push({});\r\n<\/script><\/div>\n<p align=\"center\">\n<p>A\u00a0<strong>Magyarv\u00edz Kft.<\/strong>\u00a02000-ben alakult, az \u00e1sv\u00e1nyv\u00edz kitermel\u00e9se \u00e9s forgalmaz\u00e1sa 2002-ben kezd\u0151d\u00f6tt Lajosmizs\u00e9n. A c\u00e9g kezdetben d\u00f6nt\u0151en saj\u00e1tm\u00e1rk\u00e1s term\u00e9keket \u00e1ll\u00edtott el\u0151 \u00e9s forgalmazott, m\u00e1ra a Primavera mellett k\u00e9t m\u00e1sik m\u00e1rk\u00e1t is fel\u00e9p\u00edtett \u00e9s sikeresen forgalmaz: a Mizse (sz\u00e9nsavas, mentes, enyhe, \u00edzes\u00edtett vari\u00e1ci\u00f3k) \u00e9s a Zaf\u00edr \u00e1sv\u00e1nyvizeket. A v\u00e1llalat kiemelt figyelmet ford\u00edt az eg\u00e9szs\u00e9g meg\u0151rz\u00e9se \u00e9s a sportol\u00e1s k\u00f6r\u00e9 szervez\u0151d\u0151 megmozdul\u00e1sokra, ez\u00e9rt term\u00e9szetes \u00e1sv\u00e1nyvizeivel folyamatosan t\u00e1mogat orsz\u00e1gos \u00e9s region\u00e1lis (pl. fut\u00f3, triatlon) rendezv\u00e9nyeket, kos\u00e1rlabda \u00e9s ker\u00e9kp\u00e1ros szervezeteket, valamint k\u00f3rh\u00e1zakat \u00e9s eg\u00e9szs\u00e9g\u00fcgyi int\u00e9zm\u00e9nyeket.<\/p>\n","protected":false},"excerpt":{"rendered":"<p>A hazai \u00e1sv\u00e1nyv\u00edzgy\u00e1rt\u00e1s egyik legfontosabb szerepl\u0151je, a lajosmizsei Magyarv\u00edz Kft. a 2019-es\u00a0 cs\u00f6kken\u0151 piac ellen\u00e9re ism\u00e9t\u00a0 n\u00f6velni tudta eladott palackjainak sz\u00e1m\u00e1t, \u00e1rbev\u00e9tele 7 sz\u00e1zal\u00e9kkal n\u0151tt 2018-hoz k\u00e9pest, \u00edgy el\u00e9rte a 9,5 milli\u00e1rd forintot. A v\u00e1llalat egy \u00e9v alatt \u00f6sszesen 257 milli\u00f3 palack vizet \u00e9rt\u00e9kes\u00edtett, ez \u00f6sszesen 378 milli\u00f3 liter. A Mizse \u2013 a csal\u00e1d vize &#8230;<\/p>\n","protected":false},"author":1,"featured_media":0,"comment_status":"closed","ping_status":"open","sticky":false,"template":"","format":"standard","meta":[],"categories":[4,19],"tags":[],"_links":{"self":[{"href":"https:\/\/gazdasagportal.hu\/index.php\/wp-json\/wp\/v2\/posts\/124043"}],"collection":[{"href":"https:\/\/gazdasagportal.hu\/index.php\/wp-json\/wp\/v2\/posts"}],"about":[{"href":"https:\/\/gazdasagportal.hu\/index.php\/wp-json\/wp\/v2\/types\/post"}],"author":[{"embeddable":true,"href":"https:\/\/gazdasagportal.hu\/index.php\/wp-json\/wp\/v2\/users\/1"}],"replies":[{"embeddable":true,"href":"https:\/\/gazdasagportal.hu\/index.php\/wp-json\/wp\/v2\/comments?post=124043"}],"version-history":[{"count":1,"href":"https:\/\/gazdasagportal.hu\/index.php\/wp-json\/wp\/v2\/posts\/124043\/revisions"}],"predecessor-version":[{"id":124044,"href":"https:\/\/gazdasagportal.hu\/index.php\/wp-json\/wp\/v2\/posts\/124043\/revisions\/124044"}],"wp:attachment":[{"href":"https:\/\/gazdasagportal.hu\/index.php\/wp-json\/wp\/v2\/media?parent=124043"}],"wp:term":[{"taxonomy":"category","embeddable":true,"href":"https:\/\/gazdasagportal.hu\/index.php\/wp-json\/wp\/v2\/categories?post=124043"},{"taxonomy":"post_tag","embeddable":true,"href":"https:\/\/gazdasagportal.hu\/index.php\/wp-json\/wp\/v2\/tags?post=124043"}],"curies":[{"name":"wp","href":"https:\/\/api.w.org\/{rel}","templated":true}]}}