{"id":124025,"date":"2020-02-18T21:15:50","date_gmt":"2020-02-18T20:15:50","guid":{"rendered":"http:\/\/gazdasagportal.hu\/?p=124025"},"modified":"2020-02-18T21:15:50","modified_gmt":"2020-02-18T20:15:50","slug":"tozsdezaras-vegyesen-zartak-a-vezeto-papirok","status":"publish","type":"post","link":"https:\/\/gazdasagportal.hu\/index.php\/tozsdezaras-vegyesen-zartak-a-vezeto-papirok\/","title":{"rendered":"T\u0151zsdez\u00e1r\u00e1s &#8211; Vegyesen z\u00e1rtak a vezet\u0151 pap\u00edrok"},"content":{"rendered":"<p><strong>A Budapesti \u00c9rt\u00e9kt\u0151zsde r\u00e9szv\u00e9nyindexe, a BUX 208,89 pontos, 0,46 sz\u00e1zal\u00e9kos emelked\u00e9ssel, 45 547,15 ponton z\u00e1rt kedden.<\/strong><!--more--><\/p>\n<div class=\"ads-in-post1\"><div id=\"gazdasagportal.hu_fullbanner_wideboard\"><\/div>\r\n<\/div>\n<p>    A r\u00e9szv\u00e9nypiac forgalma 9,3 milli\u00e1rd forint volt, a vezet\u0151 r\u00e9szv\u00e9nyek \u00e1ra vegyesen v\u00e1ltozott az el\u0151z\u0151 napi z\u00e1r\u00e1shoz k\u00e9pest.<br \/>\n    Varga Zolt\u00e1n, az Equilor Befektet\u00e9si Zrt. senior elemz\u0151je szerint a nemzetk\u00f6zi befektet\u0151i hangulat ink\u00e1bb negat\u00edv volt, miut\u00e1n az Apple h\u00e9tf\u0151n \u00e1rbev\u00e9tel-figyelmeztet\u00e9st adott ki. A v\u00e1llalat arra h\u00edvta fel a figyelmet, hogy a k\u00ednai koronav\u00edrus-j\u00e1rv\u00e1ny miatt probl\u00e9m\u00e1k vannak a besz\u00e1ll\u00edt\u00f3i l\u00e1ncokban, val\u00f3sz\u00edn\u0171leg nem tudj\u00e1k legy\u00e1rtani a kell\u0151 mennyis\u00e9g\u0171 term\u00e9ket, emiatt az \u00e1rbev\u00e9tel\u00fck alacsonyabb lehet. Ez alapvet\u0151en meghat\u00e1rozta az eg\u00e9sz napos keresked\u00e9st az eur\u00f3pai \u00e9s az amerikai r\u00e9szv\u00e9nypiacokon is.<br \/>\n    Itthon ugyanakkor a BUX emelkedni tudott. A senior elemz\u0151 a blue chipek k\u00f6z\u00fcl kiemelte a Mol k\u00f6zel 1,5 sz\u00e1zal\u00e9kos emelked\u00e9s\u00e9t, hozz\u00e1t\u00e9ve, hogy a Richter is er\u0151s\u00f6dni tudott, m\u00edg az OTP stagn\u00e1lt, a Magyar Telekom pedig m\u00ednuszban z\u00e1rt.<br \/>\n    A t\u00e1vk\u00f6zl\u00e9si pap\u00edr es\u00e9s\u00e9t Varga Zolt\u00e1n azzal magyar\u00e1zta, hogy d\u00e9lut\u00e1n 4 \u00f3rakor &#8211; kiss\u00e9 rendhagy\u00f3 m\u00f3don, keresked\u00e9si id\u0151ben &#8211; kij\u00f6tt a c\u00e9g negyedik negyed\u00e9ves gyorsjelent\u00e9se, ami csal\u00f3d\u00e1st okozott a befektet\u0151knek.<br \/>\n<div class=\"ads-in-post2\"><script async src=\"https:\/\/pagead2.googlesyndication.com\/pagead\/js\/adsbygoogle.js\"><\/script>\r\n<ins class=\"adsbygoogle\"\r\n     style=\"display:block\"\r\n     data-ad-format=\"fluid\"\r\n     data-ad-layout-key=\"-6t+ed+2i-1n-4w\"\r\n     data-ad-client=\"ca-pub-1959107119989764\"\r\n     data-ad-slot=\"4008251320\"><\/ins>\r\n<script>\r\n     (adsbygoogle = window.adsbygoogle || []).push({});\r\n<\/script><\/div>\n A 2019-es osztal\u00e9kjavaslat ugyanis a 27 forintos v\u00e1rakoz\u00e1ssal szemben csak 20 forint lett, ami el\u00e9g komoly \u00e9rv\u00e1g\u00e1s a befektet\u0151knek. A t\u00e1rsas\u00e1g emellett bejelentett egy 5,2 milli\u00e1rd forintos r\u00e9szv\u00e9ny-visszav\u00e1s\u00e1rl\u00e1si programot is. Az eredm\u00e9nyek alapvet\u0151en nem lettek rosszak, de a Magyar Telekom els\u0151sorban osztal\u00e9kr\u00e9szv\u00e9ny, ez\u00e9rt el\u00e9g \u00e9rz\u00e9kenyen reag\u00e1lt,  &#8211; mondta Varga Zolt\u00e1n.<br \/>\n    A Mol 38 forinttal, 1,46 sz\u00e1zal\u00e9kkal 2640 forintra er\u0151s\u00f6d\u00f6tt, 1,7 milli\u00e1rd forintos forgalomban.<br \/>\n    Az OTP-r\u00e9szv\u00e9nyek \u00e1ra nem v\u00e1ltozott, 15 250 forintot \u00e9rt, forgalmuk 4,2 milli\u00e1rd forintot tett ki.<br \/>\n    A Magyar Telekom \u00e1rfolyama 7 forinttal, 1,55 sz\u00e1zal\u00e9kkal 446 forintra cs\u00f6kkent, forgalma 1,1 milli\u00e1rd forint volt.<br \/>\n    A Richter-pap\u00edrok \u00e1ra 70 forinttal, 1 sz\u00e1zal\u00e9kkal 7060 forintra n\u0151tt, forgalmuk 1,7 milli\u00e1rd forintot \u00e9rt el.<br \/>\n    A kis \u00e9s k\u00f6zepes r\u00e9szv\u00e9nyek indexe, a BUMIX 3702,43 ponton z\u00e1rt kedden, ez 8,26 pontos, 0,22 sz\u00e1zal\u00e9kos cs\u00f6kken\u00e9s a h\u00e9tf\u0151i z\u00e1r\u00e1shoz viszony\u00edtva.(MTI)<\/p>\n","protected":false},"excerpt":{"rendered":"<p>A Budapesti \u00c9rt\u00e9kt\u0151zsde r\u00e9szv\u00e9nyindexe, a BUX 208,89 pontos, 0,46 sz\u00e1zal\u00e9kos emelked\u00e9ssel, 45 547,15 ponton z\u00e1rt kedden.<\/p>\n","protected":false},"author":1001003,"featured_media":0,"comment_status":"closed","ping_status":"open","sticky":false,"template":"","format":"standard","meta":[],"categories":[7],"tags":[],"_links":{"self":[{"href":"https:\/\/gazdasagportal.hu\/index.php\/wp-json\/wp\/v2\/posts\/124025"}],"collection":[{"href":"https:\/\/gazdasagportal.hu\/index.php\/wp-json\/wp\/v2\/posts"}],"about":[{"href":"https:\/\/gazdasagportal.hu\/index.php\/wp-json\/wp\/v2\/types\/post"}],"author":[{"embeddable":true,"href":"https:\/\/gazdasagportal.hu\/index.php\/wp-json\/wp\/v2\/users\/1001003"}],"replies":[{"embeddable":true,"href":"https:\/\/gazdasagportal.hu\/index.php\/wp-json\/wp\/v2\/comments?post=124025"}],"version-history":[{"count":1,"href":"https:\/\/gazdasagportal.hu\/index.php\/wp-json\/wp\/v2\/posts\/124025\/revisions"}],"predecessor-version":[{"id":124026,"href":"https:\/\/gazdasagportal.hu\/index.php\/wp-json\/wp\/v2\/posts\/124025\/revisions\/124026"}],"wp:attachment":[{"href":"https:\/\/gazdasagportal.hu\/index.php\/wp-json\/wp\/v2\/media?parent=124025"}],"wp:term":[{"taxonomy":"category","embeddable":true,"href":"https:\/\/gazdasagportal.hu\/index.php\/wp-json\/wp\/v2\/categories?post=124025"},{"taxonomy":"post_tag","embeddable":true,"href":"https:\/\/gazdasagportal.hu\/index.php\/wp-json\/wp\/v2\/tags?post=124025"}],"curies":[{"name":"wp","href":"https:\/\/api.w.org\/{rel}","templated":true}]}}