{"id":124023,"date":"2020-02-18T17:42:46","date_gmt":"2020-02-18T16:42:46","guid":{"rendered":"http:\/\/gazdasagportal.hu\/?p=124023"},"modified":"2020-02-18T17:42:46","modified_gmt":"2020-02-18T16:42:46","slug":"gyorsjelentes-nott-a-magyar-telekom-nyeresege-es-bevetele-tavaly","status":"publish","type":"post","link":"https:\/\/gazdasagportal.hu\/index.php\/gyorsjelentes-nott-a-magyar-telekom-nyeresege-es-bevetele-tavaly\/","title":{"rendered":"Gyorsjelent\u00e9s: N\u0151tt a Magyar Telekom nyeres\u00e9ge \u00e9s bev\u00e9tele tavaly"},"content":{"rendered":"<p><strong>A Magyar Telekom Nyrt. 2019-ben 666,7 milli\u00e1rd forint \u00e1rbev\u00e9telt \u00e9rt el, ami 1,5 sz\u00e1zal\u00e9kkal haladja meg az el\u0151z\u0151 \u00e9vit, ad\u00f3zott nyeres\u00e9ge 4,2 sz\u00e1zal\u00e9kkal 44,5 milli\u00e1rd forintra n\u0151tt &#8211; k\u00f6z\u00f6lte a t\u00e1rsas\u00e1g a t\u0151zsde honlapj\u00e1n kedden.<\/strong><!--more--><\/p>\n<div class=\"ads-in-post1\"><div id=\"gazdasagportal.hu_fullbanner_wideboard\"><\/div>\r\n<\/div>\n<p>    A nemzetk\u00f6zi p\u00e9nz\u00fcgyi jelent\u00e9si szabv\u00e1ny (IFRS) alapj\u00e1n k\u00e9sz\u00fclt, konszolid\u00e1lt, nem audit\u00e1lt eredm\u00e9nykimutat\u00e1s szerint a negyedik negyed\u00e9vben az \u00f6sszes bev\u00e9tel 4,1 sz\u00e1zal\u00e9kkal 182,3 milli\u00e1rd forintra, az ad\u00f3zott nyeres\u00e9g 68,5 sz\u00e1zal\u00e9kkal 12,9 milli\u00e1rd forintra emelkedett, ami nagyj\u00e1b\u00f3l megfelelt az elemz\u0151i v\u00e1rakoz\u00e1soknak.<br \/>\n    Az elemz\u0151k 4,9 sz\u00e1zal\u00e9kos (180,5 milli\u00e1rd forint) bev\u00e9teln\u00f6veked\u00e9st \u00e9s az ad\u00f3zott eredm\u00e9ny 72 sz\u00e1zal\u00e9kos (12,9 milli\u00e1rd forint) b\u0151v\u00fcl\u00e9s\u00e9t v\u00e1rt\u00e1k a tavalyi negyedik negyed\u00e9vre.<br \/>\n    A jelent\u00e9s szerint a tavalyi utols\u00f3 negyed\u00e9vben a bev\u00e9telek n\u00f6veked\u00e9s\u00e9hez a magyarorsz\u00e1gi rendszerintegr\u00e1ci\u00f3s \u00e9s inform\u00e1ci\u00f3technol\u00f3giai (RI\/IT) bev\u00e9telek emelked\u00e9se, valamint a mobil adatbev\u00e9telek mindk\u00e9t orsz\u00e1gban (Magyarorsz\u00e1g \u00e9s Maced\u00f3nia) jelentkez\u0151 emelked\u00e9se j\u00e1rult hozz\u00e1.  \u00c9ves szinten az\u00e9rt tudtak n\u00f6vekedni a bev\u00e9telek, mivel a szolg\u00e1ltat\u00e1si bev\u00e9telek \u00e9s a k\u00e9sz\u00fcl\u00e9k\u00e9rt\u00e9kes\u00edt\u00e9si bev\u00e9telek n\u00f6veked\u00e9se ellens\u00falyozta az RI\/IT bev\u00e9telek cs\u00f6kken\u00e9s\u00e9t.<br \/>\n    A mobil bev\u00e9telek \u00e9ves \u00f6sszehasonl\u00edt\u00e1sban 354,4 milli\u00e1rd forintot tettek ki tavaly eg\u00e9sz \u00e9vben, mivel a mindk\u00e9t orsz\u00e1gban tapasztalhat\u00f3 \u00e1rnyom\u00e1s hat\u00e1s\u00e1t ellens\u00falyozt\u00e1k a b\u0151v\u00fcl\u0151 \u00fcgyf\u00e9lb\u00e1zis \u00e9s a szerz\u0151d\u00e9ses \u00fcgyfelek ar\u00e1ny\u00e1nak n\u00f6veked\u00e9se miatti pozit\u00edv hat\u00e1sok.<br \/>\n<div class=\"ads-in-post2\"><script async src=\"https:\/\/pagead2.googlesyndication.com\/pagead\/js\/adsbygoogle.js\"><\/script>\r\n<ins class=\"adsbygoogle\"\r\n     style=\"display:block\"\r\n     data-ad-format=\"fluid\"\r\n     data-ad-layout-key=\"-6t+ed+2i-1n-4w\"\r\n     data-ad-client=\"ca-pub-1959107119989764\"\r\n     data-ad-slot=\"4008251320\"><\/ins>\r\n<script>\r\n     (adsbygoogle = window.adsbygoogle || []).push({});\r\n<\/script><\/div>\n    Az EBITDA \u00e9ves \u00f6sszehasonl\u00edt\u00e1sban 23,4 sz\u00e1zal\u00e9kkal, 57,6 milli\u00e1rd forintra n\u0151tt 2019 negyedik negyed\u00e9v\u00e9ben, a teljes \u00e9vben pedig 14,6 sz\u00e1zal\u00e9kkal 220,6 milli\u00e1rd forintra. Az EBITDA n\u00f6veked\u00e9se a magasabb brutt\u00f3 fedezetnek \u00e9s a k\u00f6zvetlen k\u00f6lts\u00e9gekben el\u00e9rt megtakar\u00edt\u00e1soknak k\u00f6sz\u00f6nhet\u0151 &#8211; \u00edrt\u00e1k.<br \/>\n    A jelent\u00e9s id\u00e9zi R\u00e9kasi Tibor vez\u00e9rigazgat\u00f3t aki elmondta: a csoport meg\u0151rizte a lend\u00fclet\u00e9t, minden fontos mutat\u00f3ban n\u00f6veked\u00e9st \u00e9rtek el. Hozz\u00e1tette: a magyarorsz\u00e1gi mobil \u00e9s vezet\u00e9kes portf\u00f3li\u00f3t \u00e1talak\u00edtott\u00e1k, ezzel \u00e9ves \u00f6sszehasonl\u00edt\u00e1sban a vezet\u00e9kes szegmensben 2,9 sz\u00e1zal\u00e9kos, a mobil szegmensben pedig 3,0 sz\u00e1zal\u00e9kos bev\u00e9teln\u00f6veked\u00e9st \u00e9rtek el.<br \/>\n    A Telekom az idei \u00e9vben \u00e9s j\u00f6v\u0151re is a tavalyihoz hasonl\u00f3 \u00e1rbev\u00e9telre sz\u00e1m\u00edt, az EBITDA (kamat- \u00e9s ad\u00f3fizet\u00e9s, valamint \u00e9rt\u00e9kcs\u00f6kken\u00e9si le\u00edr\u00e1s el\u0151tti) eredm\u00e9ny\u00e9ben pedig 1-2 sz\u00e1zal\u00e9kos n\u00f6veked\u00e9st v\u00e1r mindk\u00e9t \u00e9vben. A szabad cash-flow tavalyi 65,1 milli\u00e1rd forintos \u00e9rt\u00e9k\u00e9hez k\u00e9pest a t\u00e1rsas\u00e1g az id\u00e9n 5 sz\u00e1zal\u00e9kos n\u00f6veked\u00e9ssel sz\u00e1mol, 2021-ben pedig v\u00e1ltozatlan szinttel.<br \/>\n    A CAPEX k\u00f6lt\u00e9s (beruh\u00e1z\u00e1s t\u00e1rgyi eszk\u00f6z\u00f6kbe \u00e9s immateri\u00e1lis javakba) 89,6 milli\u00e1rd forintot \u00e9rt el tavaly, ezt v\u00e1ltozatlan szinten tervezik tartani az id\u00e9n \u00e9s j\u00f6v\u0151re is.<br \/>\n    A Telekom r\u00e9szv\u00e9nyeivel a B\u00c9T pr\u00e9mium kateg\u00f3ri\u00e1j\u00e1ban kereskednek, a pap\u00edr \u00e1rfolyama a jelent\u00e9s k\u00f6zz\u00e9t\u00e9tele ut\u00e1n jelent\u0151sen esett, z\u00e1r\u00e1s el\u0151tt nem sokkal 442 forintot \u00e9rt, 2,43 sz\u00e1zal\u00e9kkal kevesebbet az el\u0151z\u0151 napi z\u00e1r\u00f3\u00e9rt\u00e9k\u00e9n\u00e9l. Az elm\u00falt egy \u00e9vben a r\u00e9szv\u00e9nyek legalacsonyabb \u00e1ra 406 forint, a legmagasabb 474 forint volt.(MTI)<\/p>\n","protected":false},"excerpt":{"rendered":"<p>A Magyar Telekom Nyrt. 2019-ben 666,7 milli\u00e1rd forint \u00e1rbev\u00e9telt \u00e9rt el, ami 1,5 sz\u00e1zal\u00e9kkal haladja meg az el\u0151z\u0151 \u00e9vit, ad\u00f3zott nyeres\u00e9ge 4,2 sz\u00e1zal\u00e9kkal 44,5 milli\u00e1rd forintra n\u0151tt &#8211; k\u00f6z\u00f6lte a t\u00e1rsas\u00e1g a t\u0151zsde honlapj\u00e1n kedden.<\/p>\n","protected":false},"author":1,"featured_media":41146,"comment_status":"closed","ping_status":"open","sticky":false,"template":"","format":"standard","meta":[],"categories":[146,7,47,34],"tags":[],"_links":{"self":[{"href":"https:\/\/gazdasagportal.hu\/index.php\/wp-json\/wp\/v2\/posts\/124023"}],"collection":[{"href":"https:\/\/gazdasagportal.hu\/index.php\/wp-json\/wp\/v2\/posts"}],"about":[{"href":"https:\/\/gazdasagportal.hu\/index.php\/wp-json\/wp\/v2\/types\/post"}],"author":[{"embeddable":true,"href":"https:\/\/gazdasagportal.hu\/index.php\/wp-json\/wp\/v2\/users\/1"}],"replies":[{"embeddable":true,"href":"https:\/\/gazdasagportal.hu\/index.php\/wp-json\/wp\/v2\/comments?post=124023"}],"version-history":[{"count":1,"href":"https:\/\/gazdasagportal.hu\/index.php\/wp-json\/wp\/v2\/posts\/124023\/revisions"}],"predecessor-version":[{"id":124024,"href":"https:\/\/gazdasagportal.hu\/index.php\/wp-json\/wp\/v2\/posts\/124023\/revisions\/124024"}],"wp:featuredmedia":[{"embeddable":true,"href":"https:\/\/gazdasagportal.hu\/index.php\/wp-json\/wp\/v2\/media\/41146"}],"wp:attachment":[{"href":"https:\/\/gazdasagportal.hu\/index.php\/wp-json\/wp\/v2\/media?parent=124023"}],"wp:term":[{"taxonomy":"category","embeddable":true,"href":"https:\/\/gazdasagportal.hu\/index.php\/wp-json\/wp\/v2\/categories?post=124023"},{"taxonomy":"post_tag","embeddable":true,"href":"https:\/\/gazdasagportal.hu\/index.php\/wp-json\/wp\/v2\/tags?post=124023"}],"curies":[{"name":"wp","href":"https:\/\/api.w.org\/{rel}","templated":true}]}}