{"id":123977,"date":"2020-02-17T21:05:43","date_gmt":"2020-02-17T20:05:43","guid":{"rendered":"http:\/\/gazdasagportal.hu\/?p=123977"},"modified":"2020-02-17T21:05:43","modified_gmt":"2020-02-17T20:05:43","slug":"zuckerberg-uj-szabalyozasi-rendszert-kell-kidolgozni-a-facebook-eseteben","status":"publish","type":"post","link":"https:\/\/gazdasagportal.hu\/index.php\/zuckerberg-uj-szabalyozasi-rendszert-kell-kidolgozni-a-facebook-eseteben\/","title":{"rendered":"Zuckerberg: \u00daj szab\u00e1lyoz\u00e1si rendszert kell kidolgozni a Facebook eset\u00e9ben"},"content":{"rendered":"<p><strong>\u00daj szab\u00e1lyoz\u00e1si rendszert javasol a k\u00f6z\u00f6ss\u00e9gi m\u00e9di\u00e1ban Mark Zuckerberg.<\/strong><!--more--><\/p>\n<div class=\"ads-in-post1\"><div id=\"gazdasagportal.hu_fullbanner_wideboard\"><\/div>\r\n<\/div>\n<p>    A Facebook k\u00f6z\u00f6ss\u00e9gi port\u00e1lt m\u0171k\u00f6dtet\u0151 amerikai v\u00e1llalat igazgat\u00f3ja h\u00e9tf\u0151n az EU vezet\u0151ivel tal\u00e1lkozott. A vez\u00e9rigazgat\u00f3 javaslatokat tartalmaz\u00f3 csomagot ny\u00fajtott \u00e1t Vera Jourova demokr\u00e1ci\u00e1\u00e9rt \u00e9s \u00e1tl\u00e1that\u00f3s\u00e1g\u00e9rt felel\u0151s uni\u00f3s biztosnak, aki el\u0151z\u0151leg a Facebookot tette felel\u0151ss\u00e9 a Cambridge Analytica n\u00e9ven elh\u00edres\u00fclt, adatokkal val\u00f3 vissza\u00e9l\u00e9ssel kapcsolatos 2018-as botr\u00e1ny miatt.<br \/>\n    Sajt\u00f3inform\u00e1ci\u00f3k szerint Zuckerberg a tal\u00e1lkoz\u00f3 sor\u00e1n a gy\u0171l\u00f6letbesz\u00e9d \u00e9s a dezinform\u00e1ci\u00f3 er\u0151sebb ellen\u0151rz\u00e9s\u00e9nek sz\u00fcks\u00e9gess\u00e9g\u00e9t hangs\u00falyozta a k\u00f6z\u00f6ss\u00e9gi platformokon, de egy\u00fattal felh\u00edvta a figyelmet a v\u00e9lem\u00e9nynyilv\u00e1n\u00edt\u00e1s szabads\u00e1g\u00e1ra.<br \/>\n    A javaslati csomagban a Facebook v\u00e1llalat azt emelte ki, hogy a k\u00f6z\u00f6ss\u00e9gi port\u00e1lokat m\u0171k\u00f6dtet\u0151 v\u00e1llalatok felel\u0151ss\u00e9g\u00e9re vonatkoz\u00f3 t\u00f6rv\u00e9nyek, amelyek b\u00fcntetik az illeg\u00e1lis tartalmak megjelen\u00e9s\u00e9t &#8222;nem passzolnak az internetes k\u00f6rnyezethez&#8221;.<br \/>\n    Jourova azt nyilatkozta, hogy meg\u00e1llapodott a Facebook vez\u00e9rigazgat\u00f3j\u00e1val &#8222;az adatok \u00e9s algoritmusok nagyobb \u00e1tl\u00e1that\u00f3s\u00e1g\u00e1nak sz\u00fcks\u00e9gess\u00e9g\u00e9r\u0151l&#8221;. Eml\u00e9keztette egy\u00fattal Zuckerberget, hogy az EU &#8222;szigor\u00fa adatv\u00e9delmi szab\u00e1lyokkal rendelkezik&#8221;, amelyeket az \u00e1ltal\u00e1nos adatv\u00e9delmi rendelet tartalmaz.<br \/>\n<div class=\"ads-in-post2\"><script async src=\"https:\/\/pagead2.googlesyndication.com\/pagead\/js\/adsbygoogle.js\"><\/script>\r\n<ins class=\"adsbygoogle\"\r\n     style=\"display:block\"\r\n     data-ad-format=\"fluid\"\r\n     data-ad-layout-key=\"-6t+ed+2i-1n-4w\"\r\n     data-ad-client=\"ca-pub-1959107119989764\"\r\n     data-ad-slot=\"4008251320\"><\/ins>\r\n<script>\r\n     (adsbygoogle = window.adsbygoogle || []).push({});\r\n<\/script><\/div>\n    &#8222;A Facebookt\u00f3l azt v\u00e1rjuk, hogy er\u0151teljesen alkalmazza ezeket a szab\u00e1lyokat Eur\u00f3p\u00e1ban&#8221; &#8211; hangs\u00falyozta.<br \/>\n    Kiemelte tov\u00e1bb\u00e1, hogy az olyan eur\u00f3pai internetes szab\u00e1lyoz\u00f3k, mint p\u00e9ld\u00e1ul a magatart\u00e1si k\u00f3dexek j\u00f3 eredm\u00e9nyeket \u00e9rtek el, de a platformok felel\u0151seinek nagyobb k\u00f6telezetts\u00e9get kell v\u00e1llalniuk.<br \/>\n    &#8222;A Facebooknak kell eld\u00f6nteni, hogy a j\u00f3 vagy a rossz \u00e9rdekek oldal\u00e1ra \u00e1ll&#8221; &#8211; nyomat\u00e9kos\u00edtotta.<br \/>\n    Thierry Breton bels\u0151 piac\u00e9rt felel\u0151s uni\u00f3s biztos azt nyilatkozta a tal\u00e1lkoz\u00f3 ut\u00e1n, hogy a Facebooknak kell alkalmazkodni az eur\u00f3pai szab\u00e1lyokhoz, nem pedig ford\u00edtva.<br \/>\n    A javaslatcsomag v\u00e9lem\u00e9nye szerint nem dolgozta ki kell\u0151k\u00e9ppen a Facebook felel\u0151ss\u00e9g\u00e9re vonatkoz\u00f3 el\u0151\u00edr\u00e1sokat, \u00e9s nem tett eml\u00edt\u00e9st a v\u00e1llalatnak a piacon szerzett dominanci\u00e1j\u00e1r\u00f3l.(MTI)<\/p>\n","protected":false},"excerpt":{"rendered":"<p>\u00daj szab\u00e1lyoz\u00e1si rendszert javasol a k\u00f6z\u00f6ss\u00e9gi m\u00e9di\u00e1ban Mark Zuckerberg.<\/p>\n","protected":false},"author":1001006,"featured_media":75650,"comment_status":"closed","ping_status":"open","sticky":false,"template":"","format":"standard","meta":[],"categories":[146,12,8,246],"tags":[],"_links":{"self":[{"href":"https:\/\/gazdasagportal.hu\/index.php\/wp-json\/wp\/v2\/posts\/123977"}],"collection":[{"href":"https:\/\/gazdasagportal.hu\/index.php\/wp-json\/wp\/v2\/posts"}],"about":[{"href":"https:\/\/gazdasagportal.hu\/index.php\/wp-json\/wp\/v2\/types\/post"}],"author":[{"embeddable":true,"href":"https:\/\/gazdasagportal.hu\/index.php\/wp-json\/wp\/v2\/users\/1001006"}],"replies":[{"embeddable":true,"href":"https:\/\/gazdasagportal.hu\/index.php\/wp-json\/wp\/v2\/comments?post=123977"}],"version-history":[{"count":1,"href":"https:\/\/gazdasagportal.hu\/index.php\/wp-json\/wp\/v2\/posts\/123977\/revisions"}],"predecessor-version":[{"id":123978,"href":"https:\/\/gazdasagportal.hu\/index.php\/wp-json\/wp\/v2\/posts\/123977\/revisions\/123978"}],"wp:featuredmedia":[{"embeddable":true,"href":"https:\/\/gazdasagportal.hu\/index.php\/wp-json\/wp\/v2\/media\/75650"}],"wp:attachment":[{"href":"https:\/\/gazdasagportal.hu\/index.php\/wp-json\/wp\/v2\/media?parent=123977"}],"wp:term":[{"taxonomy":"category","embeddable":true,"href":"https:\/\/gazdasagportal.hu\/index.php\/wp-json\/wp\/v2\/categories?post=123977"},{"taxonomy":"post_tag","embeddable":true,"href":"https:\/\/gazdasagportal.hu\/index.php\/wp-json\/wp\/v2\/tags?post=123977"}],"curies":[{"name":"wp","href":"https:\/\/api.w.org\/{rel}","templated":true}]}}