{"id":123967,"date":"2020-02-17T14:35:56","date_gmt":"2020-02-17T13:35:56","guid":{"rendered":"http:\/\/gazdasagportal.hu\/?p=123967"},"modified":"2020-02-17T14:35:56","modified_gmt":"2020-02-17T13:35:56","slug":"koronavirus-moodys-a-stabilizacio-pillanataban-erte-a-jarvany-a-vilaggazdasagot","status":"publish","type":"post","link":"https:\/\/gazdasagportal.hu\/index.php\/koronavirus-moodys-a-stabilizacio-pillanataban-erte-a-jarvany-a-vilaggazdasagot\/","title":{"rendered":"Koronav\u00edrus &#8211; Moody&#8217;s: a stabiliz\u00e1ci\u00f3 pillanat\u00e1ban \u00e9rte a j\u00e1rv\u00e1ny a vil\u00e1ggazdas\u00e1got"},"content":{"rendered":"<p><strong>Az \u00faj t\u00edpus\u00fa koronav\u00edrus okozta j\u00e1rv\u00e1ny hat\u00e1sai \u00e9ppen akkor \u00e9rt\u00e9k a vil\u00e1ggazdas\u00e1got, amikor az amerikai-k\u00ednai kereskedelmi visz\u00e1ly csendesed\u00e9se \u00e9s a glob\u00e1lis ipari szektor \u00e9l\u00e9nk\u00fcl\u00e9s\u00e9nek els\u0151 jelei a n\u00f6veked\u00e9s stabiliz\u00e1l\u00f3d\u00e1s\u00e1t \u00edg\u00e9rt\u00e9k &#8211; \u00e1ll a Moody&#8217;s Investors Service nemzetk\u00f6zi hitelmin\u0151s\u00edt\u0151 h\u00e9tf\u0151n Londonban ismertetett helyzet\u00e9rt\u00e9kel\u00e9s\u00e9ben.<\/strong><!--more--><\/p>\n<div class=\"ads-in-post1\"><div id=\"gazdasagportal.hu_fullbanner_wideboard\"><\/div>\r\n<\/div>\n<p>    Egy m\u00e1sik nagy londoni elemz\u0151k\u00f6zpont, a Capital Economics ugyancsak h\u00e9tf\u0151n bemutatott tanulm\u00e1nya a k\u00ednai hazai \u00f6sszterm\u00e9k (GDP) negyed\u00e9ves \u00f6sszevet\u00e9s\u0171 cs\u00f6kken\u00e9s\u00e9t val\u00f3sz\u00edn\u0171s\u00edti az idei el\u0151 negyed\u00e9vben.<br \/>\n    A Moody&#8217;s 15 oldalas havi glob\u00e1lis el\u0151rejelz\u00e9s\u00e9ben k\u00f6z\u00f6lte: modellsz\u00e1m\u00edt\u00e1sai szerint a j\u00e1rv\u00e1ny megf\u00e9kez\u00e9s\u00e9re foganatos\u00edtott karant\u00e9n-int\u00e9zked\u00e9sek \u00e9s egy\u00e9b korl\u00e1toz\u00e1sok az id\u00e9n 0,6 sz\u00e1zal\u00e9kponttal lass\u00edtj\u00e1k a k\u00ednai GDP-n\u00f6veked\u00e9st az \u00e1ltala eddig v\u00e1rt \u00fctemhez k\u00e9pest.<br \/>\n    A Moody&#8217;s ennek alapj\u00e1n 5,2 sz\u00e1zal\u00e9kra rontotta a k\u00ednai gazdas\u00e1g idei eg\u00e9sz \u00e9ves n\u00f6veked\u00e9sre sz\u00f3l\u00f3 progn\u00f3zis\u00e1t az eddigi el\u0151rejelz\u00e9s\u00e9ben szerepl\u0151 5,8 sz\u00e1zal\u00e9kr\u00f3l.<br \/>\n    A c\u00e9g nem m\u00f3dos\u00edtotta 2021-re sz\u00f3l\u00f3, 5,7 sz\u00e1zal\u00e9kos k\u00ednai GDP-n\u00f6veked\u00e9ssel sz\u00e1mol\u00f3 el\u0151rejelz\u00e9s\u00e9t.<br \/>\n    A hitelmin\u0151s\u00edt\u0151 hangs\u00falyozta: ezek a progn\u00f3zisok arra a v\u00e1rakoz\u00e1s\u00e1ra alapulnak, hogy a j\u00e1rv\u00e1ny terjed\u00e9se a k\u00f6vetkez\u0151 hetekben m\u00e1r lassulni kezd \u00e9s helyre\u00e1ll a norm\u00e1l gazdas\u00e1gi aktivit\u00e1s K\u00edn\u00e1ban, de az idei els\u0151 negyed\u00e9vben &#8211; k\u00fcl\u00f6n\u00f6sen a k\u00ednai hold\u00faj\u00e9v id\u0151szaka k\u00f6r\u00fcl &#8211; elszenvedett aktivit\u00e1si kies\u00e9st a k\u00ednai gazdas\u00e1gnak nem siker\u00fcl p\u00f3tolnia.<br \/>\n    A Moody&#8217;s k\u00f6z\u00f6lte, hogy a glob\u00e1lis hazai \u00f6sszterm\u00e9k z\u00f6m\u00e9t el\u0151\u00e1ll\u00edt\u00f3 h\u00fasz legnagyobb fejlett \u00e9s felt\u00f6rekv\u0151 gazdas\u00e1gi er\u0151centrumban (G20) &#8211; amelynek tagja az Eur\u00f3pai Uni\u00f3 is &#8211; 2020-ban \u00e1tlagosan 2,4 sz\u00e1zal\u00e9kos n\u00f6veked\u00e9st v\u00e1r, 0,2 sz\u00e1zal\u00e9kponttal lassabbat eddigi el\u0151rejelz\u00e9s\u00e9n\u00e9l, nem kis r\u00e9szben a rontott k\u00ednai n\u00f6veked\u00e9si progn\u00f3zis miatt.<br \/>\n    A hitelmin\u0151s\u00edt\u0151 a G20-csoporton bel\u00fcl a legnagyobb felz\u00e1rk\u00f3z\u00f3 gazdas\u00e1gokban 4,7 sz\u00e1zal\u00e9kos &#8211; a tavalyival azonos &#8211; GDP-n\u00f6veked\u00e9si \u00e1tlagot v\u00e1r 2020-ban, a csoport fejlett ipari gazdas\u00e1gainak idei \u00e1tlagos re\u00e1ln\u00f6veked\u00e9s\u00e9re adott becsl\u00e9s\u00e9t ugyanakkor 0,1 sz\u00e1zal\u00e9kponttal 1,3 sz\u00e1zal\u00e9kra rontotta.<br \/>\n    A Moody&#8217;s a G20-t\u00e9rs\u00e9g eg\u00e9sz\u00e9ben j\u00f6v\u0151re 2,8 sz\u00e1zal\u00e9kig gyorsul\u00f3 \u00e1tlagos GDP-n\u00f6veked\u00e9st v\u00e1r.<br \/>\n    A c\u00e9g kidolgozott egy sz\u00e9ls\u0151s\u00e9gesebb el\u0151rejelz\u00e9si forgat\u00f3k\u00f6nyvet is arra az esetre, ha nem siker\u00fclne kord\u00e1ba szor\u00edtani az \u00faj t\u00edpus\u00fa koronav\u00edrus terjed\u00e9s\u00e9t, \u00e9s emiatt a visszah\u00faz\u00f3 hat\u00e1sok az idei m\u00e1sodik negyed\u00e9vben is v\u00e1ltozatlanul terheln\u00e9k a vil\u00e1ggazdas\u00e1got.<br \/>\n    A hitelmin\u0151s\u00edt\u0151 szerint e forgat\u00f3k\u00f6nyv megval\u00f3sul\u00e1sa eset\u00e9n hi\u00e1nyokat okoz\u00f3 fennakad\u00e1sok keletkezn\u00e9nek a glob\u00e1lis besz\u00e1ll\u00edt\u00f3i h\u00e1l\u00f3zatokban, ez a feldolgoz\u00f3ipari term\u00e9kek glob\u00e1lis \u00e1remelked\u00e9s\u00e9hez vezetne \u00e9s a nyersanyagtermel\u0151 gazdas\u00e1gokat cserear\u00e1ny-roml\u00e1si sokkok \u00e9rn\u00e9k.<br \/>\n<div class=\"ads-in-post2\"><script async src=\"https:\/\/pagead2.googlesyndication.com\/pagead\/js\/adsbygoogle.js\"><\/script>\r\n<ins class=\"adsbygoogle\"\r\n     style=\"display:block\"\r\n     data-ad-format=\"fluid\"\r\n     data-ad-layout-key=\"-6t+ed+2i-1n-4w\"\r\n     data-ad-client=\"ca-pub-1959107119989764\"\r\n     data-ad-slot=\"4008251320\"><\/ins>\r\n<script>\r\n     (adsbygoogle = window.adsbygoogle || []).push({});\r\n<\/script><\/div>\n    Ebben a k\u00f6rnyezetben a Moody&#8217;s pesszimista forgat\u00f3k\u00f6nyv-v\u00e1ltozata a G20-csoportban az id\u00e9n 2,1 sz\u00e1zal\u00e9kos, K\u00edn\u00e1ban mind\u00f6ssze 4 sz\u00e1zal\u00e9kos gazdas\u00e1gi n\u00f6veked\u00e9ssel sz\u00e1molna.<br \/>\n    Az egyik legnagyobb londoni k\u00f6zpont\u00fa glob\u00e1lis p\u00e9nz\u00fcgyi-gazdas\u00e1gi elemz\u0151m\u0171hely, a Capital Economics ugyancsak h\u00e9tf\u0151n bemutatott \u00faj progn\u00f3zisa gyakorlatilag biztosnak nevezi, hogy a k\u00ednai hazai \u00f6sszterm\u00e9k az idei els\u0151 negyed\u00e9vben visszaesik a tavalyi utols\u00f3 h\u00e1rom h\u00f3nap teljes\u00edtm\u00e9ny\u00e9hez k\u00e9pest.<br \/>\n    A h\u00e1z k\u00f6z\u00f6lte: negyed\u00e9ves \u00f6sszevet\u00e9sben 2,5 sz\u00e1zal\u00e9kos visszaes\u00e9st v\u00e1r a k\u00ednai gazdas\u00e1gban 2020 els\u0151 negyed\u00e9ben.<br \/>\n    Neil Shearing, a Capital Economics f\u0151k\u00f6zgazd\u00e1sza, a tanulm\u00e1ny szerz\u0151je a progn\u00f3zis al\u00e1t\u00e1maszt\u00e1sak\u00e9nt hangs\u00falyozza, hogy a sz\u00e1mok m\u00e1ris igen komorak: a K\u00edn\u00e1n bel\u00fcli utasforgalom az idei hold\u00faj\u00e9v idej\u00e9n 60 sz\u00e1zal\u00e9kkal volt alacsonyabb az egy \u00e9vvel kor\u00e1bbi azonos id\u0151szakhoz k\u00e9pest, a k\u00ednai ingatlanpiaci \u00e9rt\u00e9kes\u00edt\u00e9s gyakorlatilag \u00f6sszeomlott, \u00e9s a k\u00ednai export egyik legf\u0151bb t\u00e9rs\u00e9gi felvev\u0151je, D\u00e9l-Korea febru\u00e1r els\u0151 t\u00edz napj\u00e1ban csaknem 50 sz\u00e1zal\u00e9kkal kevesebb k\u00ednai \u00e1rut import\u00e1lt, mint egy \u00e9vvel ezel\u0151tt.<br \/>\n    A Capital Economics vezet\u0151 k\u00f6zgazd\u00e1sza kiemeli, hogy ez a legnagyobb visszaes\u00e9s az 1999-es \u00e1zsiai p\u00e9nz\u00fcgyi v\u00e1ls\u00e1g \u00f3ta, \u00e9s meghaladja a 2008-2009-es glob\u00e1lis p\u00e9nz\u00fcgyi v\u00e1ls\u00e1g idej\u00e9n tapasztalt zuhan\u00e1st is.<br \/>\n    Shearing szerint a j\u00e1rv\u00e1ny okozta mostani kereskedelmi probl\u00e9m\u00e1knak lehet egy sz\u00e9lesebb k\u00f6r\u0171 k\u00f6vetkezm\u00e9nye is: gyors\u00edthatja a globaliz\u00e1ci\u00f3s folyamat visszaford\u00edt\u00e1s\u00e1nak \u00fctem\u00e9t, mivel er\u0151s\u00edtheti a kiterjedt \u00e9s \u00f6sszetett besz\u00e1ll\u00edt\u00f3i l\u00e1ncolatok le\u00e9p\u00edt\u00e9s\u00e9t c\u00e9lz\u00f3 sz\u00e1nd\u00e9kokat.<br \/>\n    A k\u00f6zgazd\u00e1sz hangs\u00falyozza, hogy sz\u00e1mos c\u00e9g m\u00e1ris r\u00e9szegys\u00e9g-hi\u00e1nyok k\u00fcsz\u00f6b\u00f6n\u00e1ll\u00f3 kialakul\u00e1s\u00e1nak vesz\u00e9ly\u00e9re h\u00edvja fel a figyelmet a k\u00ednai gy\u00e1rbez\u00e1r\u00e1sok miatt, s\u0151t egyes v\u00e1llalatok m\u00e1ris a termel\u00e9s felf\u00fcggeszt\u00e9s\u00e9t jelentett\u00e9k be.(MTI)<\/p>\n","protected":false},"excerpt":{"rendered":"<p>Az \u00faj t\u00edpus\u00fa koronav\u00edrus okozta j\u00e1rv\u00e1ny hat\u00e1sai \u00e9ppen akkor \u00e9rt\u00e9k a vil\u00e1ggazdas\u00e1got, amikor az amerikai-k\u00ednai kereskedelmi visz\u00e1ly csendesed\u00e9se \u00e9s a glob\u00e1lis ipari szektor \u00e9l\u00e9nk\u00fcl\u00e9s\u00e9nek els\u0151 jelei a n\u00f6veked\u00e9s stabiliz\u00e1l\u00f3d\u00e1s\u00e1t \u00edg\u00e9rt\u00e9k &#8211; \u00e1ll a Moody&#8217;s Investors Service nemzetk\u00f6zi hitelmin\u0151s\u00edt\u0151 h\u00e9tf\u0151n Londonban ismertetett helyzet\u00e9rt\u00e9kel\u00e9s\u00e9ben.<\/p>\n","protected":false},"author":1,"featured_media":0,"comment_status":"closed","ping_status":"open","sticky":false,"template":"","format":"standard","meta":[],"categories":[12,246],"tags":[],"_links":{"self":[{"href":"https:\/\/gazdasagportal.hu\/index.php\/wp-json\/wp\/v2\/posts\/123967"}],"collection":[{"href":"https:\/\/gazdasagportal.hu\/index.php\/wp-json\/wp\/v2\/posts"}],"about":[{"href":"https:\/\/gazdasagportal.hu\/index.php\/wp-json\/wp\/v2\/types\/post"}],"author":[{"embeddable":true,"href":"https:\/\/gazdasagportal.hu\/index.php\/wp-json\/wp\/v2\/users\/1"}],"replies":[{"embeddable":true,"href":"https:\/\/gazdasagportal.hu\/index.php\/wp-json\/wp\/v2\/comments?post=123967"}],"version-history":[{"count":1,"href":"https:\/\/gazdasagportal.hu\/index.php\/wp-json\/wp\/v2\/posts\/123967\/revisions"}],"predecessor-version":[{"id":123968,"href":"https:\/\/gazdasagportal.hu\/index.php\/wp-json\/wp\/v2\/posts\/123967\/revisions\/123968"}],"wp:attachment":[{"href":"https:\/\/gazdasagportal.hu\/index.php\/wp-json\/wp\/v2\/media?parent=123967"}],"wp:term":[{"taxonomy":"category","embeddable":true,"href":"https:\/\/gazdasagportal.hu\/index.php\/wp-json\/wp\/v2\/categories?post=123967"},{"taxonomy":"post_tag","embeddable":true,"href":"https:\/\/gazdasagportal.hu\/index.php\/wp-json\/wp\/v2\/tags?post=123967"}],"curies":[{"name":"wp","href":"https:\/\/api.w.org\/{rel}","templated":true}]}}