{"id":123961,"date":"2020-02-17T12:36:54","date_gmt":"2020-02-17T11:36:54","guid":{"rendered":"http:\/\/gazdasagportal.hu\/?p=123961"},"modified":"2020-02-17T12:36:54","modified_gmt":"2020-02-17T11:36:54","slug":"tobb-mint-5-milliard-euro-erteku-magyarorszagi-fejlesztest-mutatnak-be-cannes-ban-az-ingatlanszakmai-kiallitason","status":"publish","type":"post","link":"https:\/\/gazdasagportal.hu\/index.php\/tobb-mint-5-milliard-euro-erteku-magyarorszagi-fejlesztest-mutatnak-be-cannes-ban-az-ingatlanszakmai-kiallitason\/","title":{"rendered":"T\u00f6bb mint 5 milli\u00e1rd eur\u00f3 \u00e9rt\u00e9k\u0171 magyarorsz\u00e1gi fejleszt\u00e9st mutatnak be Cannes-ban az ingatlanszakmai ki\u00e1ll\u00edt\u00e1son"},"content":{"rendered":"<p><strong>T\u00f6bb mint 5 milli\u00e1rd eur\u00f3nyi magyarorsz\u00e1gi fejleszt\u00e9st mutatnak be a Magyarorsz\u00e1g-Budapest-standon, Cannes-ban, a vil\u00e1g els\u0151 sz\u00e1m\u00fa ingatlanszakmai ki\u00e1ll\u00edt\u00e1s\u00e1n a MIPIM-en, ahol az \u00e9rdekl\u0151d\u0151k az \u00e1llami \u00e9s a mag\u00e1n beruh\u00e1z\u00e1sokat is megismerhetik &#8211; jelentette be az Ingatlanfejleszt\u0151i Kerekasztal Egyes\u00fclet (IFK) eln\u00f6ke h\u00e9tf\u0151n Budapesten sajt\u00f3t\u00e1j\u00e9koztat\u00f3n.<\/strong><!--more--><\/p>\n<div class=\"ads-in-post1\"><div id=\"gazdasagportal.hu_fullbanner_wideboard\"><\/div>\r\n<\/div>\n<p>    Tak\u00e1cs Ern\u0151 hozz\u00e1tette: b\u00edznak abban, hogy r\u00e9szben az elm\u00falt \u00e9vek ingatlanpiaci teljes\u00edtm\u00e9nye, r\u00e9szben az \u00e1ltaluk bemutatott projektek meggy\u0151zik a befektet\u0151ket, hogy Magyarorsz\u00e1g \u00e9s Budapest j\u00f3 \u00faton j\u00e1r, a magyar gazdas\u00e1g \u00e9s azon bel\u00fcl a k\u00f6lts\u00e9gvet\u00e9s helyzete stabil \u00e9s kisz\u00e1m\u00edthat\u00f3, vagyis, hogy Magyarorsz\u00e1ggal \u00e9s Budapesttel hossz\u00fa t\u00e1von is lehet sz\u00e1molni befektet\u00e9si helysz\u00ednk\u00e9nt.         Az egyes\u00fclet eln\u00f6ke k\u00f6z\u00f6lte, a Magyarorsz\u00e1g-Budapest stand szervez\u00e9s\u00e9ben az IFK mellett a Nemzeti Befektet\u00e9si \u00dcgyn\u00f6ks\u00e9g (HIPA), a Budapest Fejleszt\u00e9si K\u00f6zpont (BFK) \u00e9s a Liget Budapest Projekt is r\u00e9szt vett.<br \/>\n    Tak\u00e1cs Ern\u0151 kiemelte, a m\u00e1rcius 10-13. k\u00f6z\u00f6tt zajl\u00f3 szakki\u00e1ll\u00edt\u00e1s \u00e9s v\u00e1s\u00e1r jelent\u0151s\u00e9g\u00e9t mutatja, hogy Cannes-ban 7000 nemzetk\u00f6zi befektet\u0151 sz\u00e1m\u00e1ra mutathatj\u00e1k be azokat a kultur\u00e1lis, oktat\u00e1si projekteket, amelyek Magyarorsz\u00e1gon t\u00f6rt\u00e9nnek. A kult\u00fara ter\u00fclet\u00e9n kiemelkedik a Liget Budapest projekt \u00e9s a M\u00fazeumi Negyed, az oktat\u00e1sn\u00e1l a MOME \u00e9s a Ludovika Kampusza, valamint p\u00e9ldak\u00e9nt eml\u00edtette m\u00e9g a Budapest D\u00e9li V\u00e1roskapu Fejleszt\u00e9si Programot. Ezeket az \u00e1llami nagyberuh\u00e1z\u00e1sokat a Budapest Fejleszt\u00e9si K\u00f6zpont (BFK) prezent\u00e1lja majd a l\u00e1togat\u00f3knak.<br \/>\n<div class=\"ads-in-post2\"><script async src=\"https:\/\/pagead2.googlesyndication.com\/pagead\/js\/adsbygoogle.js\"><\/script>\r\n<ins class=\"adsbygoogle\"\r\n     style=\"display:block\"\r\n     data-ad-format=\"fluid\"\r\n     data-ad-layout-key=\"-6t+ed+2i-1n-4w\"\r\n     data-ad-client=\"ca-pub-1959107119989764\"\r\n     data-ad-slot=\"4008251320\"><\/ins>\r\n<script>\r\n     (adsbygoogle = window.adsbygoogle || []).push({});\r\n<\/script><\/div>\n    A Magyarorsz\u00e1g-Budapest Standon mindezek mellett az \u00e9rdekl\u0151d\u0151k a magyar piac legjelent\u0151sebb ingatlanfejleszt\u0151inek &#8211; az Atenor, a Futureal-csoport, a TriGranit \u00e9s a WING &#8211; a legfrissebb, folyamatban l\u00e9v\u0151 fejleszt\u00e9seit is megismerhetik, amelyek nagy r\u00e9sze irodah\u00e1z, illetve sz\u00e1lloda- \u00e9s lak\u00f3ingatlan fejleszt\u00e9s. A szakki\u00e1ll\u00edt\u00e1son a f\u0151v\u00e1ros mellett a vid\u00e9ki nagyv\u00e1rosok, \u00edgy p\u00e9ld\u00e1ul Debrecen, Szeged \u00e9s Miskolc is bemutathatj\u00e1k beruh\u00e1z\u00e1si projektjeiket.     Tak\u00e1cs Ern\u0151 elmondta, tavaly 1,72 milli\u00e1rd eur\u00f3 befektet\u00e9si t\u0151ke \u00e9rkezett a magyarorsz\u00e1gi ingatlanpiacra, a magyar gazdas\u00e1g stabilit\u00e1sa, kisz\u00e1m\u00edthat\u00f3s\u00e1ga miatt az egyes\u00fclet b\u00edzik benne, hogy id\u00e9n az ingatlanpiacon a befektet\u00e9si tranzakci\u00f3s forgalom el\u00e9ri a 2 milli\u00e1rd eur\u00f3t.       Gyorgyevics Benedek, a Liget Budapest Projekt fejleszt\u00e9s\u00e9\u00e9rt felel\u0151s V\u00e1rosliget Zrt. vez\u00e9rigazgat\u00f3ja elmondta, a Liget projekt egy olyan volumen\u0171 kultur\u00e1lis beruh\u00e1z\u00e1s, amely az eg\u00e9sz nyugati vil\u00e1gban p\u00e1ratlan, ez\u00e9rt fontos eredm\u00e9ny, hogy id\u00e9n m\u00e1r 4. alkalommal vehetnek r\u00e9szt Cannes-ban a vil\u00e1g legnagyobb ingatlanfejleszt\u00e9si v\u00e1s\u00e1r\u00e1n \u00e9s szakki\u00e1ll\u00edt\u00e1s\u00e1n. Az esem\u00e9nyen t\u00f6bb ezer ki\u00e1ll\u00edt\u00f3 vesz r\u00e9szt, a l\u00e1togat\u00f3k sz\u00e1ma pedig t\u00f6bb t\u00edzezerre tehet\u0151.     K\u00f6z\u00f6lte, hogy m\u00edg a kor\u00e1bbi \u00e9vekben m\u00e9g csak tervekkel, kiviteli tervekkel, makettekkel, addig id\u00e9n m\u00e1r az elk\u00e9sz\u00fclt \u00e9p\u00fcletekkel tudj\u00e1k megismertetni a ki\u00e1ll\u00edt\u00e1s r\u00e9sztvev\u0151it.     Gyorgyevics Benedek a Liget projekthez k\u00f6t\u0151d\u0151 fejleszt\u00e9sek k\u00f6z\u00fcl kiemelte a Sz\u00e9pm\u0171v\u00e9szeti M\u00fazeum t\u00f6rt\u00e9net\u00e9nek legnagyobb \u00e9s leg\u00e1tfog\u00f3bb fel\u00faj\u00edt\u00e1s\u00e1t, a m\u00fazeum \u00fajranyit\u00e1sa \u00f3ta a l\u00e1togat\u00f3k sz\u00e1ma megk\u00f6zel\u00edtette az egymilli\u00f3t. A kor\u00e1bbi nev\u00e9n Olof Palme h\u00e1z pedig Millennium H\u00e1za n\u00e9ven sz\u00fcletett \u00fajj\u00e1, az elm\u00falt h\u00e1rom h\u00f3napban a l\u00e1togat\u00f3k sz\u00e1ma m\u00e1r csaknem el\u00e9rte a 40 ezret.     Besz\u00e1molt arr\u00f3l is, hogy a fejleszt\u00e9sek id\u00e9n is folytat\u00f3dnak: szeptemberben megnyitnak egy 800 aut\u00f3 befogad\u00e1s\u00e1ra alkalmas m\u00e9lygar\u00e1zst, amely a Liget aut\u00f3s megk\u00f6zel\u00edt\u00e9s\u00e9t teszi lehet\u0151v\u00e9, 2021 v\u00e9g\u00e9n pedig \u00e1tadj\u00e1k a Magyar Zene H\u00e1z\u00e1t, valamint a t\u00f6bbsz\u00f6r\u00f6s d\u00edjnyertes N\u00e9prajzi M\u00fazeumot.(MTI)<\/p>\n","protected":false},"excerpt":{"rendered":"<p>T\u00f6bb mint 5 milli\u00e1rd eur\u00f3nyi magyarorsz\u00e1gi fejleszt\u00e9st mutatnak be a Magyarorsz\u00e1g-Budapest-standon, Cannes-ban, a vil\u00e1g els\u0151 sz\u00e1m\u00fa ingatlanszakmai ki\u00e1ll\u00edt\u00e1s\u00e1n a MIPIM-en, ahol az \u00e9rdekl\u0151d\u0151k az \u00e1llami \u00e9s a mag\u00e1n beruh\u00e1z\u00e1sokat is megismerhetik &#8211; jelentette be az Ingatlanfejleszt\u0151i Kerekasztal Egyes\u00fclet (IFK) eln\u00f6ke h\u00e9tf\u0151n Budapesten sajt\u00f3t\u00e1j\u00e9koztat\u00f3n.<\/p>\n","protected":false},"author":1,"featured_media":0,"comment_status":"closed","ping_status":"open","sticky":false,"template":"","format":"standard","meta":[],"categories":[4,19],"tags":[],"_links":{"self":[{"href":"https:\/\/gazdasagportal.hu\/index.php\/wp-json\/wp\/v2\/posts\/123961"}],"collection":[{"href":"https:\/\/gazdasagportal.hu\/index.php\/wp-json\/wp\/v2\/posts"}],"about":[{"href":"https:\/\/gazdasagportal.hu\/index.php\/wp-json\/wp\/v2\/types\/post"}],"author":[{"embeddable":true,"href":"https:\/\/gazdasagportal.hu\/index.php\/wp-json\/wp\/v2\/users\/1"}],"replies":[{"embeddable":true,"href":"https:\/\/gazdasagportal.hu\/index.php\/wp-json\/wp\/v2\/comments?post=123961"}],"version-history":[{"count":1,"href":"https:\/\/gazdasagportal.hu\/index.php\/wp-json\/wp\/v2\/posts\/123961\/revisions"}],"predecessor-version":[{"id":123962,"href":"https:\/\/gazdasagportal.hu\/index.php\/wp-json\/wp\/v2\/posts\/123961\/revisions\/123962"}],"wp:attachment":[{"href":"https:\/\/gazdasagportal.hu\/index.php\/wp-json\/wp\/v2\/media?parent=123961"}],"wp:term":[{"taxonomy":"category","embeddable":true,"href":"https:\/\/gazdasagportal.hu\/index.php\/wp-json\/wp\/v2\/categories?post=123961"},{"taxonomy":"post_tag","embeddable":true,"href":"https:\/\/gazdasagportal.hu\/index.php\/wp-json\/wp\/v2\/tags?post=123961"}],"curies":[{"name":"wp","href":"https:\/\/api.w.org\/{rel}","templated":true}]}}