{"id":123949,"date":"2020-02-17T08:34:50","date_gmt":"2020-02-17T07:34:50","guid":{"rendered":"http:\/\/gazdasagportal.hu\/?p=123949"},"modified":"2020-02-17T08:34:50","modified_gmt":"2020-02-17T07:34:50","slug":"koronavirus-kiengedtek-a-korhazbol-a-vuhanbol-hazatert-magyarokat","status":"publish","type":"post","link":"https:\/\/gazdasagportal.hu\/index.php\/koronavirus-kiengedtek-a-korhazbol-a-vuhanbol-hazatert-magyarokat\/","title":{"rendered":"Koronav\u00edrus &#8211; Kiengedt\u00e9k a k\u00f3rh\u00e1zb\u00f3l a Vuhanb\u00f3l hazat\u00e9rt magyarokat"},"content":{"rendered":"<p><strong>Semmilyen t\u00fcnetet nem mutattak a D\u00e9l-pesti Centrumk\u00f3rh\u00e1zban k\u00e9t h\u00e9tig karant\u00e9nban tartott magyarok, a Covid-19 koronav\u00edrus \u00e1ltal okozott fert\u0151z\u00f6tts\u00e9g nem igazol\u00f3dott, \u00edgy hazamehettek &#8211; mondta el az eg\u00e9szs\u00e9g\u00fcgy\u00e9rt felel\u0151s \u00e1llamtitk\u00e1r h\u00e9tf\u0151n az M1 aktu\u00e1lis csatorn\u00e1n.<\/strong><!--more--><\/p>\n<div class=\"ads-in-post1\"><div id=\"gazdasagportal.hu_fullbanner_wideboard\"><\/div>\r\n<\/div>\n<p>    Horv\u00e1th Ildik\u00f3 kit\u00e9rt arra, hogy nemr\u00e9g az eur\u00f3pai uni\u00f3 eg\u00e9szs\u00e9g\u00fcgyi miniszterei abban \u00e1llapodtak meg, \u00f6sszehangolj\u00e1k a koronav\u00edrus elleni int\u00e9zked\u00e9seiket.<br \/>\n    Az uni\u00f3s tagorsz\u00e1gok azonnali inform\u00e1ci\u00f3cser\u00e9t folytatnak &#8211; mondta, hangs\u00falyozva, hogy ez sz\u00fcks\u00e9ges, mivel m\u00e1r t\u00f6rt\u00e9nt n\u00e9h\u00e1ny koronav\u00edrus okozta megbeteged\u00e9s Eur\u00f3p\u00e1ban. Az emberek utaznak, \u00edgy felt\u00e9tlen\u00fcl sz\u00fcks\u00e9ges tudni, hogy hol vannak megbeteged\u00e9sek, \u00e9s hogy azokat megfelel\u0151en izol\u00e1lj\u00e1k-e &#8211; f\u0171zte hozz\u00e1.<br \/>\n<div class=\"ads-in-post2\"><script async src=\"https:\/\/pagead2.googlesyndication.com\/pagead\/js\/adsbygoogle.js\"><\/script>\r\n<ins class=\"adsbygoogle\"\r\n     style=\"display:block\"\r\n     data-ad-format=\"fluid\"\r\n     data-ad-layout-key=\"-6t+ed+2i-1n-4w\"\r\n     data-ad-client=\"ca-pub-1959107119989764\"\r\n     data-ad-slot=\"4008251320\"><\/ins>\r\n<script>\r\n     (adsbygoogle = window.adsbygoogle || []).push({});\r\n<\/script><\/div>\n    Magyarorsz\u00e1g kialak\u00edtotta azokat az ellen\u0151rz\u00e9si mechanizmusokat, amelyek kisz\u0171rhetik a fert\u0151z\u00f6tt embernek orsz\u00e1gba \u00e9rkez\u00e9s\u00e9t &#8211; emelte ki.<br \/>\n    Az eg\u00e9szs\u00e9g\u00fcgy\u00e9rt felel\u0151s \u00e1llamtitk\u00e1r azzal kapcsolatban, hogy 19 milli\u00e1rd forint \u00e1ll a k\u00f3rh\u00e1zak rendelkez\u00e9s\u00e9re sz\u00e1ml\u00e1ik rendez\u00e9s\u00e9re, azt mondta, az int\u00e9zm\u00e9nyeknek \u00f6t munkanapjuk van sz\u00e1ml\u00e1ik kiegyenl\u00edt\u00e9s\u00e9re.<br \/>\n    C\u00e9l, hogy 2020-t\u00f3l a k\u00f3rh\u00e1zak finansz\u00edroz\u00e1sa \u00fagy t\u00f6rt\u00e9njen, hogy a gazd\u00e1lkod\u00e1suk fenntarthat\u00f3, tervezhet\u0151 legyen &#8211; tette hozz\u00e1.(MTI)<\/p>\n","protected":false},"excerpt":{"rendered":"<p>Semmilyen t\u00fcnetet nem mutattak a D\u00e9l-pesti Centrumk\u00f3rh\u00e1zban k\u00e9t h\u00e9tig karant\u00e9nban tartott magyarok, a Covid-19 koronav\u00edrus \u00e1ltal okozott fert\u0151z\u00f6tts\u00e9g nem igazol\u00f3dott, \u00edgy hazamehettek &#8211; mondta el az eg\u00e9szs\u00e9g\u00fcgy\u00e9rt felel\u0151s \u00e1llamtitk\u00e1r h\u00e9tf\u0151n az M1 aktu\u00e1lis csatorn\u00e1n.<\/p>\n","protected":false},"author":1,"featured_media":0,"comment_status":"closed","ping_status":"open","sticky":false,"template":"","format":"standard","meta":[],"categories":[4],"tags":[],"_links":{"self":[{"href":"https:\/\/gazdasagportal.hu\/index.php\/wp-json\/wp\/v2\/posts\/123949"}],"collection":[{"href":"https:\/\/gazdasagportal.hu\/index.php\/wp-json\/wp\/v2\/posts"}],"about":[{"href":"https:\/\/gazdasagportal.hu\/index.php\/wp-json\/wp\/v2\/types\/post"}],"author":[{"embeddable":true,"href":"https:\/\/gazdasagportal.hu\/index.php\/wp-json\/wp\/v2\/users\/1"}],"replies":[{"embeddable":true,"href":"https:\/\/gazdasagportal.hu\/index.php\/wp-json\/wp\/v2\/comments?post=123949"}],"version-history":[{"count":1,"href":"https:\/\/gazdasagportal.hu\/index.php\/wp-json\/wp\/v2\/posts\/123949\/revisions"}],"predecessor-version":[{"id":123950,"href":"https:\/\/gazdasagportal.hu\/index.php\/wp-json\/wp\/v2\/posts\/123949\/revisions\/123950"}],"wp:attachment":[{"href":"https:\/\/gazdasagportal.hu\/index.php\/wp-json\/wp\/v2\/media?parent=123949"}],"wp:term":[{"taxonomy":"category","embeddable":true,"href":"https:\/\/gazdasagportal.hu\/index.php\/wp-json\/wp\/v2\/categories?post=123949"},{"taxonomy":"post_tag","embeddable":true,"href":"https:\/\/gazdasagportal.hu\/index.php\/wp-json\/wp\/v2\/tags?post=123949"}],"curies":[{"name":"wp","href":"https:\/\/api.w.org\/{rel}","templated":true}]}}