{"id":123942,"date":"2020-02-17T00:21:44","date_gmt":"2020-02-16T23:21:44","guid":{"rendered":"http:\/\/gazdasagportal.hu\/?p=123942"},"modified":"2020-02-17T00:21:44","modified_gmt":"2020-02-16T23:21:44","slug":"a-heten-is-sok-lesz-a-napsutes-2","status":"publish","type":"post","link":"https:\/\/gazdasagportal.hu\/index.php\/a-heten-is-sok-lesz-a-napsutes-2\/","title":{"rendered":"A h\u00e9ten is sok lesz a naps\u00fct\u00e9s"},"content":{"rendered":"<p><strong>A h\u00e9ten is sok lesz a naps\u00fct\u00e9s, de olykor es\u0151re, a hegyekben h\u00f3z\u00e1porra is k\u00e9sz\u00fclni kell. Emellett ism\u00e9t t\u00f6bbsz\u00f6r lesz er\u0151s, n\u00e9hol viharos a sz\u00e9l &#8211; der\u00fcl ki az Orsz\u00e1gos Meteorol\u00f3giai Szolg\u00e1lat orsz\u00e1gos, k\u00f6z\u00e9pt\u00e1v\u00fa el\u0151rejelz\u00e9s\u00e9b\u0151l, amelyet vas\u00e1rnap juttattak el az MTI-nek.<\/strong><!--more--><\/p>\n<div class=\"ads-in-post1\"><div id=\"gazdasagportal.hu_fullbanner_wideboard\"><\/div>\r\n<\/div>\n<p>    H\u00e9tf\u0151n a k\u00f6d d\u00e9lel\u0151tti feloszl\u00e1s\u00e1t k\u00f6vet\u0151en kis\u00fct a nap. A sz\u00e9l sokfel\u00e9 \u00e9l\u00e9nk, f\u0151k\u00e9nt a D\u00e9l-Dun\u00e1nt\u00falon er\u0151s lesz. A legalacsonyabb h\u0151m\u00e9rs\u00e9klet m\u00ednusz 3 \u00e9s plusz 8 fok k\u00f6z\u00f6tt v\u00e1rhat\u00f3, hidegebbre az \u00e9szakkeleti t\u00e1jakon, enyh\u00e9bb id\u0151re a Nyugat-Dun\u00e1nt\u00falon lehet sz\u00e1m\u00edtani. A legmagasabb h\u0151m\u00e9rs\u00e9klet 10-18 fok k\u00f6z\u00f6tt val\u00f3sz\u00edn\u0171 \u00e9szakkeleten az alacsonyabb \u00e9rt\u00e9kekkel.<br \/>\n    Kedden hosszabb-r\u00f6videbb id\u0151re kis\u00fct a nap. F\u0151k\u00e9nt \u00e9szakon elsz\u00f3rtan lehet kisebb es\u0151, z\u00e1por. A sz\u00e9l nagy ter\u00fcleten meger\u0151s\u00f6dik, az \u00c9szak-Dun\u00e1nt\u00falon n\u00e9hol vihaross\u00e1 fokoz\u00f3dik. A leghidegebb \u00f3r\u00e1kban 2-9, napk\u00f6zben 9-15 fok lesz.<br \/>\n    Szerd\u00e1n d\u00e9lut\u00e1nt\u00f3l egyre t\u00f6bbfel\u00e9 v\u00e1rhat\u00f3 es\u0151, est\u00e9t\u0151l \u00e9szaknyugaton n\u00e9hol havas es\u0151 is lehet. Helyenk\u00e9nt meger\u0151s\u00f6dik a sz\u00e9l. A minimumh\u0151m\u00e9rs\u00e9klet m\u00ednusz 3 \u00e9s plusz 4, a maximumh\u0151m\u00e9rs\u00e9klet 8-12 fok k\u00f6z\u00f6tt val\u00f3sz\u00edn\u0171.<br \/>\n    Cs\u00fct\u00f6rt\u00f6k\u00f6n napos id\u0151 lesz. Eleinte f\u0151k\u00e9nt keleten z\u00e1por, a hegyekben h\u00f3z\u00e1por is el\u0151fordulhat, majd megsz\u0171nik a csapad\u00e9k. T\u00f6bbfel\u00e9 meger\u0151s\u00f6dik a sz\u00e9l. A legalacsonyabb h\u0151m\u00e9rs\u00e9klet m\u00ednusz 3 \u00e9s plusz 3, a legmagasabb h\u0151m\u00e9rs\u00e9klet 6 \u00e9s 11 fok k\u00f6z\u00f6tt val\u00f3sz\u00edn\u0171.<br \/>\n<div class=\"ads-in-post2\"><script async src=\"https:\/\/pagead2.googlesyndication.com\/pagead\/js\/adsbygoogle.js\"><\/script>\r\n<ins class=\"adsbygoogle\"\r\n     style=\"display:block\"\r\n     data-ad-format=\"fluid\"\r\n     data-ad-layout-key=\"-6t+ed+2i-1n-4w\"\r\n     data-ad-client=\"ca-pub-1959107119989764\"\r\n     data-ad-slot=\"4008251320\"><\/ins>\r\n<script>\r\n     (adsbygoogle = window.adsbygoogle || []).push({});\r\n<\/script><\/div>\n    P\u00e9nteken n\u00e9h\u00e1ny \u00f3r\u00e1ra minden\u00fctt kis\u00fct a nap. Elsz\u00f3rtan z\u00e1por, \u00e9szakon, \u00e9szakkeleten n\u00e9hol h\u00f3z\u00e1por el\u0151fordulhat. A sz\u00e9l t\u00f6bbfel\u00e9 meg\u00e9l\u00e9nk\u00fcl, majd meger\u0151s\u00f6dik, n\u00e9hol vihaross\u00e1 fokoz\u00f3dik. A leghidegebb \u00f3r\u00e1kban m\u00ednusz 5 \u00e9s plus 2, napk\u00f6zben plusz 4 \u00e9s 10 fok k\u00f6z\u00f6tt alakul a h\u0151m\u00e9rs\u00e9klet.<br \/>\n    Szombaton n\u00e9h\u00e1ny \u00f3r\u00e1s naps\u00fct\u00e9s mellett helyenk\u00e9nt alakulhat ki z\u00e1por. A sz\u00e9l t\u00f6bbfel\u00e9 meger\u0151s\u00f6dik. A legalacsonyabb h\u0151m\u00e9rs\u00e9klet m\u00ednusz 4 \u00e9s plusz 1, a legmagasabb h\u0151m\u00e9rs\u00e9klet 6 \u00e9s 12 fok k\u00f6z\u00f6tt val\u00f3sz\u00edn\u0171.<br \/>\n    Vas\u00e1rnap t\u00f6bb helyen alakul ki es\u0151, z\u00e1por. A sz\u00e9l t\u00f6bbfel\u00e9 er\u0151s, n\u00e9hol viharos lesz. A minimumh\u0151m\u00e9rs\u00e9klet plusz 3 \u00e9s 8, a maximumh\u0151m\u00e9rs\u00e9klet 9 \u00e9s 15 fok k\u00f6z\u00f6tt alakul &#8211; olvashat\u00f3 az el\u0151rejelz\u00e9sben.(MTI)<\/p>\n","protected":false},"excerpt":{"rendered":"<p>A h\u00e9ten is sok lesz a naps\u00fct\u00e9s, de olykor es\u0151re, a hegyekben h\u00f3z\u00e1porra is k\u00e9sz\u00fclni kell. Emellett ism\u00e9t t\u00f6bbsz\u00f6r lesz er\u0151s, n\u00e9hol viharos a sz\u00e9l &#8211; der\u00fcl ki az Orsz\u00e1gos Meteorol\u00f3giai Szolg\u00e1lat orsz\u00e1gos, k\u00f6z\u00e9pt\u00e1v\u00fa el\u0151rejelz\u00e9s\u00e9b\u0151l, amelyet vas\u00e1rnap juttattak el az MTI-nek.<\/p>\n","protected":false},"author":1001003,"featured_media":0,"comment_status":"closed","ping_status":"open","sticky":false,"template":"","format":"standard","meta":[],"categories":[4],"tags":[],"_links":{"self":[{"href":"https:\/\/gazdasagportal.hu\/index.php\/wp-json\/wp\/v2\/posts\/123942"}],"collection":[{"href":"https:\/\/gazdasagportal.hu\/index.php\/wp-json\/wp\/v2\/posts"}],"about":[{"href":"https:\/\/gazdasagportal.hu\/index.php\/wp-json\/wp\/v2\/types\/post"}],"author":[{"embeddable":true,"href":"https:\/\/gazdasagportal.hu\/index.php\/wp-json\/wp\/v2\/users\/1001003"}],"replies":[{"embeddable":true,"href":"https:\/\/gazdasagportal.hu\/index.php\/wp-json\/wp\/v2\/comments?post=123942"}],"version-history":[{"count":1,"href":"https:\/\/gazdasagportal.hu\/index.php\/wp-json\/wp\/v2\/posts\/123942\/revisions"}],"predecessor-version":[{"id":123943,"href":"https:\/\/gazdasagportal.hu\/index.php\/wp-json\/wp\/v2\/posts\/123942\/revisions\/123943"}],"wp:attachment":[{"href":"https:\/\/gazdasagportal.hu\/index.php\/wp-json\/wp\/v2\/media?parent=123942"}],"wp:term":[{"taxonomy":"category","embeddable":true,"href":"https:\/\/gazdasagportal.hu\/index.php\/wp-json\/wp\/v2\/categories?post=123942"},{"taxonomy":"post_tag","embeddable":true,"href":"https:\/\/gazdasagportal.hu\/index.php\/wp-json\/wp\/v2\/tags?post=123942"}],"curies":[{"name":"wp","href":"https:\/\/api.w.org\/{rel}","templated":true}]}}