{"id":123936,"date":"2020-02-17T04:44:15","date_gmt":"2020-02-17T03:44:15","guid":{"rendered":"http:\/\/gazdasagportal.hu\/?p=123936"},"modified":"2020-02-17T00:12:36","modified_gmt":"2020-02-16T23:12:36","slug":"evertekelo-orban-magyarorszag-mindenek-elott","status":"publish","type":"post","link":"https:\/\/gazdasagportal.hu\/index.php\/evertekelo-orban-magyarorszag-mindenek-elott\/","title":{"rendered":"\u00c9v\u00e9rt\u00e9kel\u0151 &#8211; Orb\u00e1n: Magyarorsz\u00e1g mindenek el\u0151tt"},"content":{"rendered":"<p><strong>Magyarorsz\u00e1g mindenek el\u0151tt &#8211; hangoztatta Orb\u00e1n Viktor minisztereln\u00f6k vas\u00e1rnap Budapesten, a V\u00e1rkert Baz\u00e1rban tartott \u00e9v\u00e9rt\u00e9kel\u0151 besz\u00e9d\u00e9ben, amelyben egyebek mellett arr\u00f3l is besz\u00e9lt: a korm\u00e1ny kl\u00edmav\u00e9delmi akci\u00f3tervet fogadott el, 2020 \u00e9s 2021 pedig az orsz\u00e1g\u00e9p\u00edt\u00e9s folytat\u00e1sa lesz.<\/strong><!--more--><\/p>\n<div class=\"ads-in-post1\"><div id=\"gazdasagportal.hu_fullbanner_wideboard\"><\/div>\r\n<\/div>\n<p>    A korm\u00e1nyf\u0151 besz\u00e9d\u00e9t azzal kezdte, hogy ma, sz\u00e1z \u00e9vvel a trianoni hal\u00e1los \u00edt\u00e9let ut\u00e1n azt jelentheti: &#8222;\u00e9l\u00fcnk, \u00e9s Magyarorsz\u00e1g m\u00e9g mindig megvan&#8221;.<br \/>\n    Hozz\u00e1tette: nem csak \u00e9l\u00fcnk, de ki is szabadultunk az ellens\u00e9ges gy\u0171r\u0171 szor\u00edt\u00e1s\u00e1b\u00f3l.<br \/>\n    Az \u00fajra nemzeti alapokra \u00e1ll\u00edtott Szlov\u00e1ki\u00e1val, Szerbi\u00e1val, Horv\u00e1torsz\u00e1ggal \u00e9s Szlov\u00e9ni\u00e1val megtal\u00e1ljuk a hangot, sz\u00e9les egy\u00fcttm\u0171k\u00f6d\u00e9st, s\u0151t sz\u00f6vets\u00e9geket is alak\u00edthatunk &#8211; k\u00f6z\u00f6lte a minisztereln\u00f6k.<br \/>\n    A t\u00f6rt\u00e9nelem \u00fajra megadta az es\u00e9lyt, hogy a k\u00f6z\u00e9p-eur\u00f3pai n\u00e9pek &#8211; saj\u00e1t nemzeti \u00e9rdekeik alapj\u00e1n &#8211; \u00faj sz\u00f6vets\u00e9gi rendszert \u00e9p\u00edtsenek ki, \u00e9s \u00edgy a keletr\u0151l \u00e9s nyugatr\u00f3l fenyeget\u0151 vesz\u00e9lyekkel szemben is megv\u00e9dhetj\u00fck magunkat &#8211; mondta Orb\u00e1n Viktor.<br \/>\n    Arr\u00f3l is besz\u00e9lt, minden felemelked\u0151 nemzet sikert\u00f6rt\u00e9nete az \u00f6nbecs\u00fcl\u00e9s meger\u0151s\u00edt\u00e9s\u00e9vel kezd\u0151dik, a bajba jutott orsz\u00e1gok polg\u00e1rainak szem\u00e9lyes \u00f6nbecs\u00fcl\u00e9se pedig csak nemzet\u00fck\u00e9vel egy\u00fctt t\u00e9rhet vissza. A felemelked\u00e9s kulcsa teh\u00e1t a nemzeti \u00f6nbecs\u00fcl\u00e9s helyre\u00e1ll\u00edt\u00e1sa &#8211; mondta.<br \/>\n    Felid\u00e9zte azt a 2010-es c\u00e9lkit\u0171z\u00e9st, hogy &#8222;bizony\u00edtsuk be magunknak \u00e9s a vil\u00e1gnak, m\u00e9g mindig vagyunk valakik&#8221;. &#8222;\u00dagy gondoltuk, vagy tal\u00e1lunk egy utat, vagy csin\u00e1lunk egyet. \u00c9s mivel a Br\u00fcsszel \u00e9s Washington \u00e1ltal kijel\u00f6lt utak nek\u00fcnk nem voltak j\u00e1rhat\u00f3ak, k\u00e9nytelenek voltunk \u00fajat csin\u00e1lni&#8221; &#8211; mondta, hozz\u00e1t\u00e9ve: t\u00edz \u00e9v ut\u00e1n &#8222;kell\u0151 szer\u00e9nys\u00e9ggel&#8221; azt mondhatja, &#8222;kital\u00e1ltuk \u00e9s meg is csin\u00e1ltuk&#8221;.<br \/>\n<div class=\"ads-in-post2\"><script async src=\"https:\/\/pagead2.googlesyndication.com\/pagead\/js\/adsbygoogle.js\"><\/script>\r\n<ins class=\"adsbygoogle\"\r\n     style=\"display:block\"\r\n     data-ad-format=\"fluid\"\r\n     data-ad-layout-key=\"-6t+ed+2i-1n-4w\"\r\n     data-ad-client=\"ca-pub-1959107119989764\"\r\n     data-ad-slot=\"4008251320\"><\/ins>\r\n<script>\r\n     (adsbygoogle = window.adsbygoogle || []).push({});\r\n<\/script><\/div>\n    Az IMF-et hazak\u00fcldt\u00e9k, a hiteleket id\u0151 el\u0151tt visszafizett\u00e9k, l\u00e9trehoztak 850 ezer munkahelyet, felsz\u00e1molt\u00e1k az &#8222;ingyen\u00e9l\u00e9st&#8221;, a p\u00e9nz\u00fcgyeket rendbe tett\u00e9k, a dolgoz\u00f3knak megadt\u00e1k a tiszteletet \u00e9s a megbecs\u00fcl\u00e9st, a csal\u00e1dok megkapt\u00e1k az elismer\u00e9st, a nagycsal\u00e1dok nagy elismer\u00e9st kaptak, megind\u00edtott\u00e1k a nemzetegyes\u00edt\u00e9st, \u00e9s a hat\u00e1ron t\u00falra k\u00e9nyszer\u00fclt magyar k\u00f6z\u00f6ss\u00e9geket \u00f6sszek\u00f6t\u00f6tt\u00e9k az anyaorsz\u00e1ggal &#8211; sorolta.<br \/>\n    Kiemelte a korm\u00e1nyf\u0151 azt is, hogy a h\u00e9ten k\u00f6zz\u00e9tett br\u00fcsszeli gazdas\u00e1gi jelent\u00e9sekben eg\u00e9sz Eur\u00f3pa azt olvashatja: \u00fagy t\u0171nik, 2019-ben a magyar gazdas\u00e1g n\u0151tt a leggyorsabban az eg\u00e9sz kontinensen.<br \/>\n    Arr\u00f3l is besz\u00e9lt, hogy &#8222;Magyarorsz\u00e1got a volt kommunist\u00e1kb\u00f3l \u00e1ll\u00f3 korm\u00e1ny vitte cs\u0151dbe liber\u00e1lis politik\u00e1j\u00e1val&#8221;. &#8222;Ez a p\u00e9lda meger\u0151s\u00edti azt a felt\u00e9telez\u00e9st, hogy olyan, hogy liber\u00e1lis, nincs is. A liber\u00e1lis nem m\u00e1s, mint diplom\u00e1s kommunista&#8221; &#8211; fogalmazott, \u00fagy folytatva: &#8222;ha megfogadtuk volna a tan\u00e1csukat, akkor most Magyarorsz\u00e1g egy k\u00f3rteremben fek\u00fcdne, IMF- \u00e9s br\u00fcsszeli hitelek cs\u00f6vei l\u00f3gn\u00e1nak minden v\u00e9gtagj\u00e1b\u00f3l, \u00e9s Soros Gy\u00f6rgy kez\u00e9ben lenne a hitelek csapja&#8221;.<br \/>\n    \u00dagy fogalmazott: ebben nincs semmi t\u00falz\u00e1s, &#8222;\u00e9n, aki t\u00f6bb mint harminc \u00e9ve nyomom az ipart a politik\u00e1ban, saj\u00e1t szememmel l\u00e1ttam, hogy Soros Gy\u00f6rgy h\u00e1romszor pr\u00f3b\u00e1lta meg kifosztani Magyarorsz\u00e1got&#8221;.<br \/>\n    Orb\u00e1n Viktor sz\u00f3lt tov\u00e1bb\u00e1 arr\u00f3l, hogy \u00fajra nemzeti konzult\u00e1ci\u00f3ra k\u00e9sz\u00fcl\u00fcnk, amire &#8222;ism\u00e9t a k\u00e9nyszer visz r\u00e1&#8221;, \u00e9s egyet\u00e9rt\u00e9si pontokat kell l\u00e9trehozni, hogy a korm\u00e1nynak legyen mire r\u00e1\u00e1llnia, legyen hol megvetnie a l\u00e1b\u00e1t.<br \/>\n    A korm\u00e1nyf\u0151 hangs\u00falyozta: Eur\u00f3p\u00e1ban az a helyzet \u00e1llt el\u0151, hogy a d\u00f6nt\u00e9shoz\u00f3knak &#8222;az er\u0151szakos b\u0171n\u00f6z\u0151k jogai fontosabbak lettek a t\u00f6rv\u00e9nytisztel\u0151 emberek jogain\u00e1l&#8221;; &#8222;g\u00fanyt \u0171znek az igazs\u00e1gb\u00f3l, a becs\u00fcletes emberek eg\u00e9szs\u00e9ges \u00e9let\u00f6szt\u00f6neib\u0151l, \u00e9s az \u00e1ldozatok helyett az elk\u00f6vet\u0151ket v\u00e9den\u00e9k&#8221;.<br \/>\n    K\u00f6z\u00f6lte: ez a veszedelmes jelens\u00e9g Magyarorsz\u00e1got is el\u00e9rte, \u00e9s komoly vit\u00e1kra, nemzetk\u00f6zi er\u0151pr\u00f3b\u00e1kra sz\u00e1m\u00edthatunk.<br \/>\n    A minisztereln\u00f6k kifejtette: k\u00fclf\u00f6ldr\u0151l finansz\u00edrozott, &#8222;s persze a Soros-h\u00e1l\u00f3zathoz tartoz\u00f3 szervezetek \u00e9s felb\u00e9relt \u00fcgyv\u00e9deik a jogv\u00e9delemmel vissza\u00e9lve perek t\u00f6mkeleg\u00e9t ind\u00edtj\u00e1k, hogy a magyar emberek p\u00e9nz\u00e9b\u0151l komoly \u00f6sszegeket fizettessenek er\u0151szakos b\u0171n\u00f6z\u0151knek \u00e9s persze maguknak is. A perek sokas\u00e1ga, 12 ezer per milli\u00e1rdokba ker\u00fcl. Nem n\u00e9zhetj\u00fck ezt tov\u00e1bb t\u00e9tlen\u00fcl&#8221; &#8211; hangoztatta.<br \/>\n    A gy\u00f6ngy\u00f6spatai helyzetr\u0151l azt mondta: \u00e9ppen akkor pattant ki az \u00fcgy, amikor a cig\u00e1ny csal\u00e1dok elindultak az \u00e9letm\u00f3dv\u00e1lt\u00e1s \u00fatj\u00e1n, seg\u00e9ly helyett munk\u00e1b\u00f3l \u00e9lnek, rendesen nevelik a gyerekeiket, \u00e9s ezzel kiv\u00edvt\u00e1k mindannyiunk elismer\u00e9s\u00e9t. Ebbe az \u00edg\u00e9retes folyamatba &#8222;v\u00e1gott bele a vill\u00e1m&#8221; azzal a b\u00edr\u00f3i \u00edt\u00e9lettel, amely szembeford\u00edtotta egym\u00e1ssal a gy\u00f6ngy\u00f6spataiakat. A b\u00edr\u00f3i elj\u00e1r\u00e1st kezdem\u00e9nyez\u0151 szervezetet szint\u00e9n Soros Gy\u00f6rgy p\u00e9nzeli &#8211; tette hozz\u00e1.<br \/>\n    Kiemelte: tov\u00e1bbra is hisz\u00fcnk abban a Magyarorsz\u00e1gban, amely minden magyar biztons\u00e1gos otthona, \u00e9s mindenkinek megadja a j\u00f3 \u00e9let lehet\u0151s\u00e9g\u00e9t, tov\u00e1bbra sem t\u0171rj\u00fck el, hogy a sz\u00e1rmaz\u00e1s, az etnikum stigm\u00e1t vagy h\u00e1tr\u00e1nyt jelentsen, de el\u0151nyt \u00e9s el\u0151jogot sem adhat, a p\u00e9nz\u00e9rt pedig sz\u00e1rmaz\u00e1sra val\u00f3 tekintet n\u00e9lk\u00fcl mindenkinek meg kell dolgoznia.<br \/>\n    Az elm\u00falt 10 \u00e9vet \u00e9rt\u00e9kelve Orb\u00e1n Viktor kijelentette: a t\u00e9nyek azt mutatj\u00e1k, hogy az utols\u00f3 10 \u00e9v volt a legsikeresebb 10 az elm\u00falt 100 \u00e9v magyar t\u00f6rt\u00e9net\u00e9ben.<br \/>\n    \u00dagy fogalmazott: a magyar elszokott att\u00f3l, hogy sikeres n\u00e9pk\u00e9nt tekintsen mag\u00e1ra. Hob\u00f3nak van igaza: &#8222;oly sok\u00e1ig voltunk lenn, hogy nem is tudjuk, milyen fenn&#8221; &#8211; id\u00e9zte.<br \/>\n    Az eredm\u00e9nyeket kifejtve Orb\u00e1n Viktor hangs\u00falyozta: a k\u00fcls\u0151 \u00e9s bels\u0151 egyens\u00faly megtart\u00e1sa melletti fenntarthat\u00f3 n\u00f6veked\u00e9s egyetlen m\u00e1sik \u00e9vtizedre sem volt jellemz\u0151 az elm\u00falt 100 \u00e9v sor\u00e1n. Mindez \u00fagy, hogy eur\u00f3pai m\u00e9rc\u00e9vel m\u00e9rve a vagyoni egyenl\u0151tlens\u00e9gek m\u00e9rs\u00e9keltek maradtak, vagyis a n\u00f6veked\u00e9s el\u0151nyei a t\u00e1rsadalom sz\u00e9les r\u00e9tegeihez is eljutottak &#8211; jegyezte meg.<br \/>\n<div class=\"ads-in-post1\"><div id=\"gazdasagportal.hu_fullbanner_wideboard\"><\/div>\r\n<\/div>\n<strong>A s\u00e9r\u00fcl\u00e9keny csoportokat, fiatalokat, 50 \u00e9v felettieket, gyermeket v\u00e1llal\u00f3 n\u0151ket, alacsonyan k\u00e9pzetteket siker\u00fclt munk\u00e1hoz juttatni. A b\u00e9rek is megindultak felfel\u00e9, a minim\u00e1lb\u00e9r \u00e9s a garant\u00e1lt b\u00e9rminimum \u00e9rt\u00e9ke megdupl\u00e1z\u00f3dott, 2019-ben minden id\u0151k legt\u00f6bb beruh\u00e1z\u00e1s\u00e1r\u00f3l sz\u00fcletett d\u00f6nt\u00e9s, \u00e9s tavaly megd\u0151ltek az exportrekordok is. Ut\u00f3bbival kapcsolatban megjegyezte: lakoss\u00e1gsz\u00e1mot tekintve a vil\u00e1g orsz\u00e1gai k\u00f6z\u00f6tt Magyarorsz\u00e1g a 94. helyen \u00e1ll, de exportban a 34.<\/strong><\/p>\n<p>    Mindezt egy t\u00edzmilli\u00f3s orsz\u00e1g \u00e9rte el. Van-e nyilv\u00e1nval\u00f3bb bizony\u00edt\u00e9ka a tehets\u00e9gnek \u00e9s a szorgalomnak? &#8211; tette fel a k\u00e9rd\u00e9st.<br \/>\n    A minisztereln\u00f6k arr\u00f3l is besz\u00e9lt, hogy azok, akik a magyar pedag\u00f3gusokat, az oktat\u00e1st \u00e9s szakk\u00e9pz\u00e9st &#8222;gyep\u00e1lj\u00e1k&#8221;, lehetn\u00e9nek m\u00e9rt\u00e9ktart\u00f3bbak is. Azok a munk\u00e1sok, szakemberek, m\u00e9rn\u00f6k\u00f6k ugyanis, akik itt, Magyarorsz\u00e1gon a vil\u00e1g legmodernebb gy\u00e1rait m\u0171k\u00f6dtetik, &#8222;mind a mi iskol\u00e1inkb\u00f3l \u00e9s egyetemeinkr\u0151l ker\u00fcltek ki&#8221; &#8211; hangoztatta.<br \/>\n    Az elm\u00falt 10 \u00e9vben &#8222;megtanultuk azt is, hogy Eur\u00f3pa nem Br\u00fcsszelben van. Eur\u00f3pa mi vagyunk, \u00e9s nem kell megfeleln\u00fcnk a megf\u00e1radt br\u00fcsszeli elitnek. (&#8230;) Kor\u00e1bban azt hitt\u00fck, Eur\u00f3pa a mi j\u00f6v\u0151nk, ma m\u00e1r tudjuk, hogy mi vagyunk Eur\u00f3pa j\u00f6v\u0151je&#8221; &#8211; fogalmazott.<br \/>\n    \u00d6sszegz\u00e9se szerint a K\u00e1rp\u00e1t-medenc\u00e9b\u0151l ma er\u0151 sug\u00e1rzik. Ez az er\u0151 abb\u00f3l a felismer\u00e9sb\u0151l fakad, hogy magyarnak lenni j\u00f3, felemel\u0151 \u00e9s \u00edg\u00e9retes dolog. &#8222;A mi nemzet\u00fcnk tudja: Magyarorsz\u00e1g az els\u0151&#8221; &#8211; mondta.<br \/>\n    Orb\u00e1n Viktor besz\u00e9d\u00e9ben bejelentette: a korm\u00e1ny a h\u00e9ten kl\u00edmav\u00e9delmi akci\u00f3tervet fogadott el, megalkott\u00e1k azt a programot, amellyel el\u00e9rik, hogy 2030-ra a Magyarorsz\u00e1gon el\u0151\u00e1ll\u00edtott villamos energia 90 sz\u00e1zal\u00e9kban sz\u00e9n-dioxid-mentes legyen.<br \/>\n    A korm\u00e1nyf\u0151 kiemelte: komoly l\u00e9p\u00e9seket kell tenni, hogy megv\u00e9dhess\u00e9k, amit el\u00e9rtek, &#8222;fenyeget a kl\u00edmav\u00e1ls\u00e1g, a demogr\u00e1fiai hanyatl\u00e1s \u00e9s balj\u00f3s \u00e1rnyak gy\u00fclekeznek az eur\u00f3pai gazdas\u00e1g f\u00f6l\u00f6tt is.&#8221;<br \/>\n    \u00dagy l\u00e1tja, &#8222;a kl\u00edmav\u00e9delem politikai divatt\u00e1 lett&#8221;, a sok \u00fcres besz\u00e9d pedig lerontja az \u00fcgy komolys\u00e1g\u00e1t. Pedig ideje besz\u00e9d helyett cselekedni &#8211; mondta.<br \/>\n    Megjegyezte: a kl\u00edmav\u00e9delmi programb\u00f3l az is l\u00e1tszik, hisznek abban, hogy 2030-ban ez m\u00e9g rajtuk lesz sz\u00e1mon k\u00e9rhet\u0151.<br \/>\n    Kifejtette: j\u00falius 1-j\u00e9vel megkezdik az illeg\u00e1lis hullad\u00e9klerak\u00f3k felsz\u00e1mol\u00e1s\u00e1t \u00e9s megb\u00fcntetik a szennyez\u0151ket. Betiltj\u00e1k az egyszer haszn\u00e1latos m\u0171anyagok forgalmaz\u00e1s\u00e1t, lehet\u0151v\u00e9 teszik az \u00fcveg- \u00e9s m\u0171anyag palackok, valamint a f\u00e9mdobozok visszav\u00e1lt\u00e1s\u00e1t &#8211; sorolta. Hozz\u00e1tette: megv\u00e9dik a foly\u00f3kat a k\u00fclf\u00f6ldr\u0151l ide \u00e9rkez\u0151 hullad\u00e9kokt\u00f3l.<br \/>\n    Orb\u00e1n Viktor kit\u00e9rt r\u00e1: szigor\u00faan fognak fell\u00e9pni a Magyarorsz\u00e1gon m\u0171k\u00f6d\u0151 multinacion\u00e1lis c\u00e9gekkel szemben, el\u0151\u00edrj\u00e1k, hogy k\u00f6rnyezetbar\u00e1t technol\u00f3gi\u00e1kat alkalmazzanak. Emellett a k\u00f6vetkez\u0151 k\u00e9t \u00e9vben 32 milli\u00e1rd forinttal t\u00e1mogatj\u00e1k a kis- \u00e9s k\u00f6z\u00e9pv\u00e1llalkoz\u00e1sok meg\u00fajul\u00f3 energiatermel\u00e9s\u00e9t.<br \/>\n    K\u00f6z\u00f6lte: minden \u00fajsz\u00fcl\u00f6tt ut\u00e1n t\u00edz f\u00e1t \u00fcltetnek, 2030-ra el\u00e9rik, hogy az orsz\u00e1g erd\u0151vel bor\u00edtott ter\u00fclete 27 sz\u00e1zal\u00e9kra n\u00f6vekedjen. A k\u00f6vetkez\u0151 10 \u00e9vben meghatszorozz\u00e1k a naper\u0151m\u0171vek kapacit\u00e1s\u00e1t. T\u00e1mogatni fogj\u00e1k az olcs\u00f3 elektromos aut\u00f3k megjelen\u00e9s\u00e9t \u00e9s haszn\u00e1lat\u00e1t, valamint 2022-t\u0151l csak elektromos buszok forgalomba \u00e1ll\u00edt\u00e1s\u00e1t fogj\u00e1k megengedni a v\u00e1rosi k\u00f6zleked\u00e9sben &#8211; mondta.<br \/>\n    Hangs\u00falyozta: bevezetik a Z\u00f6ld \u00c1llamk\u00f6tv\u00e9nyt, a korm\u00e1ny v\u00e1llalja, hogy az ebb\u0151l befoly\u00f3 p\u00e9nzt csak kl\u00edmabar\u00e1t programokra ford\u00edtja.<br \/>\n    A csal\u00e1dv\u00e9delmi akci\u00f3tervr\u0151l t\u00e1j\u00e9koztatva Orb\u00e1n Viktor k\u00f6z\u00f6lte: t\u00f6bb mint sz\u00e1zezren jutottak hozz\u00e1 a babav\u00e1r\u00f3 hitelhez, amely a 10. legn\u00e9pszer\u0171bb kifejez\u00e9s volt, amire az internetez\u0151k r\u00e1kerestek.<br \/>\n    Megkezd\u0151d\u00f6tt a n\u00e9gygyermekes any\u00e1k j\u00f6vedelemad\u00f3-mentess\u00e9ge, ami 40 ezer csal\u00e1d \u00e9let\u00e9t teszi k\u00f6nnyebb\u00e9 &#8211; h\u00edvta fel a figyelmet a korm\u00e1nyf\u0151.<br \/>\n    B\u00e1r nem szerepelt a csal\u00e1dv\u00e9delmi akci\u00f3tervben &#8211; folytatta -, de &#8222;siker\u00fclt a medd\u0151s\u00e9g elleni k\u00fczdelemben is egyet, s\u0151t kett\u0151t is el\u0151re l\u00e9pni&#8221;. A legfontosabb az volt, hogy mindenki sz\u00e1m\u00e1ra el\u00e9rhet\u0151v\u00e9, vagyis ingyeness\u00e9 tegy\u00e9k a vizsg\u00e1latokat \u00e9s beavatkoz\u00e1sokat, s\u0151t a gy\u00f3gyszereket is. Ma az \u00e1llami szolg\u00e1ltat\u00f3k minden hozz\u00e1juk fordul\u00f3t el tudnak l\u00e1tni &#8211; k\u00f6z\u00f6lte.<br \/>\n    Azt is j\u00f3 h\u00edrnek nevezte, hogy 2010-2018 k\u00f6z\u00f6tt 90 ezerrel t\u00f6bb gyermek sz\u00fcletett, mint abban az esetben sz\u00fcletett volna, ha minden maradt volna a 2010-es tendenci\u00e1k medr\u00e9ben.<br \/>\n    &#8222;Tudom, hogy a n\u00e9gygyermekes any\u00e1k ut\u00e1n a h\u00e1romgyermekes any\u00e1k sz\u00e1m\u00e1ra is el\u0151bb vagy ut\u00f3bb be kell vezetni az szja-mentess\u00e9get. Azt is tudom, hogy a sz\u00fcl\u00e9s ut\u00e1ni els\u0151 f\u00e9l\u00e9vben ma az any\u00e1k az el\u0151z\u0151 \u00e9vi \u00e1tlagkereset\u00fck 70 sz\u00e1zal\u00e9k\u00e1t kapj\u00e1k, \u00e9s ezt 100 sz\u00e1zal\u00e9kra kellene emelni, s akkor a sz\u00fcl\u00e9st k\u00f6vet\u0151 els\u0151 f\u00e9l\u00e9vben t\u00f6bb p\u00e9nzhez jutn\u00e1nak, mintha nem sz\u00fcltek volna&#8221; &#8211; mondta.<br \/>\n    Megeml\u00edtette Orb\u00e1n Viktor a fiatalok k\u00f6r\u00e9ben bevezetett ingyenes nyelvvizsg\u00e1t \u00e9s KRESZ-vizsg\u00e1t is, hozz\u00e1t\u00e9ve, hogy ezt ki kellene terjeszteni a gyesen, gyeden l\u00e9v\u0151 \u00e9desany\u00e1kra is.<br \/>\n<strong><br \/>\nAzt is mondta a korm\u00e1nyf\u0151, hogy 2020-ban \u00e9s ut\u00e1na is er\u0151inket a munkahelyek meg\u0151rz\u00e9s\u00e9re kell ford\u00edtanunk, a munkahelyeket egyszerre kell meg\u0151rizni \u00e9s korszer\u0171s\u00edteni, mert ha munka van, minden van.<\/strong><\/p><div id=\"gazda-3934207318\" class=\"gazda-tartalomban gazda-entity-placement\"><script async src=\"https:\/\/pagead2.googlesyndication.com\/pagead\/js\/adsbygoogle.js\"><\/script>\r\n<ins class=\"adsbygoogle\"\r\n     style=\"display:block\"\r\n     data-ad-format=\"fluid\"\r\n     data-ad-layout-key=\"-6t+ed+2i-1n-4w\"\r\n     data-ad-client=\"ca-pub-1959107119989764\"\r\n     data-ad-slot=\"4008251320\"><\/ins>\r\n<script>\r\n     (adsbygoogle = window.adsbygoogle || []).push({});\r\n<\/script><\/div>\n<p>    Orb\u00e1n Viktor kifejtette: az eur\u00f3pai gazdas\u00e1g, azon bel\u00fcl is legink\u00e1bb az eur\u00f3z\u00f3na t\u00e9rs\u00e9ge, egyszer\u0171en meg\u00e1llt, \u00e9s a magyar \u00e1ruk 85 sz\u00e1zal\u00e9ka \u00e9ppen ezekbe az orsz\u00e1gokba ir\u00e1nyul. Az \u0151 bajuk teh\u00e1t a mi bajunk is &#8211; tette hozz\u00e1.<br \/>\n    Azt mondta: 2019-ben a n\u00e9met ipari termel\u00e9s jelent\u0151sen cs\u00f6kkent, de a magyar 5-tel n\u0151tt. 2020-ban \u00e9s tal\u00e1n m\u00e9g ut\u00e1na \u00e9vekig is er\u0151inket a munkahelyek meg\u0151rz\u00e9s\u00e9re kell ford\u00edtanunk. Tudjuk, hogy ilyenkor ad\u00f3t kell cs\u00f6kkenteni, erre k\u00e9sz\u00fcl\u00fcnk most is, a kisv\u00e1llalkoz\u00e1si ad\u00f3t \u00e9s a munk\u00e1t terhel\u0151 ad\u00f3t cs\u00f6kkenteni fogjuk. A nyugd\u00edjak \u00e9rt\u00e9k\u00e9t meg fogjuk \u0151rizni, hiszen err\u0151l \u00e1llapodtunk meg a nyugd\u00edjasokkal &#8211; k\u00f6z\u00f6lte.<br \/>\n    Kiemelte: a vil\u00e1gban a verseny sosem sz\u0171nik meg, de Eur\u00f3pa mintha ki akarna sz\u00e1llni a versenyb\u0151l, korl\u00e1tozni akarja a versenyt az uni\u00f3n bel\u00fcl, \u00e9s az ad\u00f3z\u00e1s, a munkav\u00e1llal\u00e1s \u00e9s a szolg\u00e1ltat\u00e1sok tekintet\u00e9ben is. N\u00e9ha \u00fagy lehet \u00e9rezni, hogy &#8222;a nyugatiak nem tanultak a mi t\u00f6rt\u00e9nelm\u00fcnkb\u0151l, \u00e9s nem tudj\u00e1k, hogy a szocializmus t\u00f6nkreteszi a nemzeteket&#8221; &#8211; fogalmazott.<br \/>\n    A minisztereln\u00f6k szerint ha Magyarorsz\u00e1got, a magyar ad\u00f3rendszert, szoci\u00e1lis rendszert, munkaer\u0151piacot &#8222;beleszab\u00e1lyozz\u00e1k az eur\u00f3pai egyes\u00fclt \u00e1llamok gazdas\u00e1gi rendj\u00e9be&#8221;, akkor a mi fejl\u0151d\u00e9s\u00fcnk is meg\u00e1ll. Ez\u00e9rt kell cs\u00ednj\u00e1n b\u00e1nni az eur\u00f3 bevezet\u00e9s\u00e9vel is, &#8222;ne \u00fclj\u00fcnk fel olyan vonatra, amelyr\u0151l nem tudjuk, hogy hov\u00e1 megy&#8221; &#8211; v\u00e9lekedett.<br \/>\n    A korm\u00e1nyf\u0151 k\u00f6z\u00f6lte tov\u00e1bb\u00e1, 2020 \u00e9s 2021 a korm\u00e1nyzati munka, az orsz\u00e1g\u00e9p\u00edt\u00e9s folytat\u00e1sa lesz.<br \/>\n    \u00dagy folyatta: &#8222;l\u00e1tjuk, hogy az ellenz\u00e9k m\u00e1r most k\u00e9sz\u00fcl\u0151dik. F\u0171, fa, vir\u00e1g, t\u00fccs\u00f6k \u00e9s bog\u00e1r is beker\u00fclhet a csapatukba, csak valahogy visszakapaszkodhassanak a hatalomba. M\u00e1r pr\u00f3b\u00e1lgatj\u00e1k a k\u00f6z\u00f6s szerel\u00e9st is. Az eredm\u00e9ny m\u00e9g felem\u00e1s, eg\u00e9szen avantg\u00e1rd kombin\u00e1ci\u00f3kat l\u00e1thatunk. Alul kisnyilas gatya, f\u00f6l\u00fcl v\u00f6r\u00f6s mell\u00e9ny, rajta sziv\u00e1rv\u00e1nysz\u00edn\u0171 kit\u0171z\u0151&#8221;.<br \/>\n    &#8222;Az a feladatunk, hogy a nemzetet felk\u00e9sz\u00edts\u00fck a k\u00f6vetkez\u0151 \u00e9vekben r\u00e1nk v\u00e1r\u00f3 nagy pr\u00f3bat\u00e9telekre&#8221; &#8211; hangs\u00falyozta Orb\u00e1n Viktor, \u00fagy fogalmazva: &#8222;csak annyit akarhatunk, de azt akarjuk is, hogy a magyarok abban a j\u00f3l\u00e9tben \u00e9s biztons\u00e1gban \u00e9lhessenek \u00e9s gyarapodhassanak a saj\u00e1t haz\u00e1jukban, amelyet meg\u00e9rdemelnek el\u0151deink \u00e9s a maguk munk\u00e1j\u00e1nak s \u00e1ldozatainak fej\u00e9ben&#8221;.<br \/>\n    Ilyen 100 \u00e9v ut\u00e1n itt \u00e1llni annak bizony\u00edt\u00e9ka, hogy az \u00daristennek m\u00e9g tervei vannak ezzel az orsz\u00e1ggal. Ill\u0151 tisztelettel csak annyit mondhatunk, k\u00e9szen \u00e1llunk a h\u00edv\u00e1sra, k\u00e9szen \u00e1llunk a k\u00f6vetkez\u0151 sz\u00e1z\u00e9ves utaz\u00e1sra. &#8222;Magyarorsz\u00e1g mindenek el\u0151tt, a J\u00f3isten mindannyiunk f\u00f6l\u00f6tt&#8221; &#8211; z\u00e1rta szavait.<br \/>\n    Balog Zolt\u00e1n, a Polg\u00e1ri Magyarorsz\u00e1g\u00e9rt Alap\u00edtv\u00e1ny kurat\u00f3rium\u00e1nak eln\u00f6ke a minisztereln\u00f6k besz\u00e9de el\u0151tt kiemelte, ami\u00f3ta az \u00e9v\u00e9rt\u00e9kel\u0151k alkalm\u00e1b\u00f3l \u00f6sszegy\u0171lnek, soha nem j\u00f6ttek m\u00e9g rem\u00e9nyvesztetten, hanem mindig v\u00e1llalva a felel\u0151ss\u00e9get, melyet a polg\u00e1ri, nemzeti, kereszt\u00e9nydemokrata k\u00f6z\u00f6ss\u00e9ghez tartoz\u00e1s jelent. Ez a felel\u0151ss\u00e9g nem korl\u00e1toz\u00f3dik a korm\u00e1nyz\u00e1s id\u0151szakaira, ehhez a k\u00f6z\u00f6ss\u00e9ghez tartozni \u00e9letform\u00e1t jelent, \u00e9s nem valamilyen konjunktur\u00e1lis dolog.<br \/>\n    R\u00e1mutatott: nemzeti, kereszt\u00e9ny, polg\u00e1ri, ez a h\u00e1rom dolog egy\u00fctt, \u00edg\u00e9retes egy\u00fctt\u00e1ll\u00e1s, magasabb rend\u0171 tettv\u00e1gy. Balog Zolt\u00e1n \u00fagy fogalmazott: kereszt\u00e9nynek lenni, hazafis\u00e1g n\u00e9lk\u00fcl g\u0151g\u00f6s, glob\u00e1lis vil\u00e1gpolg\u00e1rs\u00e1g. Hazafinak lenni kereszt\u00e9nys\u00e9g n\u00e9lk\u00fcl pog\u00e1nys\u00e1g, \u00e9s ha mindenb\u0151l kihagyj\u00e1k a polg\u00e1ri er\u00e9nyeket, azt az \u00e9let min\u0151s\u00e9ge szenvedi meg. Ha ez a h\u00e1rom egy\u00fctt van, akkor \u00f6ntudatos, \u00f6n\u00e1ll\u00f3 gondolkod\u00e1s\u00fa, kereszt\u00e9ny magyarok vagyunk &#8211; f\u0171zte hozz\u00e1.<br \/>\n    Kit\u00e9rt arra: j\u00f3 \u00f6sszetartozni, j\u00f3 idetartozni, j\u00f3, hogy Magyarorsz\u00e1gon nincs sz\u00fcks\u00e9g k\u00fcl\u00f6n enged\u00e9lyre, nem kell kihal\u00f3 fajokat v\u00e9d\u0151 igazolv\u00e1ny ahhoz, hogy magyarok, feh\u00e9rek, heter\u00f3k, kereszt\u00e9ny n\u0151k \u00e9s f\u00e9rfiak lehess\u00fcnk &#8211; fogalmazott. Mi magyarok, ha kereszt\u00e9nyek vagyunk, tiszteletben tartjuk minden ember m\u00e9lt\u00f3s\u00e1g\u00e1t &#8211; tette hozz\u00e1, kiemelve, a kereszt\u00e9nys\u00e9g ir\u00e1nti gy\u0171l\u00f6letkelt\u00e9s a vil\u00e1g sz\u00e1mos t\u00e1j\u00e1n puszt\u00edt, amit nem szabad elt\u0171rni.<br \/>\n    A V\u00e1rkert Baz\u00e1rban id\u00e9n is megt\u00f6lt\u00f6tt\u00e9k a termet a vend\u00e9gek, sokan \u00e1llva k\u00f6vett\u00e9k a korm\u00e1nyf\u0151 huszonkettedik \u00e9v\u00e9rt\u00e9kel\u0151 besz\u00e9d\u00e9t. A pulpitus m\u00f6g\u00f6tt magyar z\u00e1szl\u00f3kat \u00e1ll\u00edtottak fel, \u00e9s szint\u00e9n a nemzeti lobog\u00f3t \u00e9s a Szent Koron\u00e1t vet\u00edtett\u00e9k ki a teremben k\u00f6rbe a falakra. A sz\u00f3noki emelv\u00e9nyen a Nek\u00fcnk Magyarorsz\u00e1g az els\u0151! felirat volt l\u00e1that\u00f3.<br \/>\n(MTI)<\/p>\n","protected":false},"excerpt":{"rendered":"<p>Magyarorsz\u00e1g mindenek el\u0151tt &#8211; hangoztatta Orb\u00e1n Viktor minisztereln\u00f6k vas\u00e1rnap Budapesten, a V\u00e1rkert Baz\u00e1rban tartott \u00e9v\u00e9rt\u00e9kel\u0151 besz\u00e9d\u00e9ben, amelyben egyebek mellett arr\u00f3l is besz\u00e9lt: a korm\u00e1ny kl\u00edmav\u00e9delmi akci\u00f3tervet fogadott el, 2020 \u00e9s 2021 pedig az orsz\u00e1g\u00e9p\u00edt\u00e9s folytat\u00e1sa lesz.<\/p>\n","protected":false},"author":1001003,"featured_media":123937,"comment_status":"closed","ping_status":"open","sticky":false,"template":"","format":"standard","meta":[],"categories":[146,4],"tags":[],"_links":{"self":[{"href":"https:\/\/gazdasagportal.hu\/index.php\/wp-json\/wp\/v2\/posts\/123936"}],"collection":[{"href":"https:\/\/gazdasagportal.hu\/index.php\/wp-json\/wp\/v2\/posts"}],"about":[{"href":"https:\/\/gazdasagportal.hu\/index.php\/wp-json\/wp\/v2\/types\/post"}],"author":[{"embeddable":true,"href":"https:\/\/gazdasagportal.hu\/index.php\/wp-json\/wp\/v2\/users\/1001003"}],"replies":[{"embeddable":true,"href":"https:\/\/gazdasagportal.hu\/index.php\/wp-json\/wp\/v2\/comments?post=123936"}],"version-history":[{"count":1,"href":"https:\/\/gazdasagportal.hu\/index.php\/wp-json\/wp\/v2\/posts\/123936\/revisions"}],"predecessor-version":[{"id":123938,"href":"https:\/\/gazdasagportal.hu\/index.php\/wp-json\/wp\/v2\/posts\/123936\/revisions\/123938"}],"wp:featuredmedia":[{"embeddable":true,"href":"https:\/\/gazdasagportal.hu\/index.php\/wp-json\/wp\/v2\/media\/123937"}],"wp:attachment":[{"href":"https:\/\/gazdasagportal.hu\/index.php\/wp-json\/wp\/v2\/media?parent=123936"}],"wp:term":[{"taxonomy":"category","embeddable":true,"href":"https:\/\/gazdasagportal.hu\/index.php\/wp-json\/wp\/v2\/categories?post=123936"},{"taxonomy":"post_tag","embeddable":true,"href":"https:\/\/gazdasagportal.hu\/index.php\/wp-json\/wp\/v2\/tags?post=123936"}],"curies":[{"name":"wp","href":"https:\/\/api.w.org\/{rel}","templated":true}]}}