{"id":12393,"date":"2013-07-25T09:12:05","date_gmt":"2013-07-25T07:12:05","guid":{"rendered":"http:\/\/stockportal.hu\/?p=12393"},"modified":"2013-07-25T09:14:28","modified_gmt":"2013-07-25T07:14:28","slug":"csokkent-az-europai-kozvelemenynek-az-eu-ba-vetett-bizalma","status":"publish","type":"post","link":"https:\/\/gazdasagportal.hu\/index.php\/csokkent-az-europai-kozvelemenynek-az-eu-ba-vetett-bizalma\/","title":{"rendered":"Cs\u00f6kkent az eur\u00f3pai k\u00f6zv\u00e9lem\u00e9nynek az EU-ba vetett bizalma"},"content":{"rendered":"<p><strong>Az eur\u00f3pai uni\u00f3s polg\u00e1roknak imm\u00e1r 60 sz\u00e1zal\u00e9ka nem b\u00edzik az EU-ban, szemben a v\u00e1ls\u00e1g el\u0151tt, 2007-ben m\u00e9rt 32 sz\u00e1zal\u00e9kos bizalmatlans\u00e1gi ar\u00e1nnyal &#8211; der\u00fclt ki az Eurobarometer uni\u00f3s k\u00f6zv\u00e9lem\u00e9ny-kutat\u00f3 int\u00e9zet minap k\u00f6zz\u00e9tett friss felm\u00e9r\u00e9s\u00e9b\u0151l.<!--more--><\/strong><\/p>\n<p>A bizalmatlanok ar\u00e1nya id\u00e9n az el\u0151z\u0151 \u00e9vhez k\u00e9pest is n\u00f6vekedett, h\u00e1rom sz\u00e1zal\u00e9kponttal. A legkev\u00e9sb\u00e9 a ciprusiak (13 sz\u00e1zal\u00e9k), a spanyolok (17 sz\u00e1zal\u00e9k), a g\u00f6r\u00f6g\u00f6k (19 sz\u00e1zal\u00e9k) \u00e9s a britek (20 sz\u00e1zal\u00e9k) b\u00edznak az uni\u00f3ban. A Cipruson megval\u00f3s\u00edtott, rendk\u00edv\u00fcl f\u00e1jdalmas bankment\u0151csomag nyom\u00e1n a szigetorsz\u00e1g lakosainak k\u00f6r\u00e9ben rendk\u00edv\u00fcl nagy m\u00e9rt\u00e9kben, 18 sz\u00e1zal\u00e9kponttal esett vissza az uni\u00f3t bizalmukkal tov\u00e1bbra is kit\u00fcntet\u0151k ar\u00e1nya.<br \/>\nMagyarorsz\u00e1gon a megk\u00e9rdezettek 47 sz\u00e1zal\u00e9ka v\u00e1laszolt \u00fagy, hogy b\u00edzik az EU-ban. Mik\u00f6zben 46 sz\u00e1zal\u00e9k nem b\u00edzik, 7 sz\u00e1zal\u00e9k nem tudta eld\u00f6nteni. Az uni\u00f3ban b\u00edz\u00f3k ar\u00e1nya Magyarorsz\u00e1gon az el\u0151z\u0151 \u00e9vi felm\u00e9r\u00e9shez k\u00e9pest h\u00e1rom sz\u00e1zal\u00e9kponttal n\u00f6vekedett, a bizalmatlanok\u00e9 \u00f6t sz\u00e1zal\u00e9kponttal cs\u00f6kkent, a hat\u00e1rozatlanok\u00e9 pedig k\u00e9t sz\u00e1zal\u00e9kponttal n\u00f6vekedett.<br \/>\nAz id\u00e9n m\u00e1jusban v\u00e9gzett felm\u00e9r\u00e9s szerint az EU-ban t\u00edzb\u0151l hat polg\u00e1r &#8222;\u00e9rzi mag\u00e1t az Eur\u00f3pai Uni\u00f3 polg\u00e1r\u00e1nak&#8221;. A megk\u00e9rdezettek csaknem 60 sz\u00e1zal\u00e9ka az emberek, az \u00e1ruk \u00e9s a szolg\u00e1ltat\u00e1sok szabad mozg\u00e1s\u00e1t tekinti a legnagyobb uni\u00f3s v\u00edvm\u00e1nynak.(MTI)<\/p>\n","protected":false},"excerpt":{"rendered":"<p>Az eur\u00f3pai uni\u00f3s polg\u00e1roknak imm\u00e1r 60 sz\u00e1zal\u00e9ka nem b\u00edzik az EU-ban, szemben a v\u00e1ls\u00e1g el\u0151tt, 2007-ben m\u00e9rt 32 sz\u00e1zal\u00e9kos bizalmatlans\u00e1gi ar\u00e1nnyal &#8211; der\u00fclt ki az Eurobarometer uni\u00f3s k\u00f6zv\u00e9lem\u00e9ny-kutat\u00f3 int\u00e9zet minap k\u00f6zz\u00e9tett friss felm\u00e9r\u00e9s\u00e9b\u0151l.<\/p>\n","protected":false},"author":1,"featured_media":0,"comment_status":"open","ping_status":"closed","sticky":false,"template":"","format":"standard","meta":[],"categories":[12],"tags":[],"_links":{"self":[{"href":"https:\/\/gazdasagportal.hu\/index.php\/wp-json\/wp\/v2\/posts\/12393"}],"collection":[{"href":"https:\/\/gazdasagportal.hu\/index.php\/wp-json\/wp\/v2\/posts"}],"about":[{"href":"https:\/\/gazdasagportal.hu\/index.php\/wp-json\/wp\/v2\/types\/post"}],"author":[{"embeddable":true,"href":"https:\/\/gazdasagportal.hu\/index.php\/wp-json\/wp\/v2\/users\/1"}],"replies":[{"embeddable":true,"href":"https:\/\/gazdasagportal.hu\/index.php\/wp-json\/wp\/v2\/comments?post=12393"}],"version-history":[{"count":3,"href":"https:\/\/gazdasagportal.hu\/index.php\/wp-json\/wp\/v2\/posts\/12393\/revisions"}],"predecessor-version":[{"id":12395,"href":"https:\/\/gazdasagportal.hu\/index.php\/wp-json\/wp\/v2\/posts\/12393\/revisions\/12395"}],"wp:attachment":[{"href":"https:\/\/gazdasagportal.hu\/index.php\/wp-json\/wp\/v2\/media?parent=12393"}],"wp:term":[{"taxonomy":"category","embeddable":true,"href":"https:\/\/gazdasagportal.hu\/index.php\/wp-json\/wp\/v2\/categories?post=12393"},{"taxonomy":"post_tag","embeddable":true,"href":"https:\/\/gazdasagportal.hu\/index.php\/wp-json\/wp\/v2\/tags?post=12393"}],"curies":[{"name":"wp","href":"https:\/\/api.w.org\/{rel}","templated":true}]}}