{"id":123919,"date":"2020-02-15T20:26:13","date_gmt":"2020-02-15T19:26:13","guid":{"rendered":"http:\/\/gazdasagportal.hu\/?p=123919"},"modified":"2020-02-15T20:26:13","modified_gmt":"2020-02-15T19:26:13","slug":"muncheni-konferencia-kinai-kulugyminiszter-washington-lejarato-kampanyt-folytat-kina-ellen","status":"publish","type":"post","link":"https:\/\/gazdasagportal.hu\/index.php\/muncheni-konferencia-kinai-kulugyminiszter-washington-lejarato-kampanyt-folytat-kina-ellen\/","title":{"rendered":"M\u00fcncheni konferencia &#8211; K\u00ednai k\u00fcl\u00fcgyminiszter: Washington lej\u00e1rat\u00f3 kamp\u00e1nyt folytat K\u00edna ellen"},"content":{"rendered":"<p><strong>Hazugs\u00e1gokat terjeszt \u00e9s lej\u00e1rat\u00f3 kamp\u00e1nyt folytat K\u00edna ellen az Egyes\u00fclt \u00c1llamok korm\u00e1nya &#8211; jelentette ki a k\u00ednai k\u00fcl\u00fcgyminiszter szombaton az 56. M\u00fcncheni Biztons\u00e1gpolitikai Konferenci\u00e1n (MSC).<\/strong><!--more--><\/p>\n<div class=\"ads-in-post1\"><div id=\"gazdasagportal.hu_fullbanner_wideboard\"><\/div>\r\n<\/div>\n<p>    Vang Ji hangs\u00falyozta: a washingtoni vezet\u00e9s magatart\u00e1sa m\u00f6g\u00f6tt az \u00e1ll, hogy &#8222;Amerik\u00e1ban nem hajland\u00f3ak elismerni, hogy sikeres lehet egy szocialista orsz\u00e1g&#8221;, \u00e9s ellenzik K\u00edna gyors felemelked\u00e9s\u00e9t \u00e9s &#8222;megfiatalod\u00e1s\u00e1t&#8221;.<br \/>\n    Ez &#8222;igazs\u00e1gtalans\u00e1g&#8221;, mert megfosztja K\u00edn\u00e1t \u00e9s a k\u00ednai embereket a boldogul\u00e1s jog\u00e1t\u00f3l. Az \u00e1zsiai orsz\u00e1gnak \u00e9s lak\u00f3inak joguk van a &#8222;jobb \u00e9lethez&#8221;, a fejl\u0151d\u00e9s pedig feltart\u00f3ztathatatlan. K\u00edna az \u00f6tezer \u00e9ves kult\u00far\u00e1j\u00e1nak b\u00f6lcsess\u00e9g\u00e9re \u00e9s &#8222;az er\u0151s szocialista rendszerre&#8221;, a 90 milli\u00f3s tags\u00e1g\u00fa kommunista p\u00e1rtra \u00e9s a kem\u00e9nyen dolgoz\u00f3 emberek munk\u00e1j\u00e1ra \u00e9p\u00edtve minden akad\u00e1lyt lek\u00fczd \u00e9s &#8222;\u00fajj\u00e1sz\u00fcletik&#8221; &#8211; mondta a pekingi diplom\u00e1cia vezet\u0151je.<br \/>\n    Al\u00e1h\u00fazta: az Egyes\u00fclt \u00c1llamok &#8222;szuperhatalom&#8221;, ez\u00e9rt igen fontos lenne, hogy &#8222;ne vesz\u00edtse el a j\u00f3zan esz\u00e9t&#8221; \u00e9s ne j\u00e1tssza el a nemzetk\u00f6zi k\u00f6z\u00f6ss\u00e9g bizalm\u00e1t.<br \/>\n<div class=\"ads-in-post2\"><script async src=\"https:\/\/pagead2.googlesyndication.com\/pagead\/js\/adsbygoogle.js\"><\/script>\r\n<ins class=\"adsbygoogle\"\r\n     style=\"display:block\"\r\n     data-ad-format=\"fluid\"\r\n     data-ad-layout-key=\"-6t+ed+2i-1n-4w\"\r\n     data-ad-client=\"ca-pub-1959107119989764\"\r\n     data-ad-slot=\"4008251320\"><\/ins>\r\n<script>\r\n     (adsbygoogle = window.adsbygoogle || []).push({});\r\n<\/script><\/div>\n    Kifejtette: K\u00edna \u00fajb\u00f3li meger\u0151s\u00f6d\u00e9se azt is jelenti, hogy a nemzetk\u00f6zi porondon megjelenik egy hatalom, amely a b\u00e9k\u00e9ben \u00e9s a stabilit\u00e1sban \u00e9rdekelt, ezt a fejlem\u00e9nyt pedig \u00fcdv\u00f6z\u00f6lnie kellene a nemzetk\u00f6zi k\u00f6z\u00f6ss\u00e9gnek.<br \/>\n    Kiemelte, hogy K\u00edna az Eur\u00f3pai Uni\u00f3 egys\u00e9g\u00e9nek \u00e9s erej\u00e9nek n\u00f6veked\u00e9s\u00e9t is t\u00e1mogatja, \u00e9s j\u00f3val t\u00f6bb k\u00f6z\u00f6s \u00fcgy k\u00f6ti \u00f6ssze vele, mint amennyi vit\u00e1juk van.<br \/>\n    K\u00edna \u00e9s az Eur\u00f3pai Uni\u00f3 egyar\u00e1nt a multilateralizmus &#8211; a nemzetk\u00f6zi \u00fcgyek t\u00f6bboldal\u00fa \u00e9s k\u00f6lcs\u00f6n\u00f6s engedm\u00e9nyeken alapul\u00f3 meg\u00e1llapod\u00e1sokon nyugv\u00f3 int\u00e9z\u00e9si m\u00f3dj\u00e1nak &#8211; h\u00edve, \u00e9s el\u00edt\u00e9li az unilateralizmust, mindketten a szabadkereskedelem h\u00edvei \u00e9s el\u00edt\u00e9lik a protekcionizmust, \u00e9s mindketten a t\u00f6bbp\u00f3lus\u00fa vil\u00e1grend t\u00e1mogat\u00f3i, \u00e9s &#8222;t\u00f6bb demokr\u00e1ci\u00e1t&#8221; \u00f3hajtanak a nemzetk\u00f6zi kapcsolatokban &#8211; mondta Vang Ji.<br \/>\n    Arr\u00f3l is sz\u00f3lt, hogy sikeres a koronav\u00edrus elleni k\u00fczdelem, ezt jelzi, hogy a fert\u0151z\u00e9sek csup\u00e1n egy sz\u00e1zal\u00e9ka jelentkezett az orsz\u00e1g hat\u00e1rain k\u00edv\u00fcl. Al\u00e1h\u00fazta, hogy a v\u00edrus csak \u00e1tmenetileg veti vissza haz\u00e1ja fejl\u0151d\u00e9s\u00e9t. Egyben k\u00f6sz\u00f6netet mondott a nemzetk\u00f6zi k\u00f6z\u00f6ss\u00e9gnek a j\u00e1rv\u00e1ny megf\u00e9kez\u00e9s\u00e9hez ny\u00fajtott t\u00e1mogat\u00e1s\u00e9rt.(MTI)<\/p>\n","protected":false},"excerpt":{"rendered":"<p>Hazugs\u00e1gokat terjeszt \u00e9s lej\u00e1rat\u00f3 kamp\u00e1nyt folytat K\u00edna ellen az Egyes\u00fclt \u00c1llamok korm\u00e1nya &#8211; jelentette ki a k\u00ednai k\u00fcl\u00fcgyminiszter szombaton az 56. M\u00fcncheni Biztons\u00e1gpolitikai Konferenci\u00e1n (MSC).<\/p>\n","protected":false},"author":1001006,"featured_media":0,"comment_status":"closed","ping_status":"open","sticky":false,"template":"","format":"standard","meta":[],"categories":[13,14,12,246],"tags":[],"_links":{"self":[{"href":"https:\/\/gazdasagportal.hu\/index.php\/wp-json\/wp\/v2\/posts\/123919"}],"collection":[{"href":"https:\/\/gazdasagportal.hu\/index.php\/wp-json\/wp\/v2\/posts"}],"about":[{"href":"https:\/\/gazdasagportal.hu\/index.php\/wp-json\/wp\/v2\/types\/post"}],"author":[{"embeddable":true,"href":"https:\/\/gazdasagportal.hu\/index.php\/wp-json\/wp\/v2\/users\/1001006"}],"replies":[{"embeddable":true,"href":"https:\/\/gazdasagportal.hu\/index.php\/wp-json\/wp\/v2\/comments?post=123919"}],"version-history":[{"count":1,"href":"https:\/\/gazdasagportal.hu\/index.php\/wp-json\/wp\/v2\/posts\/123919\/revisions"}],"predecessor-version":[{"id":123920,"href":"https:\/\/gazdasagportal.hu\/index.php\/wp-json\/wp\/v2\/posts\/123919\/revisions\/123920"}],"wp:attachment":[{"href":"https:\/\/gazdasagportal.hu\/index.php\/wp-json\/wp\/v2\/media?parent=123919"}],"wp:term":[{"taxonomy":"category","embeddable":true,"href":"https:\/\/gazdasagportal.hu\/index.php\/wp-json\/wp\/v2\/categories?post=123919"},{"taxonomy":"post_tag","embeddable":true,"href":"https:\/\/gazdasagportal.hu\/index.php\/wp-json\/wp\/v2\/tags?post=123919"}],"curies":[{"name":"wp","href":"https:\/\/api.w.org\/{rel}","templated":true}]}}