{"id":123917,"date":"2020-02-15T20:24:21","date_gmt":"2020-02-15T19:24:21","guid":{"rendered":"http:\/\/gazdasagportal.hu\/?p=123917"},"modified":"2020-02-15T20:24:21","modified_gmt":"2020-02-15T19:24:21","slug":"muncheni-konferencia-mark-zuckerberg-nem-a-kozossegi-media-a-tarsadalmi-megosztottsag-okozoja","status":"publish","type":"post","link":"https:\/\/gazdasagportal.hu\/index.php\/muncheni-konferencia-mark-zuckerberg-nem-a-kozossegi-media-a-tarsadalmi-megosztottsag-okozoja\/","title":{"rendered":"M\u00fcncheni konferencia &#8211; Mark Zuckerberg: nem a k\u00f6z\u00f6ss\u00e9gi m\u00e9dia a t\u00e1rsadalmi megosztotts\u00e1g okoz\u00f3ja"},"content":{"rendered":"<p><strong>Nem a k\u00f6z\u00f6ss\u00e9gi m\u00e9dia miatt v\u00e1lnak megosztott\u00e1 a t\u00e1rsadalmak, \u00e9s az sem helyt\u00e1ll\u00f3 meg\u00e1llap\u00edt\u00e1s, hogy a k\u00f6z\u00f6ss\u00e9gi m\u00e9dia r\u00e9v\u00e9n cs\u00f6kken az emberekhez eljut\u00f3 h\u00edrek \u00e9s v\u00e9lem\u00e9nyek soksz\u00edn\u0171s\u00e9ge &#8211; mondta a Facebook k\u00f6z\u00f6ss\u00e9gi port\u00e1lt m\u0171k\u00f6dtet\u0151 amerikai v\u00e1llalat vez\u00e9rigazgat\u00f3ja szombaton az 56. M\u00fcncheni Biztons\u00e1gpolitikai Konferenci\u00e1n (MSC).<\/strong><!--more--><\/p>\n<div class=\"ads-in-post1\"><div id=\"gazdasagportal.hu_fullbanner_wideboard\"><\/div>\r\n<\/div>\n<p>    Mark Zuckerberg k\u00f6z\u00f6lte: a v\u00e1llalat\u00e1t\u00f3l f\u00fcggetlen t\u00e1rsadalomtudom\u00e1nyi kutat\u00e1sok eredm\u00e9nyei szerint nincs ok-okozati \u00f6sszef\u00fcgg\u00e9s a k\u00f6z\u00f6ss\u00e9gi port\u00e1lok felemelked\u00e9se \u00e9s a t\u00e1rsadalmak megosztotts\u00e1ga k\u00f6z\u00f6tt.<br \/>\n    A v\u00e1llalat saj\u00e1t adatai \u00e9s a k\u00f6zrem\u0171k\u00f6d\u00e9s\u00e9vel v\u00e9gzett tudom\u00e1nyos kutat\u00e1sok azt is kimutatt\u00e1k, hogy a felhaszn\u00e1l\u00f3khoz eljut\u00f3 h\u00edrek \u00e9s v\u00e9lem\u00e9nyek soksz\u00edn\u0171s\u00e9ge n\u0151tt az internet el\u0151tti, hagyom\u00e1nyos m\u00e9dia korszak\u00e1hoz k\u00e9pest &#8211; tette hozz\u00e1.<br \/>\n    Arr\u00f3l is sz\u00f3lt, hogy a 2016-os Brexit-n\u00e9pszavaz\u00e1ssal \u00e9s az amerikai eln\u00f6kv\u00e1laszt\u00e1ssal kapcsolatos orosz inform\u00e1ci\u00f3s m\u0171veletek \u00f3ta sokat fejl\u0151dtek a demokratikus d\u00f6nt\u00e9sek k\u00fcls\u0151 befoly\u00e1sol\u00e1s\u00e1nak elh\u00e1r\u00edt\u00e1s\u00e1ban.<br \/>\n    Harminc\u00f6tezren dolgoznak ezen a ter\u00fcleten, \u00e9s t\u00f6bb p\u00e9nzt k\u00f6ltenek r\u00e1, mint amennyi a v\u00e1llalat teljes bev\u00e9tele volt 2012-ben, pedig akkor is egymilli\u00e1rdn\u00e1l t\u00f6bb felhaszn\u00e1l\u00f3juk volt &#8211; mondta Mark Zuckerberg.<br \/>\n    Elmondta, hogy naponta \u00e1tlagosan egymilli\u00f3 hamis profilt t\u00f6r\u00f6lnek a port\u00e1lr\u00f3l, \u00e9s az ut\u00f3bbi napokban k\u00e9t nagyobb szab\u00e1s\u00fa dezinform\u00e1ci\u00f3s m\u0171veletet akad\u00e1lyoztak meg. Az egyik Oroszorsz\u00e1gb\u00f3l indult \u00e9s Ukrajn\u00e1t c\u00e9lozta, a m\u00e1sik pedig Ir\u00e1nb\u00f3l indult \u00e9s az Egyes\u00fclt \u00c1llamokban \u00e9l\u0151 felhaszn\u00e1l\u00f3k f\u00e9lrevezet\u00e9s\u00e9re ir\u00e1nyult.<br \/>\n<div class=\"ads-in-post2\"><script async src=\"https:\/\/pagead2.googlesyndication.com\/pagead\/js\/adsbygoogle.js\"><\/script>\r\n<ins class=\"adsbygoogle\"\r\n     style=\"display:block\"\r\n     data-ad-format=\"fluid\"\r\n     data-ad-layout-key=\"-6t+ed+2i-1n-4w\"\r\n     data-ad-client=\"ca-pub-1959107119989764\"\r\n     data-ad-slot=\"4008251320\"><\/ins>\r\n<script>\r\n     (adsbygoogle = window.adsbygoogle || []).push({});\r\n<\/script><\/div>\n    Kiemelte, hogy igen b\u00fcszk\u00e9k eredm\u00e9nyeikre, \u00e9s j\u00f3l mutatja fejl\u0151d\u00e9s\u00fcket a tavalyi eur\u00f3pai parlamenti (EP-) v\u00e1laszt\u00e1s, amelyet nem zavartak meg a port\u00e1lon folytatott k\u00fcls\u0151 manipul\u00e1ci\u00f3s kamp\u00e1nyok. Viszont a v\u00e1laszt\u00f3k f\u00e9lrevezet\u00e9s\u00e9re nemcsak k\u00fcls\u0151 t\u00e9nyez\u0151k, hanem bels\u0151 er\u0151k, politikai szerepl\u0151k is t\u00f6rekednek, \u00edgy van m\u00e9g teend\u0151 ezen a ter\u00fcleten.<br \/>\n    Hangs\u00falyozta, hogy a szolg\u00e1ltat\u00f3 saj\u00e1t t\u00f6rekv\u00e9sei mellett hivatalos, \u00e1llami szab\u00e1lyoz\u00e1sra is sz\u00fcks\u00e9g van a k\u00f6z\u00f6ss\u00e9gi port\u00e1lok megfelel\u0151 m\u0171k\u00f6d\u00e9s\u00e9hez, m\u00e9ghozz\u00e1 a v\u00e1laszt\u00e1sok, a szem\u00e9lyes adatok v\u00e9delme, a tartalmak moder\u00e1ci\u00f3ja &#8211; p\u00e9ld\u00e1ul a k\u00f6zz\u00e9t\u00e9tel enged\u00e9lyez\u00e9se vagy a tartalom t\u00f6rl\u00e9se &#8211; \u00e9s az adatok hordozhat\u00f3s\u00e1ga ter\u00fclet\u00e9n.<br \/>\n    Mint mondta, nem az a k\u00e9rd\u00e9s, hogy kell-e szab\u00e1lyozni a szolg\u00e1ltat\u00f3 teend\u0151it \u00e9s felel\u0151ss\u00e9g\u00e9t a fel\u00fcletein megjelen\u0151 tartalmakkal kapcsolatban, hanem az, hogy milyen szab\u00e1lyoz\u00e1si modellt kell alkalmazni.<br \/>\n    Kifejtette, hogy eddig k\u00e9t modell alakult ki, az egyik a hagyom\u00e1nyos sajt\u00f3ra, k\u00f6zt\u00fck a nyomtatott \u00fajs\u00e1gok m\u0171k\u00f6d\u00e9s\u00e9re szabott modell, amelyben a tartalmat megjelentet\u0151 v\u00e1llalat felel\u0151ss\u00e9ge igen sz\u00e9lesk\u00f6r\u0171, a m\u00e1sik modell pedig a t\u00e1vk\u00f6zl\u00e9si szektorban j\u00f6tt l\u00e9tre, ahol a szolg\u00e1ltat\u00f3t, p\u00e9ld\u00e1ul a telefont\u00e1rsas\u00e1got nemigen lehet felel\u0151ss\u00e9gre vonni az\u00e9rt, hogy milyen tartalmakat, adatokat \u00e1ramoltatnak a felhaszn\u00e1l\u00f3k a h\u00e1l\u00f3zatain.<br \/>\n    A Facebook eset\u00e9ben olyan szab\u00e1lyoz\u00e1si rendszert kellene kidolgozni, amely a k\u00e9t eddigi megold\u00e1s k\u00f6z\u00f6tt helyezkedik el &#8211; mondta Mark Zuckerberg, aki els\u0151 alkalommal vett r\u00e9szt a vil\u00e1g legfontosabb biztons\u00e1gpolitikai f\u00f3rumak\u00e9nt sz\u00e1mon tartott MSC-n.(MTI)<\/p>\n","protected":false},"excerpt":{"rendered":"<p>Nem a k\u00f6z\u00f6ss\u00e9gi m\u00e9dia miatt v\u00e1lnak megosztott\u00e1 a t\u00e1rsadalmak, \u00e9s az sem helyt\u00e1ll\u00f3 meg\u00e1llap\u00edt\u00e1s, hogy a k\u00f6z\u00f6ss\u00e9gi m\u00e9dia r\u00e9v\u00e9n cs\u00f6kken az emberekhez eljut\u00f3 h\u00edrek \u00e9s v\u00e9lem\u00e9nyek soksz\u00edn\u0171s\u00e9ge &#8211; mondta a Facebook k\u00f6z\u00f6ss\u00e9gi port\u00e1lt m\u0171k\u00f6dtet\u0151 amerikai v\u00e1llalat vez\u00e9rigazgat\u00f3ja szombaton az 56. M\u00fcncheni Biztons\u00e1gpolitikai Konferenci\u00e1n (MSC).<\/p>\n","protected":false},"author":1001006,"featured_media":0,"comment_status":"closed","ping_status":"open","sticky":false,"template":"","format":"standard","meta":[],"categories":[13,246],"tags":[],"_links":{"self":[{"href":"https:\/\/gazdasagportal.hu\/index.php\/wp-json\/wp\/v2\/posts\/123917"}],"collection":[{"href":"https:\/\/gazdasagportal.hu\/index.php\/wp-json\/wp\/v2\/posts"}],"about":[{"href":"https:\/\/gazdasagportal.hu\/index.php\/wp-json\/wp\/v2\/types\/post"}],"author":[{"embeddable":true,"href":"https:\/\/gazdasagportal.hu\/index.php\/wp-json\/wp\/v2\/users\/1001006"}],"replies":[{"embeddable":true,"href":"https:\/\/gazdasagportal.hu\/index.php\/wp-json\/wp\/v2\/comments?post=123917"}],"version-history":[{"count":1,"href":"https:\/\/gazdasagportal.hu\/index.php\/wp-json\/wp\/v2\/posts\/123917\/revisions"}],"predecessor-version":[{"id":123918,"href":"https:\/\/gazdasagportal.hu\/index.php\/wp-json\/wp\/v2\/posts\/123917\/revisions\/123918"}],"wp:attachment":[{"href":"https:\/\/gazdasagportal.hu\/index.php\/wp-json\/wp\/v2\/media?parent=123917"}],"wp:term":[{"taxonomy":"category","embeddable":true,"href":"https:\/\/gazdasagportal.hu\/index.php\/wp-json\/wp\/v2\/categories?post=123917"},{"taxonomy":"post_tag","embeddable":true,"href":"https:\/\/gazdasagportal.hu\/index.php\/wp-json\/wp\/v2\/tags?post=123917"}],"curies":[{"name":"wp","href":"https:\/\/api.w.org\/{rel}","templated":true}]}}