{"id":123911,"date":"2020-02-15T18:05:08","date_gmt":"2020-02-15T17:05:08","guid":{"rendered":"http:\/\/gazdasagportal.hu\/?p=123911"},"modified":"2020-02-15T17:08:47","modified_gmt":"2020-02-15T16:08:47","slug":"muncheni-konferencia-macron-eredmenytelenek-az-oroszorszag-elleni-szankciok","status":"publish","type":"post","link":"https:\/\/gazdasagportal.hu\/index.php\/muncheni-konferencia-macron-eredmenytelenek-az-oroszorszag-elleni-szankciok\/","title":{"rendered":"M\u00fcncheni konferencia &#8211; Macron: eredm\u00e9nytelenek az Oroszorsz\u00e1g elleni szankci\u00f3k"},"content":{"rendered":"<p><strong>Eredm\u00e9nytelenek az Oroszorsz\u00e1g ellen az ukrajnai v\u00e1ls\u00e1gban folytatott tev\u00e9kenys\u00e9ge miatt kivetett eur\u00f3pai uni\u00f3s (EU-) szankci\u00f3k, \u00e9s mindenkinek \u00e1rtanak &#8211; jelentette ki Emmanuel Macron francia \u00e1llamf\u0151 szombaton az  56. M\u00fcncheni Biztons\u00e1gpolitikai Konferenci\u00e1n (MSC), v\u00e1ltoz\u00e1st s\u00fcrgetve az EU Oroszorsz\u00e1g-politik\u00e1j\u00e1ban.<\/strong><!--more--><\/p>\n<div class=\"ads-in-post1\"><div id=\"gazdasagportal.hu_fullbanner_wideboard\"><\/div>\r\n<\/div>\n<p>     Kiemelte, hogy nem ellenzi a szankci\u00f3kat, de \u00fagy v\u00e9li, be kell l\u00e1tni, hogy haszontalanok \u00e9s mindk\u00e9t f\u00e9lnek csak \u00e1rtanak. Ez\u00e9rt is v\u00e1ltoztatni kell az EU Oroszorsz\u00e1ggal szembeni &#8222;dacoskod\u00e1s\u00e1val&#8221;, amely nem is politika, hanem &#8222;a hat\u00e9konys\u00e1got teljess\u00e9ggel n\u00e9lk\u00fcl\u00f6z\u0151 rendszer&#8221;.<br \/>\n    &#8222;Egyre kevesebbet besz\u00e9l\u00fcnk egym\u00e1ssal, a konfliktusok viszont sokasodnak, \u00e9s k\u00e9ptelenek vagyunk megoldani \u0151ket&#8221; &#8211; fogalmazott a francia \u00e1llamf\u0151.<br \/>\n    Mivel senki sem akar k\u00f6zvetlen\u00fcl konfront\u00e1l\u00f3dni Moszkv\u00e1val, a jelenlegi megold\u00e1sok pedig eredm\u00e9nytelenek, fordulatra van sz\u00fcks\u00e9g. Nincs m\u00e1s lehet\u0151s\u00e9g, mint a &#8222;strat\u00e9giai p\u00e1rbesz\u00e9d \u00fajraind\u00edt\u00e1sa&#8221; &#8211; mondta Emmanuel Macron.<br \/>\n    Hozz\u00e1tette: a &#8222;demogr\u00e1fiailag hanyatl\u00f3&#8221; \u00e9s csup\u00e1n k\u00f6z\u00e9phatalmi poz\u00edci\u00f3t megenged\u0151 hazai \u00f6sszterm\u00e9kkel rendelkez\u0151 Oroszorsz\u00e1g egyed\u00fcl nem tud helyt\u00e1llni a vil\u00e1gban, K\u00edna hegem\u00f3ni\u00e1j\u00e1t pedig nem fogja elfogadni, de partnerre tal\u00e1lhat az EU-ban, ez\u00e9rt \u00fagy kell alak\u00edtani a folyamatokat, hogy a k\u00f6z\u00f6ss\u00e9g &#8222;strat\u00e9giai opci\u00f3&#8221; lehessen Moszkva sz\u00e1m\u00e1ra.<br \/>\n<div class=\"ads-in-post2\"><script async src=\"https:\/\/pagead2.googlesyndication.com\/pagead\/js\/adsbygoogle.js\"><\/script>\r\n<ins class=\"adsbygoogle\"\r\n     style=\"display:block\"\r\n     data-ad-format=\"fluid\"\r\n     data-ad-layout-key=\"-6t+ed+2i-1n-4w\"\r\n     data-ad-client=\"ca-pub-1959107119989764\"\r\n     data-ad-slot=\"4008251320\"><\/ins>\r\n<script>\r\n     (adsbygoogle = window.adsbygoogle || []).push({});\r\n<\/script><\/div>\n    A francia eln\u00f6k &#8211; aki els\u0151 alkalommal vett r\u00e9szt a biztons\u00e1gpolitika els\u0151 sz\u00e1m\u00fa nemzetk\u00f6zi f\u00f3rumak\u00e9nt sz\u00e1mon tartott MSC-n &#8211; kifejtette, hogy az Egyes\u00fclt \u00c1llamok egyre ink\u00e1bb visszah\u00faz\u00f3dik a vil\u00e1gpolitik\u00e1b\u00f3l \u00e9s \u00e1t\u00e9rt\u00e9keli kapcsolatait Eur\u00f3p\u00e1val, ami &#8222;a Nyugat gyeng\u00fcl\u00e9s\u00e9vel&#8221; j\u00e1r.<br \/>\n    Ezt a folyamatot az EU meger\u0151s\u00edt\u00e9s\u00e9vel kell ellens\u00falyozni. Meg kell er\u0151s\u00edteni az uni\u00f3 \u00f6n\u00e1ll\u00f3s\u00e1g\u00e1t, &#8222;szuverenit\u00e1s\u00e1t&#8221;, korszer\u0171bb, hat\u00e9konyabb d\u00f6nt\u00e9shozatali rendszerre kell \u00e1tt\u00e9rni \u00e9s k\u00f6z\u00f6s v\u00e1laszokat kell adni mindazon kih\u00edv\u00e1sokra, amelyekkel a tag\u00e1llamok egyed\u00fcl nem tudnak megbirk\u00f3zni &#8211; mondta.<br \/>\n    Ezek k\u00f6z\u00f6tt eml\u00edtette a technol\u00f3giai v\u00e1ltoz\u00e1sokat, a biztons\u00e1g- \u00e9s v\u00e9delempolitika ter\u00fclet\u00e9t, a migr\u00e1ci\u00f3 \u00fcgy\u00e9t \u00e9s a kl\u00edmav\u00e1ltoz\u00e1st.<br \/>\n    Nem sz\u00fcks\u00e9ges valamennyi t\u00f6rekv\u00e9sben r\u00e9szt vennie az \u00f6sszes tag\u00e1llamnak. Hasznos volna, ha kialakulna egy sz\u0171kebb k\u00f6r, amelynek tagjai gyorsabban, nagyobb l\u00e9p\u00e9sekkel haladnak el\u0151re, mint a t\u00f6bbiek &#8211; jelentette ki Emanuel Macron.     Hozz\u00e1f\u0171zte, hogy a v\u00e9delempolitik\u00e1ban elengedhetetlennek tartja a k\u00f6z\u00f6ss\u00e9gb\u0151l t\u00e1vozott Egyes\u00fclt Kir\u00e1lys\u00e1g bevon\u00e1s\u00e1t is, \u00e9s &#8222;egyfajta eur\u00f3pai biztons\u00e1gi tan\u00e1cs&#8221; fel\u00e1ll\u00edt\u00e1s\u00e1t.<br \/>\n    Emmanuel Macron a t\u00f6bbi k\u00f6z\u00f6tt az EU b\u0151v\u00edt\u00e9spolitik\u00e1j\u00e1r\u00f3l is sz\u00f3lt. Jelezte, hogy nem ellenzi felt\u00e9tlen\u00fcl Alb\u00e1nia \u00e9s \u00c9szak-Maced\u00f3nia csatlakoz\u00e1s\u00e1t.<br \/>\n    Ha kedvez\u0151 fejlem\u00e9nyekr\u0151l sz\u00e1mol be az Eur\u00f3pai Bizotts\u00e1g m\u00e1rciusra v\u00e1rhat\u00f3 jelent\u00e9se a tagjel\u00f6ltek felk\u00e9sz\u00fclts\u00e9g\u00e9r\u0151l, akkor el lehet kezdeni a csatlakoz\u00e1si t\u00e1rgyal\u00e1sokat &#8211; mondta.(MTI)<\/p>\n","protected":false},"excerpt":{"rendered":"<p>Eredm\u00e9nytelenek az Oroszorsz\u00e1g ellen az ukrajnai v\u00e1ls\u00e1gban folytatott tev\u00e9kenys\u00e9ge miatt kivetett eur\u00f3pai uni\u00f3s (EU-) szankci\u00f3k, \u00e9s mindenkinek \u00e1rtanak &#8211; jelentette ki Emmanuel Macron francia \u00e1llamf\u0151 szombaton az 56. M\u00fcncheni Biztons\u00e1gpolitikai Konferenci\u00e1n (MSC), v\u00e1ltoz\u00e1st s\u00fcrgetve az EU Oroszorsz\u00e1g-politik\u00e1j\u00e1ban.<\/p>\n","protected":false},"author":1001006,"featured_media":0,"comment_status":"closed","ping_status":"open","sticky":false,"template":"","format":"standard","meta":[],"categories":[12],"tags":[],"_links":{"self":[{"href":"https:\/\/gazdasagportal.hu\/index.php\/wp-json\/wp\/v2\/posts\/123911"}],"collection":[{"href":"https:\/\/gazdasagportal.hu\/index.php\/wp-json\/wp\/v2\/posts"}],"about":[{"href":"https:\/\/gazdasagportal.hu\/index.php\/wp-json\/wp\/v2\/types\/post"}],"author":[{"embeddable":true,"href":"https:\/\/gazdasagportal.hu\/index.php\/wp-json\/wp\/v2\/users\/1001006"}],"replies":[{"embeddable":true,"href":"https:\/\/gazdasagportal.hu\/index.php\/wp-json\/wp\/v2\/comments?post=123911"}],"version-history":[{"count":1,"href":"https:\/\/gazdasagportal.hu\/index.php\/wp-json\/wp\/v2\/posts\/123911\/revisions"}],"predecessor-version":[{"id":123912,"href":"https:\/\/gazdasagportal.hu\/index.php\/wp-json\/wp\/v2\/posts\/123911\/revisions\/123912"}],"wp:attachment":[{"href":"https:\/\/gazdasagportal.hu\/index.php\/wp-json\/wp\/v2\/media?parent=123911"}],"wp:term":[{"taxonomy":"category","embeddable":true,"href":"https:\/\/gazdasagportal.hu\/index.php\/wp-json\/wp\/v2\/categories?post=123911"},{"taxonomy":"post_tag","embeddable":true,"href":"https:\/\/gazdasagportal.hu\/index.php\/wp-json\/wp\/v2\/tags?post=123911"}],"curies":[{"name":"wp","href":"https:\/\/api.w.org\/{rel}","templated":true}]}}