{"id":123907,"date":"2020-02-15T10:07:29","date_gmt":"2020-02-15T09:07:29","guid":{"rendered":"http:\/\/gazdasagportal.hu\/?p=123907"},"modified":"2020-02-15T09:08:56","modified_gmt":"2020-02-15T08:08:56","slug":"illegalis-bevandorlas-bakondi-mintegy-100-120-ezer-migrans-keresi-a-modjat-hogyan-juthatna-tovabb","status":"publish","type":"post","link":"https:\/\/gazdasagportal.hu\/index.php\/illegalis-bevandorlas-bakondi-mintegy-100-120-ezer-migrans-keresi-a-modjat-hogyan-juthatna-tovabb\/","title":{"rendered":"Illeg\u00e1lis bev\u00e1ndorl\u00e1s &#8211; Bakondi: mintegy 100-120 ezer migr\u00e1ns keresi a m\u00f3dj\u00e1t, hogyan juthatna tov\u00e1bb"},"content":{"rendered":"<p><strong>Mintegy 100-120 migr\u00e1ns keresi a m\u00f3dj\u00e1t, hogy min\u00e9l egyszer\u0171bben tov\u00e1bbjusson Eur\u00f3p\u00e1ban &#8211; mondta Bakondi Gy\u00f6rgy, a minisztereln\u00f6k belbiztons\u00e1gi f\u0151tan\u00e1csad\u00f3ja az M1 aktu\u00e1lis csatorn\u00e1n p\u00e9nteken.<\/strong><!--more--><\/p>\n<div class=\"ads-in-post2\"><script async src=\"https:\/\/pagead2.googlesyndication.com\/pagead\/js\/adsbygoogle.js\"><\/script>\r\n<ins class=\"adsbygoogle\"\r\n     style=\"display:block\"\r\n     data-ad-format=\"fluid\"\r\n     data-ad-layout-key=\"-6t+ed+2i-1n-4w\"\r\n     data-ad-client=\"ca-pub-1959107119989764\"\r\n     data-ad-slot=\"4008251320\"><\/ins>\r\n<script>\r\n     (adsbygoogle = window.adsbygoogle || []).push({});\r\n<\/script><\/div>\n<p>    Az M1-en azt mondt\u00e1k: szombaton \u00fajabb migr\u00e1nsmenet indulhat Bosznia-Hercegovin\u00e1b\u00f3l; a migr\u00e1nsok a horv\u00e1t hat\u00e1rn\u00e1l akarnak tiltakozni.<br \/>\n    Bakondi Gy\u00f6rgy hozz\u00e1tette: ism\u00e9t meglehet\u0151sen j\u00f3 szervezetts\u00e9ggel k\u00e9sz\u00fclnek politikai nyom\u00e1sgyakorl\u00e1sra a migr\u00e1nsok. Megjegyezte, az \u00f6tlet nem lehet a saj\u00e1tjuk, a t\u00fcntet\u00e9s &#8222;a nyugat-eur\u00f3pai kult\u00fark\u00f6rre jellemz\u0151&#8221;.<br \/>\n    &#8222;Magukat ngo-knak nevez\u0151, f\u00e9lig meddig embercsemp\u00e9sz-szervezetek koordin\u00e1ci\u00f3ja l\u00e1that\u00f3 a h\u00e1tt\u00e9rben&#8221; &#8211; mondta.<br \/>\n    A f\u0151tan\u00e1csad\u00f3 k\u00f6z\u00f6lte: nemr\u00e9g azt tapasztalta a bosny\u00e1k-horv\u00e1t hat\u00e1r t\u00e9rs\u00e9g\u00e9ben, hogy sok elkeseredett ember van ott.     A horv\u00e1t hat\u00e1ron nincs ker\u00edt\u00e9s, de szigor\u00fa a hat\u00e1r\u0151rizeti rendszer &#8211; tette hozz\u00e1.<br \/>\n<div class=\"ads-in-post1\"><div id=\"gazdasagportal.hu_fullbanner_wideboard\"><\/div>\r\n<\/div>\n    Kit\u00e9rt arra is, hogy az ENSZ 100-120 ezerre becs\u00fcli a balk\u00e1ni \u00fatvonalon l\u00e9v\u0151k sz\u00e1m\u00e1t.<br \/>\n    Ez viszont jellemz\u0151en a regisztr\u00e1lt migr\u00e1nsok sz\u00e1ma. Azok, akik elker\u00fclt\u00e9k a regisztr\u00e1ci\u00f3t, ak\u00e1r 10-20 ezren is lehetnek &#8211; tette hozz\u00e1.<br \/>\n    Bakondi Gy\u00f6rgy hangs\u00falyozta: a magyar korm\u00e1ny \u00e9s hat\u00f3s\u00e1gok igyekszenek a f\u0151bb mozg\u00e1sokat, f\u0151bb vesz\u00e9lyeket azonos\u00edtani, \u00e9s azokra olyan v\u00e1laszt adni, amely a magyar emberek biztons\u00e1g\u00e1t garant\u00e1lja.(MTI)<\/p>\n","protected":false},"excerpt":{"rendered":"<p>Mintegy 100-120 migr\u00e1ns keresi a m\u00f3dj\u00e1t, hogy min\u00e9l egyszer\u0171bben tov\u00e1bbjusson Eur\u00f3p\u00e1ban &#8211; mondta Bakondi Gy\u00f6rgy, a minisztereln\u00f6k belbiztons\u00e1gi f\u0151tan\u00e1csad\u00f3ja az M1 aktu\u00e1lis csatorn\u00e1n p\u00e9nteken.<\/p>\n","protected":false},"author":1001006,"featured_media":0,"comment_status":"closed","ping_status":"open","sticky":false,"template":"","format":"standard","meta":[],"categories":[4,12],"tags":[],"_links":{"self":[{"href":"https:\/\/gazdasagportal.hu\/index.php\/wp-json\/wp\/v2\/posts\/123907"}],"collection":[{"href":"https:\/\/gazdasagportal.hu\/index.php\/wp-json\/wp\/v2\/posts"}],"about":[{"href":"https:\/\/gazdasagportal.hu\/index.php\/wp-json\/wp\/v2\/types\/post"}],"author":[{"embeddable":true,"href":"https:\/\/gazdasagportal.hu\/index.php\/wp-json\/wp\/v2\/users\/1001006"}],"replies":[{"embeddable":true,"href":"https:\/\/gazdasagportal.hu\/index.php\/wp-json\/wp\/v2\/comments?post=123907"}],"version-history":[{"count":1,"href":"https:\/\/gazdasagportal.hu\/index.php\/wp-json\/wp\/v2\/posts\/123907\/revisions"}],"predecessor-version":[{"id":123908,"href":"https:\/\/gazdasagportal.hu\/index.php\/wp-json\/wp\/v2\/posts\/123907\/revisions\/123908"}],"wp:attachment":[{"href":"https:\/\/gazdasagportal.hu\/index.php\/wp-json\/wp\/v2\/media?parent=123907"}],"wp:term":[{"taxonomy":"category","embeddable":true,"href":"https:\/\/gazdasagportal.hu\/index.php\/wp-json\/wp\/v2\/categories?post=123907"},{"taxonomy":"post_tag","embeddable":true,"href":"https:\/\/gazdasagportal.hu\/index.php\/wp-json\/wp\/v2\/tags?post=123907"}],"curies":[{"name":"wp","href":"https:\/\/api.w.org\/{rel}","templated":true}]}}