{"id":123903,"date":"2020-02-15T16:02:32","date_gmt":"2020-02-15T15:02:32","guid":{"rendered":"http:\/\/gazdasagportal.hu\/?p=123903"},"modified":"2020-02-15T09:06:50","modified_gmt":"2020-02-15T08:06:50","slug":"a-dunaferrnel-alairtak-a-2020-as-bermegallapodast","status":"publish","type":"post","link":"https:\/\/gazdasagportal.hu\/index.php\/a-dunaferrnel-alairtak-a-2020-as-bermegallapodast\/","title":{"rendered":"A Dunaferrn\u00e9l al\u00e1\u00edrt\u00e1k a 2020-as b\u00e9rmeg\u00e1llapod\u00e1st"},"content":{"rendered":"<p><strong>A c\u00e9gvezet\u00e9s \u00e9s a szakszervezetek al\u00e1\u00edrt\u00e1k az ISD Dunaferr Zrt. 2020-as b\u00e9rmeg\u00e1llapod\u00e1s\u00e1t, amely \u00e9ves szinten, \u00e1tlagosan 5,8 sz\u00e1zal\u00e9kos b\u00e9rfejleszt\u00e9st tartalmaz &#8211; k\u00f6z\u00f6lte a t\u00e1rsas\u00e1g p\u00e9nteken az MTI-vel.<\/strong><!--more--><\/p>\n<div class=\"ads-in-post2\"><script async src=\"https:\/\/pagead2.googlesyndication.com\/pagead\/js\/adsbygoogle.js\"><\/script>\r\n<ins class=\"adsbygoogle\"\r\n     style=\"display:block\"\r\n     data-ad-format=\"fluid\"\r\n     data-ad-layout-key=\"-6t+ed+2i-1n-4w\"\r\n     data-ad-client=\"ca-pub-1959107119989764\"\r\n     data-ad-slot=\"4008251320\"><\/ins>\r\n<script>\r\n     (adsbygoogle = window.adsbygoogle || []).push({});\r\n<\/script><\/div>\n<p>    A meg\u00e1llapod\u00e1sr\u00f3l Moln\u00e1r L\u00e1szl\u00f3, a Dunaferr DV. Vasas Szakszervezeti Sz\u00f6vets\u00e9g eln\u00f6ke cs\u00fct\u00f6rt\u00f6k\u00f6n t\u00e1j\u00e9koztatta az MTI-t, korrektnek \u00e9s mindk\u00e9t f\u00e9l szempontj\u00e1b\u00f3l el\u0151ny\u00f6snek min\u0151s\u00edtve azt.<br \/>\n    A t\u00e1rsas\u00e1g k\u00f6zlem\u00e9nye szerint a b\u00e9remel\u00e9s m\u00e9rt\u00e9ke szer\u00e9nyebb az elm\u00falt k\u00e9t \u00e9vben v\u00e9grehajtott, \u00e1tlagosan k\u00f6zel 34 sz\u00e1zal\u00e9kos emel\u00e9sn\u00e9l, de a munkav\u00e1llal\u00f3k meg\u00e9rtett\u00e9k, hogy az ac\u00e9lipari v\u00e1ls\u00e1g negat\u00edv hat\u00e1sai a Dunaferrt sem ker\u00fclt\u00e9k el. A racionaliz\u00e1l\u00e1si d\u00f6nt\u00e9sek mellett a munkav\u00e1llal\u00f3k konstrukt\u00edv hozz\u00e1\u00e1ll\u00e1sa is kellett ahhoz, hogy a meg\u00e1llapod\u00e1s megsz\u00fclethessen &#8211; tett\u00e9k hozz\u00e1.<br \/>\n    A t\u00e1rsas\u00e1g a tavaly okt\u00f3ber v\u00e9g\u00e9n bejelentett csoportos l\u00e9tsz\u00e1mcs\u00f6kkent\u00e9st visszavonta, de ez annak \u00e1r\u00e1n val\u00f3sul meg, hogy a k\u00f6lcs\u00f6nz\u00f6tt munkav\u00e1llal\u00f3k l\u00e9tsz\u00e1m\u00e1t jelent\u0151sen cs\u00f6kkentett\u00e9k az elm\u00falt k\u00e9t h\u00f3napban, illetve megv\u00e1ltak a nyugd\u00edj mellett vagy megb\u00edz\u00e1ssal foglalkoztatott dolgoz\u00f3kt\u00f3l.<br \/>\n    K\u00f6z\u00f6lt\u00e9k: az ac\u00e9lpiacon \u00e9rz\u00e9kelhet\u0151 pozit\u00edv k\u00f6r\u00fclm\u00e9nyek ellen\u00e9re neh\u00e9z id\u0151szak el\u0151tt \u00e1ll az ipar\u00e1g, ez\u00e9rt a Dunaferr most minden erej\u00e9vel azon dolgozik, hogy felfuttassa a termel\u00e9st \u00e9s kihaszn\u00e1lja a javul\u00f3 piaci lehet\u0151s\u00e9geket.<br \/>\n<div class=\"ads-in-post1\"><div id=\"gazdasagportal.hu_fullbanner_wideboard\"><\/div>\r\n<\/div>\n    Eml\u00e9keztettek arra, hogy 2019 fekete \u00e9v volt az eur\u00f3pai ac\u00e9lipar sz\u00e1m\u00e1ra, a vil\u00e1ggazdas\u00e1g lassul\u00e1sa, a cs\u00f6kken\u0151 kereslet, a k\u00e9szterm\u00e9k\u00e1rak zuhan\u00e1sa \u00e9s a k\u00f6rnyezetv\u00e9delmi int\u00e9zked\u00e9sek terhei miatt a c\u00e9g sz\u00e1mos strat\u00e9giai fejleszt\u00e9st elhalasztott, valamint jelent\u0151sen visszafogta a termel\u00e9st.<br \/>\n    Az ISD Dunaferr t\u00e1rsas\u00e1gcsoport Magyarorsz\u00e1g meghat\u00e1roz\u00f3 jelent\u0151s\u00e9g\u0171 ac\u00e9lgy\u00e1rt\u00f3 komplexuma, az orsz\u00e1g egyik legnagyobb termel\u0151 v\u00e1llalategy\u00fcttese. \u00c9ves ac\u00e9ltermel\u0151 kapacit\u00e1sa mintegy 1,7 milli\u00f3 tonna, integr\u00e1lt technol\u00f3gi\u00e1j\u00e1nak k\u00f6sz\u00f6nhet\u0151en a t\u00e1rsas\u00e1gcsoport az ipar\u00e1gi term\u00e9kek sz\u00e9les k\u00f6r\u00e9t k\u00edn\u00e1lja: melegen hengerelt, p\u00e1colt, hidegen hengerelt, t\u0171zi horganyzott ac\u00e9ltekercseket \u00e9s t\u00e1blalemezeket, valamint hidegen hajl\u00edtott idomac\u00e9lokat.<br \/>\n    A t\u00e1rsas\u00e1gcsoport a besz\u00e1ll\u00edt\u00f3kkal egy\u00fctt t\u00f6bb mint 12 ezer ember meg\u00e9lhet\u00e9s\u00e9t biztos\u00edtja vagy j\u00e1rul ahhoz hozz\u00e1 Duna\u00fajv\u00e1rosban \u00e9s t\u00e9rs\u00e9g\u00e9ben.<br \/>\n    A nyilv\u00e1nos c\u00e9gadatok szerint a Dunaferr v\u00e1llalatcsoport 2018-as nett\u00f3 \u00e1rbev\u00e9tele 484,2 milli\u00e1rd forint volt, ad\u00f3zott eredm\u00e9nye 7,2 milli\u00e1rd forintot tett ki. A c\u00e9gcsoport l\u00e9tsz\u00e1ma 2018 v\u00e9g\u00e9n 4561 f\u0151 volt. Egy \u00e9vvel kor\u00e1bban a v\u00e1llalatcsoport \u00e9rt\u00e9kes\u00edt\u00e9sb\u0151l sz\u00e1rmaz\u00f3 nett\u00f3 \u00e1rbev\u00e9tele 290,9 milli\u00e1rd forintot, ad\u00f3zott eredm\u00e9nye 17,58 milli\u00e1rd forintot tett ki.(MTI)<\/p>\n","protected":false},"excerpt":{"rendered":"<p>A c\u00e9gvezet\u00e9s \u00e9s a szakszervezetek al\u00e1\u00edrt\u00e1k az ISD Dunaferr Zrt. 2020-as b\u00e9rmeg\u00e1llapod\u00e1s\u00e1t, amely \u00e9ves szinten, \u00e1tlagosan 5,8 sz\u00e1zal\u00e9kos b\u00e9rfejleszt\u00e9st tartalmaz &#8211; k\u00f6z\u00f6lte a t\u00e1rsas\u00e1g p\u00e9nteken az MTI-vel.<\/p>\n","protected":false},"author":1001006,"featured_media":0,"comment_status":"closed","ping_status":"open","sticky":false,"template":"","format":"standard","meta":[],"categories":[19],"tags":[],"_links":{"self":[{"href":"https:\/\/gazdasagportal.hu\/index.php\/wp-json\/wp\/v2\/posts\/123903"}],"collection":[{"href":"https:\/\/gazdasagportal.hu\/index.php\/wp-json\/wp\/v2\/posts"}],"about":[{"href":"https:\/\/gazdasagportal.hu\/index.php\/wp-json\/wp\/v2\/types\/post"}],"author":[{"embeddable":true,"href":"https:\/\/gazdasagportal.hu\/index.php\/wp-json\/wp\/v2\/users\/1001006"}],"replies":[{"embeddable":true,"href":"https:\/\/gazdasagportal.hu\/index.php\/wp-json\/wp\/v2\/comments?post=123903"}],"version-history":[{"count":1,"href":"https:\/\/gazdasagportal.hu\/index.php\/wp-json\/wp\/v2\/posts\/123903\/revisions"}],"predecessor-version":[{"id":123906,"href":"https:\/\/gazdasagportal.hu\/index.php\/wp-json\/wp\/v2\/posts\/123903\/revisions\/123906"}],"wp:attachment":[{"href":"https:\/\/gazdasagportal.hu\/index.php\/wp-json\/wp\/v2\/media?parent=123903"}],"wp:term":[{"taxonomy":"category","embeddable":true,"href":"https:\/\/gazdasagportal.hu\/index.php\/wp-json\/wp\/v2\/categories?post=123903"},{"taxonomy":"post_tag","embeddable":true,"href":"https:\/\/gazdasagportal.hu\/index.php\/wp-json\/wp\/v2\/tags?post=123903"}],"curies":[{"name":"wp","href":"https:\/\/api.w.org\/{rel}","templated":true}]}}