{"id":123899,"date":"2020-02-15T12:53:31","date_gmt":"2020-02-15T11:53:31","guid":{"rendered":"http:\/\/gazdasagportal.hu\/?p=123899"},"modified":"2020-02-15T08:56:57","modified_gmt":"2020-02-15T07:56:57","slug":"koronavirus-emmi-jol-vannak-a-vuhanbol-hazahozott-magyarok","status":"publish","type":"post","link":"https:\/\/gazdasagportal.hu\/index.php\/koronavirus-emmi-jol-vannak-a-vuhanbol-hazahozott-magyarok\/","title":{"rendered":"Koronav\u00edrus &#8211; Emmi: j\u00f3l vannak a Vuhanb\u00f3l hazahozott magyarok"},"content":{"rendered":"<p><strong>J\u00f3l vannak a koronav\u00edrus-j\u00e1rv\u00e1ny s\u00fajtotta k\u00ednai Vuhanb\u00f3l 12 nappal ezel\u0151tt hazasz\u00e1ll\u00edtott magyar \u00e1llampolg\u00e1rok &#8211; k\u00f6z\u00f6lte az Emberi Er\u0151forr\u00e1sok Miniszt\u00e9riuma (Emmi) p\u00e9ntek este az MTI-vel.<\/strong><!--more--><\/p>\n<div class=\"ads-in-post2\"><script async src=\"https:\/\/pagead2.googlesyndication.com\/pagead\/js\/adsbygoogle.js\"><\/script>\r\n<ins class=\"adsbygoogle\"\r\n     style=\"display:block\"\r\n     data-ad-format=\"fluid\"\r\n     data-ad-layout-key=\"-6t+ed+2i-1n-4w\"\r\n     data-ad-client=\"ca-pub-1959107119989764\"\r\n     data-ad-slot=\"4008251320\"><\/ins>\r\n<script>\r\n     (adsbygoogle = window.adsbygoogle || []).push({});\r\n<\/script><\/div>\n<p>    A k\u00f6zlem\u00e9ny szerint a hat f\u00e9rfi \u00e9s egy n\u0151nek nincs l\u00e1za, panasz- \u00e9s t\u00fcnetmentesek, laborat\u00f3riumi vizsg\u00e1lataik semmilyen k\u00f3ros elt\u00e9r\u00e9st nem mutatnak. Fizikailag remek\u00fcl vannak \u00e9s pszich\u00e9sen is j\u00f3l t\u0171rik, hogy m\u00e9g a hozz\u00e1tartoz\u00f3ikkal sem l\u00e9tes\u00edthetnek k\u00f6zvetlen kapcsolatot.<br \/>\n    El\u0151rel\u00e1that\u00f3an k\u00e9t nap m\u00falva, a 14 napos inkub\u00e1ci\u00f3s id\u0151 letelt\u00e9vel elhagyhatj\u00e1k a D\u00e9l-pesti Centrumk\u00f3rh\u00e1z, Szent L\u00e1szl\u00f3 k\u00f3rh\u00e1z telephely\u00e9n l\u00e9v\u0151, karant\u00e9n c\u00e9lj\u00e1ra kialak\u00edtott \u00e9p\u00fcletet &#8211; tett\u00e9k hozz\u00e1.<br \/>\n    Az Eg\u00e9szs\u00e9g\u00fcgyi Vil\u00e1gszervezet (WHO) \u00e1ltal COVID-19-nek elnevezett v\u00edrus t\u00f6bb mint 64 ezer embert beteg\u00edtett meg vil\u00e1gszerte.(MTI)<\/p>\n","protected":false},"excerpt":{"rendered":"<p>J\u00f3l vannak a koronav\u00edrus-j\u00e1rv\u00e1ny s\u00fajtotta k\u00ednai Vuhanb\u00f3l 12 nappal ezel\u0151tt hazasz\u00e1ll\u00edtott magyar \u00e1llampolg\u00e1rok &#8211; k\u00f6z\u00f6lte az Emberi Er\u0151forr\u00e1sok Miniszt\u00e9riuma (Emmi) p\u00e9ntek este az MTI-vel.<\/p>\n","protected":false},"author":1001006,"featured_media":0,"comment_status":"closed","ping_status":"open","sticky":false,"template":"","format":"standard","meta":[],"categories":[14,4],"tags":[],"_links":{"self":[{"href":"https:\/\/gazdasagportal.hu\/index.php\/wp-json\/wp\/v2\/posts\/123899"}],"collection":[{"href":"https:\/\/gazdasagportal.hu\/index.php\/wp-json\/wp\/v2\/posts"}],"about":[{"href":"https:\/\/gazdasagportal.hu\/index.php\/wp-json\/wp\/v2\/types\/post"}],"author":[{"embeddable":true,"href":"https:\/\/gazdasagportal.hu\/index.php\/wp-json\/wp\/v2\/users\/1001006"}],"replies":[{"embeddable":true,"href":"https:\/\/gazdasagportal.hu\/index.php\/wp-json\/wp\/v2\/comments?post=123899"}],"version-history":[{"count":1,"href":"https:\/\/gazdasagportal.hu\/index.php\/wp-json\/wp\/v2\/posts\/123899\/revisions"}],"predecessor-version":[{"id":123900,"href":"https:\/\/gazdasagportal.hu\/index.php\/wp-json\/wp\/v2\/posts\/123899\/revisions\/123900"}],"wp:attachment":[{"href":"https:\/\/gazdasagportal.hu\/index.php\/wp-json\/wp\/v2\/media?parent=123899"}],"wp:term":[{"taxonomy":"category","embeddable":true,"href":"https:\/\/gazdasagportal.hu\/index.php\/wp-json\/wp\/v2\/categories?post=123899"},{"taxonomy":"post_tag","embeddable":true,"href":"https:\/\/gazdasagportal.hu\/index.php\/wp-json\/wp\/v2\/tags?post=123899"}],"curies":[{"name":"wp","href":"https:\/\/api.w.org\/{rel}","templated":true}]}}