{"id":123891,"date":"2020-02-15T09:24:21","date_gmt":"2020-02-15T08:24:21","guid":{"rendered":"http:\/\/gazdasagportal.hu\/?p=123891"},"modified":"2020-02-15T08:45:44","modified_gmt":"2020-02-15T07:45:44","slug":"pozitivra-javitotta-a-magyar-allamados-osztalyzat-kilatasat-a-standard-poors","status":"publish","type":"post","link":"https:\/\/gazdasagportal.hu\/index.php\/pozitivra-javitotta-a-magyar-allamados-osztalyzat-kilatasat-a-standard-poors\/","title":{"rendered":"Pozit\u00edvra jav\u00edtotta a magyar \u00e1llamad\u00f3s-oszt\u00e1lyzat kil\u00e1t\u00e1s\u00e1t a Standard &#038; Poor&#8217;s"},"content":{"rendered":"<p><strong>Felmin\u0151s\u00edt\u00e9s lehet\u0151s\u00e9g\u00e9re utal\u00f3 pozit\u00edvra jav\u00edtotta az eddigi stabilr\u00f3l a hossz\u00fa \u00e9s r\u00f6vid lej\u00e1rat\u00fa, deviz\u00e1ban \u00e9s forintban fenn\u00e1ll\u00f3 magyar \u00e1llamad\u00f3ss\u00e1g-k\u00f6telezetts\u00e9gek befektet\u00e9si aj\u00e1nl\u00e1s\u00fa, &#8222;BBB\/A-2&#8221; szint\u0171 besorol\u00e1s\u00e1nak kil\u00e1t\u00e1s\u00e1t p\u00e9nteken a Standard &#038; Poor&#8217;s, mindenekel\u0151tt a magyar gazdas\u00e1g v\u00e1ratlanul er\u0151teljes n\u00f6veked\u00e9si teljes\u00edtm\u00e9ny\u00e9vel indokolva a l\u00e9p\u00e9st.<\/strong><!--more--><\/p>\n<div class=\"ads-in-post2\"><script async src=\"https:\/\/pagead2.googlesyndication.com\/pagead\/js\/adsbygoogle.js\"><\/script>\r\n<ins class=\"adsbygoogle\"\r\n     style=\"display:block\"\r\n     data-ad-format=\"fluid\"\r\n     data-ad-layout-key=\"-6t+ed+2i-1n-4w\"\r\n     data-ad-client=\"ca-pub-1959107119989764\"\r\n     data-ad-slot=\"4008251320\"><\/ins>\r\n<script>\r\n     (adsbygoogle = window.adsbygoogle || []).push({});\r\n<\/script><\/div>\n<p>    Egy m\u00e1sik nemzetk\u00f6zi hitelmin\u0151s\u00edt\u0151, a Fitch Ratings ugyancsak p\u00e9nteken v\u00e1ltozatlan stabil kil\u00e1t\u00e1ssal meger\u0151s\u00edtette Magyarorsz\u00e1g szint\u00e9n &#8222;BBB&#8221; fokozat\u00fa \u00e1llamad\u00f3s-besorol\u00e1s\u00e1t.<br \/>\n    A Standard &#038; Poor&#8217;s p\u00e9nz\u00fcgyi szolg\u00e1ltat\u00f3 csoport glob\u00e1lis min\u0151s\u00edt\u00e9si r\u00e9szlege (S&#038;P Global Ratings) csaknem pontosan egy \u00e9vvel a magyar szuver\u00e9n oszt\u00e1lyzat legut\u00f3bbi felmin\u0151s\u00edt\u00e9se ut\u00e1n jav\u00edtotta a besorol\u00e1s kil\u00e1t\u00e1s\u00e1t tov\u00e1bbi felmin\u0151s\u00edt\u00e9st val\u00f3sz\u00edn\u0171s\u00edt\u0151 pozit\u00edvra.<br \/>\n    A c\u00e9g 2019. febru\u00e1r 15-\u00e9n emelte egy fokozattal a jelenleg is \u00e9rv\u00e9nyes &#8211; a kil\u00e1t\u00e1s p\u00e9nteki jav\u00edt\u00e1s\u00e1val egy id\u0151ben meger\u0151s\u00edtett &#8211; &#8222;BBB\/A-2&#8221;-re a besorol\u00e1st az addigi &#8222;BBB m\u00ednusz\/A-3&#8221;-r\u00f3l.<br \/>\n    Az oszt\u00e1lyzati kil\u00e1t\u00e1s jav\u00edt\u00e1s\u00e1hoz f\u0171z\u00f6tt, p\u00e9ntek \u00e9jjel Londonban ismertetett \u00e9rt\u00e9kel\u00e9s\u00e9ben az S&#038;P kiemelte: a pozit\u00edv kil\u00e1t\u00e1s azt jelenti, hogy a c\u00e9g 24 h\u00f3napon bel\u00fcl jav\u00edthatja a magyar oszt\u00e1lyzatot, ha a magyar gazdas\u00e1g teljes\u00edtm\u00e9nye a tov\u00e1bbiakban is er\u0151teljesebb \u00e9s kiegyens\u00falyozottabb lesz, mint a vele \u00f6sszehasonl\u00edthat\u00f3 t\u00e1rsgazdas\u00e1gok\u00e9.<br \/>\n    A hitelmin\u0151s\u00edt\u0151 szerint javulhat a magyar oszt\u00e1lyzat akkor is, ha az \u00e1llamh\u00e1ztart\u00e1si hi\u00e1ny az el\u0151rejelz\u00e9si t\u00e1vlatban jelent\u0151sen cs\u00f6kken.<br \/>\n    Ha a c\u00e9g a magyar besorol\u00e1st egy fokozattal &#8222;BBB plusz&#8221;-ra emeli, akkor Magyarorsz\u00e1got m\u00e1r csak egy fokozat v\u00e1lasztan\u00e1 el az els\u0151rend\u0171 &#8222;A&#8221; kateg\u00f3ri\u00e1s befektet\u00e9si s\u00e1vt\u00f3l.<br \/>\n    Az S&#038;P kiemelte: azzal sz\u00e1mol, hogy a magyar gazdas\u00e1g er\u0151s n\u00f6veked\u00e9si k\u00f6rnyezet\u00e9ben is siker\u00fcl kord\u00e1ban tartani a makrogazdas\u00e1gi egyens\u00falytalans\u00e1gokat.<br \/>\n<div class=\"ads-in-post1\"><div id=\"gazdasagportal.hu_fullbanner_wideboard\"><\/div>\r\n<\/div>\n    A hitelmin\u0151s\u00edt\u0151 felid\u00e9zte, hogy 2019 els\u0151 h\u00e1rom negyed\u00e9v\u00e9ben a n\u00f6veked\u00e9s \u00e9ves \u00f6sszevet\u00e9sben el\u00e9rte az 5,1 sz\u00e1zal\u00e9kot.<br \/>\n    A c\u00e9g k\u00f6z\u00f6lte: 2019 eg\u00e9sz\u00e9re valamivel lassabb, 4,9 sz\u00e1zal\u00e9kos n\u00f6veked\u00e9st val\u00f3sz\u00edn\u0171s\u00edt, de ez is a leger\u0151sebb n\u00f6veked\u00e9si teljes\u00edtm\u00e9nyek k\u00f6z\u00f6tt lesz az Eur\u00f3pai Uni\u00f3ban.<br \/>\n    Az S&#038;P Global Ratings elemz\u00e9se szerint a pozit\u00edv kil\u00e1t\u00e1s t\u00fckr\u00f6zi a c\u00e9g azon v\u00e1rakoz\u00e1s\u00e1t is, hogy a lebeg\u0151 \u00e1rfolyamrendszer \u00e9s a m\u00e9g mindig alacsony munkak\u00f6lts\u00e9gek al\u00e1t\u00e1masztj\u00e1k a magyar gazdas\u00e1g k\u00fcls\u0151 versenyk\u00e9pess\u00e9g\u00e9t, f\u00e9kezve egyben a foly\u00f3m\u00e9rleg-poz\u00edci\u00f3 er\u00f3zi\u00f3j\u00e1t.<br \/>\n    J\u00f3llehet bizonyos jelek a gazdas\u00e1g t\u00falf\u0171t\u00f6tts\u00e9g\u00e9re utalnak &#8211; ezek k\u00f6z\u00e9 tartozik a feszes munkapiaci helyzet -, a k\u00fcls\u0151 versenyk\u00e9pess\u00e9get terhel\u0151 kock\u00e1zatok r\u00f6vid t\u00e1von korl\u00e1tozottnak t\u0171nnek &#8211; \u00e1ll az S&#038;P helyzet\u00e9rt\u00e9kel\u00e9s\u00e9ben.<br \/>\n    A c\u00e9g hozz\u00e1teszi: b\u00e1r a magyar \u00e1llamad\u00f3ss\u00e1g-r\u00e1ta a t\u00e9rs\u00e9gben a legmagasabbak k\u00f6z\u00e9 tartozik, a szil\u00e1rd gazdas\u00e1gi n\u00f6veked\u00e9s \u00e9s az ehhez t\u00e1rsul\u00f3, valamelyest feszesebb k\u00f6lts\u00e9gvet\u00e9si politika v\u00e1rhat\u00f3an el\u0151seg\u00edti, hogy az ad\u00f3ss\u00e1gr\u00e1ta lefel\u00e9 tart\u00f3 p\u00e1ly\u00e1n maradjon.<br \/>\n    A hitelmin\u0151s\u00edt\u0151 v\u00e1rakoz\u00e1sa szerint a korm\u00e1nyzati likvid eszk\u00f6z\u00f6kt\u0151l megsz\u0171rt \u00e1llamad\u00f3ss\u00e1g-r\u00e1ta a hazai \u00f6sszterm\u00e9k (GDP) 60 sz\u00e1zal\u00e9ka al\u00e1 cs\u00f6kken 2021-ben.<br \/>\n    A &#8222;BBB\/A-2&#8221; besorol\u00e1st al\u00e1t\u00e1masztja a rugalmas, exportvez\u00e9relt magyar gazdas\u00e1g, az er\u0151teljes k\u00fcls\u0151 profil, a mag\u00e1nszektor alacsony ad\u00f3ss\u00e1gterhe \u00e9s a rugalmas \u00e1rfolyamrendszer. Az egyes korm\u00e1nyzati \u00e1gak k\u00f6z\u00f6tti f\u00e9kek \u00e9s ellens\u00falyok rendszer\u00e9nek viszonylagos gyenges\u00e9ge, a m\u00e9rs\u00e9kelt vagyoni szint, valamint a magas, j\u00f3llehet cs\u00f6kken\u0151 \u00e1llamad\u00f3ss\u00e1g-r\u00e1ta jelenti a magyar besorol\u00e1s f\u0151 korl\u00e1tait &#8211; fogalmaz p\u00e9nteki londoni elemz\u00e9s\u00e9ben a hitelmin\u0151s\u00edt\u0151.<br \/>\n    Az S&#038;P Global Ratings k\u00f6z\u00f6lte: a magyar gazdas\u00e1g n\u00f6veked\u00e9si \u00fcteme a magyar \u00e1llamad\u00f3s-besorol\u00e1s tavaly febru\u00e1ri felmin\u0151s\u00edt\u00e9se \u00f3ta meghaladta a c\u00e9g v\u00e1rakoz\u00e1sait, \u00e9s a 2019 eg\u00e9sz\u00e9re val\u00f3sz\u00edn\u0171s\u00edtett 4,9 sz\u00e1zal\u00e9kos gazdas\u00e1gi n\u00f6veked\u00e9s t\u00f6bb sz\u00e1zal\u00e9kponttal gyorsabb az Eur\u00f3pai Uni\u00f3 \u00e1tlag\u00e1n\u00e1l.<br \/>\n    Ha a magyar gazdas\u00e1got nem \u00e9ri k\u00fcls\u0151 sokk, az S&#038;P v\u00e1rakoz\u00e1sa szerint a magyar hazai \u00f6sszterm\u00e9k az id\u00e9n 3,5 sz\u00e1zal\u00e9k k\u00f6r\u00fcli \u00fctemben b\u0151v\u00fclhet.<br \/>\n    A c\u00e9g hangs\u00falyozza, hogy ez is er\u0151teljes n\u00f6veked\u00e9si \u00fctem lenne, \u00e9s el\u0151seg\u00edti Magyarorsz\u00e1g tov\u00e1bbi j\u00f6vedelmi felz\u00e1rk\u00f3z\u00e1s\u00e1t a gazdagabb EU-gazdas\u00e1gokhoz.<br \/>\n    Az S&#038;P szerint ugyanakkor kev\u00e9s ok van annak felt\u00e9telez\u00e9s\u00e9re, hogy a magyar gazdas\u00e1g tart\u00f3san f\u00fcggetlen\u00edteni tudja mag\u00e1t a n\u00e9met ipari termel\u00e9s gyenges\u00e9g\u00e9t\u0151l, tekintettel arra, hogy az export a magyar GDP-\u00e9rt\u00e9k hozz\u00e1vet\u0151leg 85 sz\u00e1zal\u00e9k\u00e1t teszi ki, \u00e9s a teljes export 16 sz\u00e1zal\u00e9k\u00e1t az aut\u00f3ipar adja.<br \/>\n    Mindemellett a magyar gazdas\u00e1g a kapacit\u00e1sok sz\u0171k\u00f6ss\u00e9g\u00e9vel is k\u00fcszk\u00f6dik; a 3,4 sz\u00e1zal\u00e9kos munkan\u00e9lk\u00fclis\u00e9g p\u00e9ld\u00e1ul a negyedik legalacsonyabb ar\u00e1ny az EU-ban.<br \/>\n    R\u00e1ad\u00e1sul a brit EU-tags\u00e1g megsz\u0171n\u00e9se (Brexit) miatt v\u00e1rhat\u00f3 az EU struktur\u00e1lis \u00e9s koh\u00e9zi\u00f3s juttat\u00e1sainak cs\u00f6kkent\u00e9se is, \u00e9s a magyar gazdas\u00e1g a jelenlegi el\u0151reljelz\u00e9si t\u00e1vlat k\u00e9s\u0151bbi \u00e9veiben val\u00f3sz\u00edn\u0171leg ezt is meg\u00e9rzi majd.<br \/>\n    Mindezt egybevetve a Standard &#038; Poor&#8217;s azzal sz\u00e1mol, hogy a magyar hazai \u00f6sszterm\u00e9k n\u00f6veked\u00e9si \u00fcteme k\u00f6zel\u00edteni fog a hossz\u00fa t\u00e1vlatban m\u00e9rt 2-2,5 sz\u00e1zal\u00e9kos r\u00e1t\u00e1hoz.<br \/>\n    A Fitch Ratings is p\u00e9ntekre t\u0171zte ki az S&#038;P besorol\u00e1s\u00e1val azonos magyar \u00e1llamad\u00f3ss\u00e1g-oszt\u00e1lyzat idei els\u0151 vizsg\u00e1lat\u00e1t. A Fitch p\u00e9ntek \u00e9jjel Londonban k\u00f6z\u00f6lte, hogy v\u00e1ltozatlan stabil kil\u00e1t\u00e1ssal meger\u0151s\u00edtette a magyar szuver\u00e9n besorol\u00e1s\u00e1t.<br \/>\n    Ehhez f\u0171z\u00f6tt elemz\u00e9s\u00e9ben a c\u00e9g kiemelte, hogy az id\u00e9n 3,5 sz\u00e1zal\u00e9kos, 2021-ben 2,8 sz\u00e1zal\u00e9kos n\u00f6veked\u00e9st v\u00e1r a magyar gazdas\u00e1gban.<br \/>\n    A Fitch is a magyar besorol\u00e1s gyenges\u00e9gei k\u00f6z\u00e9 sorolta a magas &#8211; 2019 v\u00e9g\u00e9n 66,5 sz\u00e1zal\u00e9kos &#8211; \u00e1llamad\u00f3ss\u00e1g-r\u00e1t\u00e1t, hangs\u00falyozva: az azonos besorol\u00e1s\u00fa szuver\u00e9n ad\u00f3sok medi\u00e1n\u00e9rt\u00e9ke 41,1 sz\u00e1zal\u00e9k.<br \/>\n    A c\u00e9g kiemelte azt is, hogy a cs\u00f6kken\u00e9s m\u00e9rt\u00e9ke lass\u00fa: az elm\u00falt \u00e9vtizedben 14,1 sz\u00e1zal\u00e9kponttal cs\u00f6kkent a GDP-ar\u00e1nyos \u00e1llamad\u00f3ss\u00e1g-r\u00e1ta.(MTI)<\/p>\n","protected":false},"excerpt":{"rendered":"<p>Felmin\u0151s\u00edt\u00e9s lehet\u0151s\u00e9g\u00e9re utal\u00f3 pozit\u00edvra jav\u00edtotta az eddigi stabilr\u00f3l a hossz\u00fa \u00e9s r\u00f6vid lej\u00e1rat\u00fa, deviz\u00e1ban \u00e9s forintban fenn\u00e1ll\u00f3 magyar \u00e1llamad\u00f3ss\u00e1g-k\u00f6telezetts\u00e9gek befektet\u00e9si aj\u00e1nl\u00e1s\u00fa, &#8222;BBB\/A-2&#8221; szint\u0171 besorol\u00e1s\u00e1nak kil\u00e1t\u00e1s\u00e1t p\u00e9nteken a Standard &#038; Poor&#8217;s, mindenekel\u0151tt a magyar gazdas\u00e1g v\u00e1ratlanul er\u0151teljes n\u00f6veked\u00e9si teljes\u00edtm\u00e9ny\u00e9vel indokolva a l\u00e9p\u00e9st.<\/p>\n","protected":false},"author":1001006,"featured_media":67758,"comment_status":"closed","ping_status":"open","sticky":false,"template":"","format":"standard","meta":[],"categories":[146,19],"tags":[],"_links":{"self":[{"href":"https:\/\/gazdasagportal.hu\/index.php\/wp-json\/wp\/v2\/posts\/123891"}],"collection":[{"href":"https:\/\/gazdasagportal.hu\/index.php\/wp-json\/wp\/v2\/posts"}],"about":[{"href":"https:\/\/gazdasagportal.hu\/index.php\/wp-json\/wp\/v2\/types\/post"}],"author":[{"embeddable":true,"href":"https:\/\/gazdasagportal.hu\/index.php\/wp-json\/wp\/v2\/users\/1001006"}],"replies":[{"embeddable":true,"href":"https:\/\/gazdasagportal.hu\/index.php\/wp-json\/wp\/v2\/comments?post=123891"}],"version-history":[{"count":1,"href":"https:\/\/gazdasagportal.hu\/index.php\/wp-json\/wp\/v2\/posts\/123891\/revisions"}],"predecessor-version":[{"id":123892,"href":"https:\/\/gazdasagportal.hu\/index.php\/wp-json\/wp\/v2\/posts\/123891\/revisions\/123892"}],"wp:featuredmedia":[{"embeddable":true,"href":"https:\/\/gazdasagportal.hu\/index.php\/wp-json\/wp\/v2\/media\/67758"}],"wp:attachment":[{"href":"https:\/\/gazdasagportal.hu\/index.php\/wp-json\/wp\/v2\/media?parent=123891"}],"wp:term":[{"taxonomy":"category","embeddable":true,"href":"https:\/\/gazdasagportal.hu\/index.php\/wp-json\/wp\/v2\/categories?post=123891"},{"taxonomy":"post_tag","embeddable":true,"href":"https:\/\/gazdasagportal.hu\/index.php\/wp-json\/wp\/v2\/tags?post=123891"}],"curies":[{"name":"wp","href":"https:\/\/api.w.org\/{rel}","templated":true}]}}