{"id":123889,"date":"2020-02-15T09:30:32","date_gmt":"2020-02-15T08:30:32","guid":{"rendered":"http:\/\/gazdasagportal.hu\/?p=123889"},"modified":"2020-02-15T08:31:44","modified_gmt":"2020-02-15T07:31:44","slug":"amerikai-elovalasztas-nevadaban-is-bernie-sanders-a-legnepszerubb-ot-tamogatja-new-york-polgarmestere-is","status":"publish","type":"post","link":"https:\/\/gazdasagportal.hu\/index.php\/amerikai-elovalasztas-nevadaban-is-bernie-sanders-a-legnepszerubb-ot-tamogatja-new-york-polgarmestere-is\/","title":{"rendered":"Amerikai el\u0151v\u00e1laszt\u00e1s &#8211; Nevad\u00e1ban is Bernie Sanders a legn\u00e9pszer\u0171bb, \u0151t t\u00e1mogatja New York polg\u00e1rmestere is"},"content":{"rendered":"<p><strong>Nevad\u00e1ban is Bernie Sanders a legn\u00e9pszer\u0171bb demokrata p\u00e1rti eln\u00f6kjel\u00f6lt-aspir\u00e1ns, \u00e9s p\u00e9nteken Bill de Blasio, New York polg\u00e1rmestere is bejelentette, hogy \u0151t t\u00e1mogatja.<\/strong><!--more--><\/p>\n<div class=\"ads-in-post2\"><script async src=\"https:\/\/pagead2.googlesyndication.com\/pagead\/js\/adsbygoogle.js\"><\/script>\r\n<ins class=\"adsbygoogle\"\r\n     style=\"display:block\"\r\n     data-ad-format=\"fluid\"\r\n     data-ad-layout-key=\"-6t+ed+2i-1n-4w\"\r\n     data-ad-client=\"ca-pub-1959107119989764\"\r\n     data-ad-slot=\"4008251320\"><\/ins>\r\n<script>\r\n     (adsbygoogle = window.adsbygoogle || []).push({});\r\n<\/script><\/div>\n<p>    A Nevada Poll nev\u0171 k\u00f6zv\u00e9lem\u00e9ny-kutat\u00f3 int\u00e9zet \u00e9s a Las Vegas Review-Journal c\u00edm\u0171 helyi lap p\u00e9nteken nyilv\u00e1noss\u00e1gra hozott k\u00f6z\u00f6s felm\u00e9r\u00e9se szerint a nevadai demokrata p\u00e1rti v\u00e1laszt\u00f3k 25 sz\u00e1zal\u00e9ka Bernie Sanders vermonti szen\u00e1tort l\u00e1tn\u00e1 a legsz\u00edvesebben a demokrat\u00e1k eln\u00f6kjel\u00f6ltjek\u00e9nt. Joe Bident, az Obama-korm\u00e1nyzat egykori aleln\u00f6k\u00e9t a megk\u00e9rdezettek 18 sz\u00e1zal\u00e9ka, m\u00edg Elizabeth Warren massachusettsi szen\u00e1tort 13 sz\u00e1zal\u00e9kuk t\u00e1mogatja.<br \/>\n    A nyugati Nevad\u00e1ban a j\u00f6v\u0151 szombaton, febru\u00e1r 22-\u00e9n csakis a demokrat\u00e1k v\u00e1lasztanak, m\u00e9gpedig jel\u00f6l\u0151gy\u0171l\u00e9sek (caucus) \u00fatj\u00e1n. Elemz\u0151k szerint ez lesz az els\u0151 komolyabb er\u0151felm\u00e9r\u00e9s a sz\u00e1mukra a spanyolajk\u00fa amerikaiak k\u00f6r\u00e9ben. Hasonl\u00f3an fontos pr\u00f3ba lesz a k\u00f6vetkez\u0151 h\u00e9ten, febru\u00e1r 29-\u00e9n tartand\u00f3 el\u0151v\u00e1laszt\u00e1s D\u00e9l-Karolin\u00e1ban, ahol pedig sok afroamerikai \u00e9l.<br \/>\n<div class=\"ads-in-post1\"><div id=\"gazdasagportal.hu_fullbanner_wideboard\"><\/div>\r\n<\/div>\n    Elemz\u0151k szerint a nevadai \u00e9s a d\u00e9l-karolinai megm\u00e9rettet\u00e9s val\u00f3sz\u00edn\u0171leg eld\u00f6nti Joe Biden kamp\u00e1ny\u00e1t. A volt aleln\u00f6k ugyanis a v\u00e1rakoz\u00e1sokkal ellent\u00e9tben gyeng\u00e9n szerepelt mind az iowai jel\u00f6l\u0151gy\u0171l\u00e9sen, mind a New Hampshire-i el\u0151v\u00e1laszt\u00e1son, \u00e9s valamennyi felm\u00e9r\u00e9s azt tan\u00fas\u00edtja, hogy lemarad\u00f3ban van a n\u00e9pszer\u0171s\u00e9gi list\u00e1kon. Amerikai sajt\u00f3jelent\u00e9sek szerint a Biden-kamp\u00e1ny nagy finansz\u00edroz\u00f3i k\u00f6z\u00fcl t\u00f6bben is fontolgatj\u00e1k, hogy a tov\u00e1bbiakban nem \u0151t t\u00e1mogatj\u00e1k.<br \/>\n    M\u00e1rcius 3-\u00e1n, az \u00fagynevezett szuperkedden tucatn\u00e1l is t\u00f6bb tag\u00e1llamban v\u00e1lasztanak, a szuperkeddi voksol\u00e1sokon sz\u00e1ll be az elektorok\u00e9rt folytatott k\u00fczdelembe a kamp\u00e1nyra m\u00e1r eddig is t\u00f6bb mint 250 milli\u00f3 doll\u00e1rt k\u00f6lt\u0151 milli\u00e1rdos, Mike Bloomberg, New York volt polg\u00e1rmestere is.<br \/>\n    New York jelenlegi polg\u00e1rmestere, Bill de Blasio p\u00e9nteken Bernie Sanders szen\u00e1tort biztos\u00edtotta t\u00e1mogat\u00e1s\u00e1r\u00f3l. De Blasio maga is p\u00e1ly\u00e1zott az eln\u00f6kjel\u00f6lts\u00e9gre, de tavaly szeptemberben kisz\u00e1llt a versenyb\u0151l.(MTI)<\/p>\n","protected":false},"excerpt":{"rendered":"<p>Nevad\u00e1ban is Bernie Sanders a legn\u00e9pszer\u0171bb demokrata p\u00e1rti eln\u00f6kjel\u00f6lt-aspir\u00e1ns, \u00e9s p\u00e9nteken Bill de Blasio, New York polg\u00e1rmestere is bejelentette, hogy \u0151t t\u00e1mogatja.<\/p>\n","protected":false},"author":1001003,"featured_media":0,"comment_status":"closed","ping_status":"open","sticky":false,"template":"","format":"standard","meta":[],"categories":[13],"tags":[],"_links":{"self":[{"href":"https:\/\/gazdasagportal.hu\/index.php\/wp-json\/wp\/v2\/posts\/123889"}],"collection":[{"href":"https:\/\/gazdasagportal.hu\/index.php\/wp-json\/wp\/v2\/posts"}],"about":[{"href":"https:\/\/gazdasagportal.hu\/index.php\/wp-json\/wp\/v2\/types\/post"}],"author":[{"embeddable":true,"href":"https:\/\/gazdasagportal.hu\/index.php\/wp-json\/wp\/v2\/users\/1001003"}],"replies":[{"embeddable":true,"href":"https:\/\/gazdasagportal.hu\/index.php\/wp-json\/wp\/v2\/comments?post=123889"}],"version-history":[{"count":1,"href":"https:\/\/gazdasagportal.hu\/index.php\/wp-json\/wp\/v2\/posts\/123889\/revisions"}],"predecessor-version":[{"id":123890,"href":"https:\/\/gazdasagportal.hu\/index.php\/wp-json\/wp\/v2\/posts\/123889\/revisions\/123890"}],"wp:attachment":[{"href":"https:\/\/gazdasagportal.hu\/index.php\/wp-json\/wp\/v2\/media?parent=123889"}],"wp:term":[{"taxonomy":"category","embeddable":true,"href":"https:\/\/gazdasagportal.hu\/index.php\/wp-json\/wp\/v2\/categories?post=123889"},{"taxonomy":"post_tag","embeddable":true,"href":"https:\/\/gazdasagportal.hu\/index.php\/wp-json\/wp\/v2\/tags?post=123889"}],"curies":[{"name":"wp","href":"https:\/\/api.w.org\/{rel}","templated":true}]}}