{"id":123881,"date":"2020-02-14T16:54:41","date_gmt":"2020-02-14T15:54:41","guid":{"rendered":"http:\/\/gazdasagportal.hu\/?p=123881"},"modified":"2020-02-14T15:59:41","modified_gmt":"2020-02-14T14:59:41","slug":"csokkent-az-ipari-termeles-az-egyesult-allamokban-januarban","status":"publish","type":"post","link":"https:\/\/gazdasagportal.hu\/index.php\/csokkent-az-ipari-termeles-az-egyesult-allamokban-januarban\/","title":{"rendered":"Cs\u00f6kkent az ipari termel\u00e9s az Egyes\u00fclt \u00c1llamokban janu\u00e1rban"},"content":{"rendered":"<p><strong>Cs\u00f6kkent az ipari termel\u00e9s \u00e9s az ipari kapacit\u00e1sok kihaszn\u00e1lts\u00e1ga janu\u00e1rban az Egyes\u00fclt \u00c1llamokban.<\/strong><!--more--><\/p>\n<div class=\"ads-in-post1\"><div id=\"gazdasagportal.hu_fullbanner_wideboard\"><\/div>\r\n<\/div>\n<p>    Az amerikai jegybank szerep\u00e9t bet\u00f6lt\u0151 sz\u00f6vets\u00e9gi tartal\u00e9kbankrendszer (Federal Reserve) p\u00e9nteken azt k\u00f6z\u00f6lte, hogy szezon\u00e1lis kiigaz\u00edt\u00e1ssal sz\u00e1molva 0,3 sz\u00e1zal\u00e9kkal esett vissza az ipari termel\u00e9s havi \u00f6sszevet\u00e9sben a decemberi 0,4 sz\u00e1zal\u00e9kos cs\u00f6kken\u00e9s ut\u00e1n.<br \/>\n    Elemz\u0151k enyh\u00e9bb, 0,2 sz\u00e1zal\u00e9kos havi szint\u0171 cs\u00f6kken\u00e9sre sz\u00e1m\u00edtottak janu\u00e1rra.<br \/>\n    Tavaly janu\u00e1rhoz k\u00e9pest 0,8 sz\u00e1zal\u00e9kkal cs\u00f6kkent az ipari termel\u00e9s.<br \/>\n    Az \u00e1tlagosn\u00e1l enyh\u00e9bb janu\u00e1r miatt j\u00f3val kisebb volt az ig\u00e9ny f\u0171t\u00e9sre, ami azt eredm\u00e9nyezte, hogy havi \u00f6sszevet\u00e9sben a k\u00f6z\u00fczemi v\u00e1llalatok termel\u00e9se 4 sz\u00e1zal\u00e9kkal cs\u00f6kkent. A feldolgoz\u00f3ipar termel\u00e9se 0,1 sz\u00e1zal\u00e9kkal m\u00e9rs\u00e9kl\u0151d\u00f6tt, a b\u00e1nyaipar\u00e9 viszont 1,2 sz\u00e1zal\u00e9kkal n\u0151tt.<br \/>\n<div class=\"ads-in-post2\"><script async src=\"https:\/\/pagead2.googlesyndication.com\/pagead\/js\/adsbygoogle.js\"><\/script>\r\n<ins class=\"adsbygoogle\"\r\n     style=\"display:block\"\r\n     data-ad-format=\"fluid\"\r\n     data-ad-layout-key=\"-6t+ed+2i-1n-4w\"\r\n     data-ad-client=\"ca-pub-1959107119989764\"\r\n     data-ad-slot=\"4008251320\"><\/ins>\r\n<script>\r\n     (adsbygoogle = window.adsbygoogle || []).push({});\r\n<\/script><\/div>\n    \u00c9ves \u00f6sszevet\u00e9sben a feldolgoz\u00f3ipar teljes\u00edtm\u00e9nye 0,8 sz\u00e1zal\u00e9kkal, a k\u00f6zm\u0171vek\u00e9 pedig 6,2 sz\u00e1zal\u00e9kkal esett vissza, m\u00edg a b\u00e1nyaipar\u00e9 3,1 sz\u00e1zal\u00e9kkal n\u0151tt.<br \/>\n    A tavalyi eg\u00e9sz \u00e9vben 0,8 sz\u00e1zal\u00e9kkal n\u0151tt az ipari termel\u00e9s, jelent\u0151sen lassult az \u00fctem a 2018-as 3,9 sz\u00e1zal\u00e9khoz \u00e9s a 2017-es 2,3 sz\u00e1zal\u00e9khoz k\u00e9pest.<br \/>\n    Janu\u00e1rban az ipari kapacit\u00e1sok kihaszn\u00e1lts\u00e1ga 76,8 sz\u00e1zal\u00e9kra cs\u00f6kkent a decemberi 77,1 sz\u00e1zal\u00e9kr\u00f3l.<br \/>\n    A Fed d\u00f6nt\u00e9shoz\u00f3i \u00e1ltal\u00e1ban \u00fagy tekintenek a kapacit\u00e1s-kihaszn\u00e1lts\u00e1gi mutat\u00f3ra, mint annak jelz\u00e9s\u00e9re, hogy mekkora mozg\u00e1stere van m\u00e9g a gazdas\u00e1gnak a n\u00f6veked\u00e9sre, miel\u0151tt beind\u00edtja az infl\u00e1ci\u00f3t.(MTI)<\/p>\n","protected":false},"excerpt":{"rendered":"<p>Cs\u00f6kkent az ipari termel\u00e9s \u00e9s az ipari kapacit\u00e1sok kihaszn\u00e1lts\u00e1ga janu\u00e1rban az Egyes\u00fclt \u00c1llamokban.<\/p>\n","protected":false},"author":1,"featured_media":0,"comment_status":"closed","ping_status":"open","sticky":false,"template":"","format":"standard","meta":[],"categories":[246],"tags":[],"_links":{"self":[{"href":"https:\/\/gazdasagportal.hu\/index.php\/wp-json\/wp\/v2\/posts\/123881"}],"collection":[{"href":"https:\/\/gazdasagportal.hu\/index.php\/wp-json\/wp\/v2\/posts"}],"about":[{"href":"https:\/\/gazdasagportal.hu\/index.php\/wp-json\/wp\/v2\/types\/post"}],"author":[{"embeddable":true,"href":"https:\/\/gazdasagportal.hu\/index.php\/wp-json\/wp\/v2\/users\/1"}],"replies":[{"embeddable":true,"href":"https:\/\/gazdasagportal.hu\/index.php\/wp-json\/wp\/v2\/comments?post=123881"}],"version-history":[{"count":1,"href":"https:\/\/gazdasagportal.hu\/index.php\/wp-json\/wp\/v2\/posts\/123881\/revisions"}],"predecessor-version":[{"id":123882,"href":"https:\/\/gazdasagportal.hu\/index.php\/wp-json\/wp\/v2\/posts\/123881\/revisions\/123882"}],"wp:attachment":[{"href":"https:\/\/gazdasagportal.hu\/index.php\/wp-json\/wp\/v2\/media?parent=123881"}],"wp:term":[{"taxonomy":"category","embeddable":true,"href":"https:\/\/gazdasagportal.hu\/index.php\/wp-json\/wp\/v2\/categories?post=123881"},{"taxonomy":"post_tag","embeddable":true,"href":"https:\/\/gazdasagportal.hu\/index.php\/wp-json\/wp\/v2\/tags?post=123881"}],"curies":[{"name":"wp","href":"https:\/\/api.w.org\/{rel}","templated":true}]}}