{"id":123877,"date":"2020-02-14T13:56:34","date_gmt":"2020-02-14T12:56:34","guid":{"rendered":"http:\/\/gazdasagportal.hu\/?p=123877"},"modified":"2020-02-14T13:56:34","modified_gmt":"2020-02-14T12:56:34","slug":"elemzok-pozitiv-meglepetest-hozott-a-negyedik-negyedevi-gdp","status":"publish","type":"post","link":"https:\/\/gazdasagportal.hu\/index.php\/elemzok-pozitiv-meglepetest-hozott-a-negyedik-negyedevi-gdp\/","title":{"rendered":"Elemz\u0151k: pozit\u00edv meglepet\u00e9st hozott a negyedik negyed\u00e9vi GDP"},"content":{"rendered":"<p><strong>A tavalyi negyedik negyed\u00e9vi GDP-adat pozit\u00edv meglepet\u00e9st okozott az MTI-nek nyilatkoz\u00f3 elemz\u0151k szerint, de a m\u00e9rs\u00e9kelt \u00fctem\u0171 lassul\u00e1s folytat\u00f3d\u00e1s\u00e1ra sz\u00e1m\u00edtanak ebben az \u00e9vben.<\/strong><!--more--><\/p>\n<div class=\"ads-in-post1\"><div id=\"gazdasagportal.hu_fullbanner_wideboard\"><\/div>\r\n<\/div>\n<p>    A K\u00f6zponti Statisztikai Hivatal (KSH) p\u00e9nteken kiadott els\u0151 becsl\u00e9se szerint 2019-ben 4,9 sz\u00e1zal\u00e9kkal n\u0151tt a brutt\u00f3 hazai term\u00e9k (GDP) az el\u0151z\u0151 \u00e9vihez k\u00e9pest. A tavalyi negyedik negyed\u00e9vben 4,5 sz\u00e1zal\u00e9k volt a gazdas\u00e1gi n\u00f6veked\u00e9s. A harmadik negyed\u00e9vhez k\u00e9pest 1,0 sz\u00e1zal\u00e9k volt a n\u00f6veked\u00e9s,  a m\u00e1sodik \u00e9s harmadik negyed\u00e9vi 1,1 sz\u00e1zal\u00e9k ut\u00e1n. A KSH szerint a tavalyi negyedik negyed\u00e9vben a n\u00f6veked\u00e9s f\u0151k\u00e9pp a piaci alap\u00fa szolg\u00e1ltat\u00e1soknak volt k\u00f6sz\u00f6nhet\u0151, de kisebb m\u00e9rt\u00e9kben az ipar \u00e9s az \u00e9p\u00edt\u0151ipar is hozz\u00e1j\u00e1rult.<br \/>\n    Virov\u00e1cz P\u00e9ter, az ING Bank vezet\u0151 elemz\u0151je az MTI-hez eljuttatott komment\u00e1rja szerint a magyar gazdas\u00e1g ism\u00e9t pozit\u00edv meglepet\u00e9st okozott, a GDP tavalyi negyedik negyed\u00e9vi n\u00f6veked\u00e9s\u00e9vel az orsz\u00e1g tov\u00e1bbra is Eur\u00f3pa \u00e9lmez\u0151ny\u00e9be tartozhat. A friss adat k\u00fcl\u00f6n\u00f6sen meglep\u0151 annak f\u00e9ny\u00e9ben, hogy a havi adatok szerint mind az ipar, mind az \u00e9p\u00edt\u0151ipar jelent\u0151s lassul\u00e1st mutattak. V\u00e9lhet\u0151en a hozz\u00e1adott \u00e9rt\u00e9k &#8211; f\u0151leg a hat\u00e9konys\u00e1gn\u00f6vel\u00e9s \u00e9s a b\u00e9remelked\u00e9s hat\u00e1s\u00e1ra &#8211; gyorsabban tudott b\u0151v\u00fclni, mint maga a kibocs\u00e1t\u00e1s, illetve a szolg\u00e1ltat\u00f3szektor okozhatott m\u00e9g jelent\u0151s pozit\u00edv meglepet\u00e9st.<br \/>\n    \u00dagy v\u00e9lte, a v\u00e1rtn\u00e1l kedvez\u0151bb adat nyom\u00e1n egyel\u0151re tal\u00e1n nem kell sz\u00e1m\u00edtani a gazdas\u00e1gi n\u00f6veked\u00e9s drasztikus lassul\u00e1s\u00e1ra. A negyed\u00e9ves teljes\u00edtm\u00e9nyek lass\u00fa, de fokozatos m\u00e9rs\u00e9kl\u0151d\u00e9se 2020-ban is folytat\u00f3dik majd. A kil\u00e1t\u00e1sokat illet\u0151en egyel\u0151re kev\u00e9s az inform\u00e1ci\u00f3 a koronav\u00edrus magyar gazdas\u00e1got \u00e9rint\u0151 hat\u00e1s\u00e1r\u00f3l, \u00e9s bizonytalans\u00e1got hordoz a hamarosan megjelen\u0151 \u00fajabb gazdas\u00e1gv\u00e9delmi akci\u00f3terv. A rendelkez\u00e9sre \u00e1ll\u00f3 korl\u00e1tozott inform\u00e1ci\u00f3k alapj\u00e1n az id\u00e9n \u00e1tlagosan 3,8 sz\u00e1zal\u00e9kos GDP n\u00f6veked\u00e9ssel kalkul\u00e1lnak az ING Bank szak\u00e9rt\u0151i.<br \/>\n    N\u00e9meth D\u00e1vid, a K&#038;H Bank vezet\u0151 makrogazdas\u00e1gi elemz\u0151je szerint lassabban n\u0151tt a magyar gazdas\u00e1g a m\u00falt \u00e9v utols\u00f3 negyed\u00e9v\u00e9ben az el\u0151z\u0151 h\u00e1rom negyed\u00e9vben el\u00e9rt 4,9-5,3 sz\u00e1zal\u00e9kot k\u00f6vet\u0151en. A lassul\u00e1s v\u00e1rhat\u00f3 volt az ipar \u00e9s az \u00e9p\u00edt\u0151ipar \u00e9v v\u00e9gi lend\u00fcletveszt\u00e9se miatt. A GDP-n\u00f6veked\u00e9s motorj\u00e1t tov\u00e1bbra is a piaci szolg\u00e1ltat\u00e1sok adt\u00e1k. N\u00e9meth D\u00e1vid hozz\u00e1tette, a r\u00e9szletes sz\u00e1mok m\u00f3dos\u00edthatj\u00e1k a v\u00e9geredm\u00e9nyt, de az el\u0151z\u0151 negyed\u00e9vekhez k\u00e9pest biztosan lassult a n\u00f6veked\u00e9s.<br \/>\n<div class=\"ads-in-post2\"><script async src=\"https:\/\/pagead2.googlesyndication.com\/pagead\/js\/adsbygoogle.js\"><\/script>\r\n<ins class=\"adsbygoogle\"\r\n     style=\"display:block\"\r\n     data-ad-format=\"fluid\"\r\n     data-ad-layout-key=\"-6t+ed+2i-1n-4w\"\r\n     data-ad-client=\"ca-pub-1959107119989764\"\r\n     data-ad-slot=\"4008251320\"><\/ins>\r\n<script>\r\n     (adsbygoogle = window.adsbygoogle || []).push({});\r\n<\/script><\/div>\n    A szakember szerint az id\u00e9n folytat\u00f3dhat a lassul\u00e1s. A nemzetk\u00f6zi gazdas\u00e1g visszafogottabb teljes\u00edtm\u00e9nye, a magyarorsz\u00e1gi uni\u00f3s beruh\u00e1z\u00e1sok kifut\u00e1sa, a koronav\u00edrus-j\u00e1rv\u00e1ny miatti gy\u00e1rle\u00e1ll\u00e1sok miatt 2020-ban a mostani kil\u00e1t\u00e1sok szerint 3,7 sz\u00e1zal\u00e9kos gazdas\u00e1gi n\u00f6veked\u00e9s v\u00e1rhat\u00f3. Ez a progn\u00f3zis sz\u00e1mol a korm\u00e1ny \u00e1ltal m\u00e1r belengetett gazdas\u00e1g\u00f6szt\u00f6nz\u0151 int\u00e9zked\u00e9sekkel is, b\u00e1r ezekr\u0151l m\u00e9g nem lehet konkr\u00e9t r\u00e9szleteket tudni &#8211; mondta a K&#038;H szakembere.<br \/>\n    Suppan Gergely, a Takar\u00e9kbank vezet\u0151 elemz\u0151j\u00e9nek komment\u00e1rja szerint is a v\u00e1rakoz\u00e1sokat l\u00e9nyegesen fel\u00fclm\u00falta a GDP n\u00f6veked\u00e9se a tavalyi negyedik negyed\u00e9vben. Az el\u0151zetes ipari \u00e9s \u00e9p\u00edt\u0151ipari adatok alapj\u00e1n nagyobb lassul\u00e1sra lehetett sz\u00e1m\u00edtani, mivel negyed\u00e9ves alapon mind az ipar, mind az \u00e9p\u00edt\u0151ipar kibocs\u00e1t\u00e1sa egy sz\u00e1zal\u00e9kot meghalad\u00f3 m\u00e9rt\u00e9kben cs\u00f6kkent, ami mintegy 0,4 sz\u00e1zal\u00e9kponttal ronthatta a GDP-t. \u00cdgy a piaci szolg\u00e1ltat\u00e1sok impoz\u00e1ns teljes\u00edtm\u00e9nye b\u0151ven ellens\u00falyozta a t\u00f6bbi szektorok visszaes\u00e9s\u00e9t. A GDP felhaszn\u00e1l\u00e1si oldal\u00e1n \u00e9rdemben gyorsulhatott a fogyaszt\u00e1s, lassulhattak a beruh\u00e1z\u00e1sok, m\u00edg a k\u00fclkereskedelem hozz\u00e1j\u00e1rul\u00e1sa minim\u00e1lisan pozit\u00edv lehetett.<br \/>\n    A k\u00f6vetkez\u0151 negyed\u00e9vekben gyorsulhat az ipari \u00e9s \u00e9p\u00edt\u0151ipari termel\u00e9s, az \u00faj gy\u00e1rt\u00f3kapacit\u00e1soknak, illetve az iroda\u00e9p\u00edt\u00e9seknek, a tov\u00e1bbi ipari beruh\u00e1z\u00e1soknak \u00e9s az \u00e1llami megrendel\u00e9seknek k\u00f6sz\u00f6nhet\u0151en. Az id\u00e9n is k\u00f6zel k\u00e9tsz\u00e1mjegy\u0171 b\u00e9rn\u00f6veked\u00e9s miatt a fogyaszt\u00e1s tov\u00e1bbra is tart\u00f3s t\u00e1masza marad a n\u00f6veked\u00e9snek. A magas b\u00e1zis \u00e9s a lassan kifut\u00f3, de m\u00e9g folyamatban lev\u0151 uni\u00f3s t\u00e1mogat\u00e1sok miatt a beruh\u00e1z\u00e1sok is lassulhatnak, emiatt azonban az import n\u00f6veked\u00e9se is lassul mik\u00f6zben az \u00faj exportkapacit\u00e1sok n\u00f6velik az exportot, \u00edgy a k\u00fclkereskedelem v\u00e1rhat\u00f3an n\u00f6velni fogja a GDP-t a k\u00f6vetkez\u0151 \u00e9vekben. A koronav\u00edrus az idei els\u0151 negyed\u00e9vben \u00e1tmeneti zavarokat okozhat az ell\u00e1t\u00e1si l\u00e1ncokban, ezek a j\u00e1rv\u00e1ny csillapod\u00e1sa ut\u00e1n a m\u00e1sodik negyed\u00e9vt\u0151l gyorsan helyre\u00e1llhatnak.<br \/>\n    Id\u00e9n 4 sz\u00e1zal\u00e9kos GDP-n\u00f6veked\u00e9sre sz\u00e1m\u00edt a Takar\u00e9kbank szak\u00e9rt\u0151je, m\u00edg j\u00f6v\u0151re 3,6 sz\u00e1zal\u00e9kra m\u00e9rs\u00e9kl\u0151dhet a gazdas\u00e1gi n\u00f6veked\u00e9s.<br \/>\n    Reg\u0151s G\u00e1bor, a Sz\u00e1zadv\u00e9g Gazdas\u00e1gkutat\u00f3 makrogazdas\u00e1gi \u00fczlet\u00e1g\u00e1nak vezet\u0151je kiemelte, hogy b\u00e1r az el\u0151z\u0151 negyed\u00e9vekhez k\u00e9pest n\u00e9mileg lassult a GDP n\u00f6veked\u00e9se a negyedik negyed\u00e9vben, tov\u00e1bbra is dinamikus. Az el\u0151z\u0151 negyed\u00e9vekn\u00e9l m\u00e9rs\u00e9keltebb n\u00f6veked\u00e9st r\u00e9szben a b\u00e1zishat\u00e1s magyar\u00e1zza. Az ipar \u00e9s az \u00e9p\u00edt\u0151ipar n\u00f6veked\u00e9se jelent\u0151sen lassult, a szolg\u00e1ltat\u00e1sok b\u0151v\u00fcl\u00e9se azonban v\u00e9lhet\u0151en \u00e9rdemben gyorsult. A n\u00e9met gazdas\u00e1g ugyanakkor tov\u00e1bbra is stagn\u00e1l, \u00edgy a 4,5 sz\u00e1zal\u00e9kos magyar gazdas\u00e1gi n\u00f6veked\u00e9st tov\u00e1bbra is kedvez\u0151tlen k\u00fcls\u0151 k\u00f6r\u00fclm\u00e9nyek k\u00f6z\u00f6tt siker\u00fclt el\u00e9rni.<br \/>\n     Id\u00e9n a magyar gazdas\u00e1g n\u00f6veked\u00e9se a Sz\u00e1zadv\u00e9g Gazdas\u00e1gkutat\u00f3 szak\u00e9rt\u0151j\u00e9nek v\u00e1rakoz\u00e1sai szerint 3,5 \u00e9s 4 sz\u00e1zal\u00e9k k\u00f6z\u00f6tt alakulhat, a koronav\u00edrus tart\u00f3s jelenl\u00e9te azonban \u00e9rdemben f\u00e9kezheti a n\u00f6veked\u00e9st.<br \/>\n    Nyeste Orsolya, az Erste Bank vezet\u0151 makrogazdas\u00e1gi elemz\u0151je arra mutatott r\u00e1, hogy a szolg\u00e1ltat\u00e1sok meghat\u00e1roz\u00f3 szerepe a n\u00f6veked\u00e9sben azt is sugallja, hogy felhaszn\u00e1l\u00f3i oldalr\u00f3l a n\u00f6veked\u00e9s legfontosabb hajt\u00f3ereje a bels\u0151 fogyaszt\u00e1s maradt.<br \/>\n    Ami az idei \u00e9vi kil\u00e1t\u00e1sokat illeti, a bels\u0151 fogyaszt\u00e1s feltehet\u0151en tov\u00e1bbra is er\u0151s marad, mik\u00f6zben a beruh\u00e1z\u00e1sok n\u00f6veked\u00e9se m\u00e1r v\u00e1rhat\u00f3an lassul. A k\u00fclkereskedelmi folyamatok meg\u00edt\u00e9l\u00e9se a legnehezebb, hiszen a glob\u00e1lis n\u00f6veked\u00e9si kil\u00e1t\u00e1sok alakul\u00e1sa m\u00e9g mindig sz\u00e1mos bizonytalans\u00e1got hordoz, az Erste Bank enyh\u00e9n pozit\u00edv nett\u00f3 exporttal sz\u00e1mol, \u00e9s 3,6 sz\u00e1zal\u00e9kos GDP n\u00f6veked\u00e9st v\u00e1r 2020-ra.(MTI)<\/p>\n","protected":false},"excerpt":{"rendered":"<p>A tavalyi negyedik negyed\u00e9vi GDP-adat pozit\u00edv meglepet\u00e9st okozott az MTI-nek nyilatkoz\u00f3 elemz\u0151k szerint, de a m\u00e9rs\u00e9kelt \u00fctem\u0171 lassul\u00e1s folytat\u00f3d\u00e1s\u00e1ra sz\u00e1m\u00edtanak ebben az \u00e9vben.<\/p>\n","protected":false},"author":1,"featured_media":0,"comment_status":"closed","ping_status":"open","sticky":false,"template":"","format":"standard","meta":[],"categories":[19],"tags":[],"_links":{"self":[{"href":"https:\/\/gazdasagportal.hu\/index.php\/wp-json\/wp\/v2\/posts\/123877"}],"collection":[{"href":"https:\/\/gazdasagportal.hu\/index.php\/wp-json\/wp\/v2\/posts"}],"about":[{"href":"https:\/\/gazdasagportal.hu\/index.php\/wp-json\/wp\/v2\/types\/post"}],"author":[{"embeddable":true,"href":"https:\/\/gazdasagportal.hu\/index.php\/wp-json\/wp\/v2\/users\/1"}],"replies":[{"embeddable":true,"href":"https:\/\/gazdasagportal.hu\/index.php\/wp-json\/wp\/v2\/comments?post=123877"}],"version-history":[{"count":1,"href":"https:\/\/gazdasagportal.hu\/index.php\/wp-json\/wp\/v2\/posts\/123877\/revisions"}],"predecessor-version":[{"id":123878,"href":"https:\/\/gazdasagportal.hu\/index.php\/wp-json\/wp\/v2\/posts\/123877\/revisions\/123878"}],"wp:attachment":[{"href":"https:\/\/gazdasagportal.hu\/index.php\/wp-json\/wp\/v2\/media?parent=123877"}],"wp:term":[{"taxonomy":"category","embeddable":true,"href":"https:\/\/gazdasagportal.hu\/index.php\/wp-json\/wp\/v2\/categories?post=123877"},{"taxonomy":"post_tag","embeddable":true,"href":"https:\/\/gazdasagportal.hu\/index.php\/wp-json\/wp\/v2\/tags?post=123877"}],"curies":[{"name":"wp","href":"https:\/\/api.w.org\/{rel}","templated":true}]}}