{"id":123870,"date":"2020-02-14T11:46:12","date_gmt":"2020-02-14T10:46:12","guid":{"rendered":"http:\/\/gazdasagportal.hu\/?p=123870"},"modified":"2020-02-14T11:46:12","modified_gmt":"2020-02-14T10:46:12","slug":"amundi-alapkezelo-korlatozott-piaci-hatasa-lesz-a-koronavirusnak","status":"publish","type":"post","link":"https:\/\/gazdasagportal.hu\/index.php\/amundi-alapkezelo-korlatozott-piaci-hatasa-lesz-a-koronavirusnak\/","title":{"rendered":"Amundi Alapkezel\u0151: korl\u00e1tozott piaci hat\u00e1sa lesz a koronav\u00edrusnak"},"content":{"rendered":"<p><strong>A koronav\u00edrus-j\u00e1rv\u00e1ny n\u00e9h\u00e1ny h\u00f3napon bel\u00fcl lecseng, az eg\u00e9sz \u00e9vre vonatkoz\u00f3an csak korl\u00e1tozott gazdas\u00e1gi \u00e9s piaci hat\u00e1sa lesz, glob\u00e1lis szinten n\u00e9h\u00e1ny tized sz\u00e1zal\u00e9kpontos \u00e1tmeneti vesztes\u00e9get okozhat &#8211; mondta Fori\u00e1n-Szab\u00f3 Gergely, az Amundi Befektet\u00e9si Alapkezel\u0151 Zrt. befektet\u00e9si igazgat\u00f3ja p\u00e9nteken Budapesten sajt\u00f3t\u00e1j\u00e9koztat\u00f3n.<\/strong><!--more--><\/p>\n<div class=\"ads-in-post1\"><div id=\"gazdasagportal.hu_fullbanner_wideboard\"><\/div>\r\n<\/div>\n<p>    Hozz\u00e1tette: a koronav\u00edrus jelenleg a legt\u00f6bbet eml\u00edtett kock\u00e1zat a befektet\u0151k k\u00f6r\u00e9ben, de az \u00e9v h\u00e1tral\u00e9v\u0151 r\u00e9sz\u00e9ben nem ez lesz a legf\u0151bb rizik\u00f3faktor. K\u00edna megn\u00f6vekedett vil\u00e1ggazdas\u00e1gi s\u00falya miatt vesz\u00e9lyesebb az \u00faj v\u00edrus, mint a SARS volt. A j\u00e1rv\u00e1nyok idej\u00e9n megszokott elad\u00f3i nyom\u00e1s l\u00e1that\u00f3 a r\u00e9szv\u00e9nypiacokon. Alapesetben csak \u00e1tmeneti epiz\u00f3dot fog jelenteni az els\u0151 negyed\u00e9vben, a kor\u00e1bbi tapasztalatok alapj\u00e1n n\u00e9h\u00e1ny h\u00e9t, esetleg h\u00f3nap m\u00falva a piacok t\u00fal lesznek a nehez\u00e9n. A j\u00e1rv\u00e1ny els\u0151sorban csak egyes r\u00e9gi\u00f3kra \u00e9s szektorokra jelent nagyobb vesz\u00e9lyt &#8211; mondta a befektet\u00e9si igazgat\u00f3, hozz\u00e1t\u00e9ve: egyel\u0151re f\u0151k\u00e9nt a l\u00e9gik\u00f6zleked\u00e9s, a sz\u00e1llodaipar, a turisztika \u00e9s a kiskereskedelem az \u00e9rintett.<br \/>\n    Elmondta, hogy az el\u0151z\u0151 \u00e9v piaci szempontb\u00f3l kiv\u00e1l\u00f3an alakult, az \u00e9v v\u00e9g\u00e9re a makrogazdas\u00e1gi k\u00e9p is kedvez\u0151 ir\u00e1nyba v\u00e1ltozott. Az \u00fczleti bizalmi indexek az elm\u00falt n\u00e9h\u00e1ny h\u00f3napban b\u00edztat\u00f3an alakultak, a v\u00edrus terjed\u00e9s\u00e9r\u0151l janu\u00e1r k\u00f6zep\u00e9t\u0151l \u00e9rkeztek h\u00edrek, err\u0151l az id\u0151szakr\u00f3l makrogazdas\u00e1gi t\u00e9nyadatok m\u00e9g nincsenek. A befektet\u0151knek janu\u00e1r k\u00f6zep\u00e9n al\u00e1\u00edrt USA-K\u00edna kereskedelmi meg\u00e1llapod\u00e1s megnyugv\u00e1st hozott &#8211; jelezte.<br \/>\n<div class=\"ads-in-post2\"><script async src=\"https:\/\/pagead2.googlesyndication.com\/pagead\/js\/adsbygoogle.js\"><\/script>\r\n<ins class=\"adsbygoogle\"\r\n     style=\"display:block\"\r\n     data-ad-format=\"fluid\"\r\n     data-ad-layout-key=\"-6t+ed+2i-1n-4w\"\r\n     data-ad-client=\"ca-pub-1959107119989764\"\r\n     data-ad-slot=\"4008251320\"><\/ins>\r\n<script>\r\n     (adsbygoogle = window.adsbygoogle || []).push({});\r\n<\/script><\/div>\n    Kifejtette: a tavalyi lassul\u00e1s ut\u00e1n stabiliz\u00e1l\u00f3dhat a glob\u00e1lis n\u00f6veked\u00e9s \u00fcteme, a h\u00faz\u00f3er\u0151t a felt\u00f6rekv\u0151 orsz\u00e1gok adhatj\u00e1k. K\u00edna ugyan lassul\u00e1sban van, de az orsz\u00e1gok t\u00f6bbs\u00e9g\u00e9ben dinamikusan b\u0151v\u00fclhet a GDP, Oroszorsz\u00e1g \u00e9s Latin-Amerika gyorsulhat. A glob\u00e1lis GDP 3,1 sz\u00e1zal\u00e9kkal b\u0151v\u00fclhet az id\u00e9n, Oroszorsz\u00e1gban 1,7 sz\u00e1zal\u00e9kkal, az Egyes\u00fclt \u00c1llamokban 1,9 sz\u00e1zal\u00e9kkal, az eur\u00f3z\u00f3n\u00e1ban 1,0 sz\u00e1zal\u00e9kkal. Az infl\u00e1ci\u00f3s nyom\u00e1s minden\u00fctt visszafogott, a jegybankok \u00e9l\u00e9nk\u00edtenek &#8211; jelezte.<br \/>\n    Kiemelte: Magyarorsz\u00e1g eddig kiv\u00e9telesen j\u00f3l teljes\u00edtett, az idei \u00e9vben azonban m\u00e1r ide is el\u00e9rhet a lassul\u00e1s. A k\u00fcls\u0151 kereslet lanyhul\u00e1sa mellett a bels\u0151 motorok is alacsonyabb temp\u00f3t dikt\u00e1lhatnak. A GDP n\u00f6veked\u00e9s 3,5 sz\u00e1zal\u00e9k k\u00f6rny\u00e9k\u00e9n stabiliz\u00e1l\u00f3dhat. A k\u00f6vetkez\u0151 h\u00f3napokban k\u00fcls\u0151 hat\u00e1sra fordulhat az infl\u00e1ci\u00f3s trend, a maginfl\u00e1ci\u00f3 azonban magas marad. A relat\u00edv laza monet\u00e1ris politika eredm\u00e9nye a gyeng\u00e9bb forint\u00e1rfolyam, az eur\u00f3hoz k\u00e9pest egy \u00e9v alatt 5 sz\u00e1zal\u00e9kkal \u00e9rt\u00e9kel\u0151d\u00f6tt le &#8211; mondta. Az infl\u00e1ci\u00f3 komoly fejf\u00e1j\u00e1st okoz Magyarorsz\u00e1gon, a forint tov\u00e1bbi gyeng\u00fcl\u00e9se eset\u00e9n l\u00e9p\u00e9sk\u00e9nyszerbe ker\u00fclhet a jegybank &#8211; v\u00e9lekedett.(MTI)<\/p>\n","protected":false},"excerpt":{"rendered":"<p>A koronav\u00edrus-j\u00e1rv\u00e1ny n\u00e9h\u00e1ny h\u00f3napon bel\u00fcl lecseng, az eg\u00e9sz \u00e9vre vonatkoz\u00f3an csak korl\u00e1tozott gazdas\u00e1gi \u00e9s piaci hat\u00e1sa lesz, glob\u00e1lis szinten n\u00e9h\u00e1ny tized sz\u00e1zal\u00e9kpontos \u00e1tmeneti vesztes\u00e9get okozhat &#8211; mondta Fori\u00e1n-Szab\u00f3 Gergely, az Amundi Befektet\u00e9si Alapkezel\u0151 Zrt. befektet\u00e9si igazgat\u00f3ja p\u00e9nteken Budapesten sajt\u00f3t\u00e1j\u00e9koztat\u00f3n.<\/p>\n","protected":false},"author":1,"featured_media":123871,"comment_status":"closed","ping_status":"open","sticky":false,"template":"","format":"standard","meta":[],"categories":[146,19,246],"tags":[],"_links":{"self":[{"href":"https:\/\/gazdasagportal.hu\/index.php\/wp-json\/wp\/v2\/posts\/123870"}],"collection":[{"href":"https:\/\/gazdasagportal.hu\/index.php\/wp-json\/wp\/v2\/posts"}],"about":[{"href":"https:\/\/gazdasagportal.hu\/index.php\/wp-json\/wp\/v2\/types\/post"}],"author":[{"embeddable":true,"href":"https:\/\/gazdasagportal.hu\/index.php\/wp-json\/wp\/v2\/users\/1"}],"replies":[{"embeddable":true,"href":"https:\/\/gazdasagportal.hu\/index.php\/wp-json\/wp\/v2\/comments?post=123870"}],"version-history":[{"count":1,"href":"https:\/\/gazdasagportal.hu\/index.php\/wp-json\/wp\/v2\/posts\/123870\/revisions"}],"predecessor-version":[{"id":123872,"href":"https:\/\/gazdasagportal.hu\/index.php\/wp-json\/wp\/v2\/posts\/123870\/revisions\/123872"}],"wp:featuredmedia":[{"embeddable":true,"href":"https:\/\/gazdasagportal.hu\/index.php\/wp-json\/wp\/v2\/media\/123871"}],"wp:attachment":[{"href":"https:\/\/gazdasagportal.hu\/index.php\/wp-json\/wp\/v2\/media?parent=123870"}],"wp:term":[{"taxonomy":"category","embeddable":true,"href":"https:\/\/gazdasagportal.hu\/index.php\/wp-json\/wp\/v2\/categories?post=123870"},{"taxonomy":"post_tag","embeddable":true,"href":"https:\/\/gazdasagportal.hu\/index.php\/wp-json\/wp\/v2\/tags?post=123870"}],"curies":[{"name":"wp","href":"https:\/\/api.w.org\/{rel}","templated":true}]}}