{"id":123858,"date":"2020-02-14T10:35:24","date_gmt":"2020-02-14T09:35:24","guid":{"rendered":"http:\/\/gazdasagportal.hu\/?p=123858"},"modified":"2020-02-14T08:46:26","modified_gmt":"2020-02-14T07:46:26","slug":"megtorpant-a-nemet-gazdasagi-novekedes-a-negyedik-negyedevben","status":"publish","type":"post","link":"https:\/\/gazdasagportal.hu\/index.php\/megtorpant-a-nemet-gazdasagi-novekedes-a-negyedik-negyedevben\/","title":{"rendered":"Megtorpant a n\u00e9met gazdas\u00e1gi n\u00f6veked\u00e9s a negyedik negyed\u00e9vben"},"content":{"rendered":"<p><strong>A v\u00e1rt szer\u00e9ny m\u00e9rt\u00e9k\u0171 n\u00f6veked\u00e9s helyett nem v\u00e1ltozott az el\u0151z\u0151 negyed\u00e9vihez k\u00e9pest a n\u00e9met brutt\u00f3 hazai term\u00e9k a negyedik negyed\u00e9vben a n\u00e9met sz\u00f6vets\u00e9gi statisztikai hivatal, a Destatis p\u00e9nteken publik\u00e1lt jelent\u00e9se alapj\u00e1n.<\/strong><!--more--><\/p>\n<div class=\"ads-in-post1\"><div id=\"gazdasagportal.hu_fullbanner_wideboard\"><\/div>\r\n<\/div>\n<p>A negyedik negyed\u00e9vben szezon\u00e1lis, napt\u00e1ri \u00e9s \u00e1rkiigaz\u00edt\u00e1ssal nem v\u00e1ltozott a n\u00e9met brutt\u00f3 hazai term\u00e9k a harmadik negyed\u00e9vihez k\u00e9pest. A 2018 negyedik negyed\u00e9vihez k\u00e9pest \u00e1rkiigaz\u00edt\u00e1ssal 0,3 sz\u00e1zal\u00e9kkal n\u0151tt a n\u00e9met GDP.<br \/>\nA negyed\u00e9ves GDP-n\u00f6veked\u00e9s kisebb lett a 0,1 sz\u00e1zal\u00e9kos piaci v\u00e1rakoz\u00e1sn\u00e1l, az \u00e9ves GDP-n\u00f6veked\u00e9s meghaladta a 0,2 sz\u00e1zal\u00e9kos piaci v\u00e1rakoz\u00e1st.<br \/>\nA harmadik negyed\u00e9vben a negyed\u00e9ves n\u00f6veked\u00e9s 0,2 sz\u00e1zal\u00e9k volt \u00e1rkiigaz\u00edt\u00e1ssal, az \u00e9ves pedig 1,1 sz\u00e1zal\u00e9k.<br \/>\nA negyedik negyed\u00e9vi gazdas\u00e1gi n\u00f6veked\u00e9st a bels\u0151 fogyaszt\u00e1s n\u00f6veked\u00e9s\u00e9nek a lassul\u00e1sa \u00e9s az export cs\u00f6kken\u00e9se is f\u00e9kezte. N\u00f6vekedett viszont az import a Destatis meg\u00e1llap\u00edt\u00e1sa szerint.<br \/>\nA m\u00e1sodik negyed\u00e9vben 0,2 sz\u00e1zal\u00e9kkal cs\u00f6kkent az el\u0151z\u0151 negyed\u00e9vihez k\u00e9pest a n\u00e9met GDP, az egy \u00e9vvel kor\u00e1bbihoz k\u00e9pest pedig 0,1 sz\u00e1zal\u00e9kkal m\u00e9rs\u00e9kl\u0151d\u00f6tt.<br \/>\n<div class=\"ads-in-post2\"><script async src=\"https:\/\/pagead2.googlesyndication.com\/pagead\/js\/adsbygoogle.js\"><\/script>\r\n<ins class=\"adsbygoogle\"\r\n     style=\"display:block\"\r\n     data-ad-format=\"fluid\"\r\n     data-ad-layout-key=\"-6t+ed+2i-1n-4w\"\r\n     data-ad-client=\"ca-pub-1959107119989764\"\r\n     data-ad-slot=\"4008251320\"><\/ins>\r\n<script>\r\n     (adsbygoogle = window.adsbygoogle || []).push({});\r\n<\/script><\/div>\nA 2019-es els\u0151 negyed\u00e9vben 0,5 sz\u00e1zal\u00e9kkal n\u0151tt negyed\u00e9ves \u00e9s 0,9 sz\u00e1zal\u00e9kkal \u00e9ves b\u00e1zison a n\u00e9met GDP.<br \/>\n2018 negyedik negyed\u00e9v\u00e9ben az \u00e9ves GDP-n\u00f6veked\u00e9s 0,9 sz\u00e1zal\u00e9k, a negyed\u00e9ves 0,2 sz\u00e1zal\u00e9k volt.<br \/>\nA 2019-es teljes \u00e9vi n\u00e9met GDP-n\u00f6veked\u00e9s \u00e1rkiigaz\u00edt\u00e1ssal 0,6 sz\u00e1zal\u00e9k volt.<br \/>\n<a title=\"Hely megnyit\u00e1sa\" href=\"https:\/\/www.destatis.de\/DE\/Presse\/Pressemitteilungen\/2020\/02\/PD20_045_811.html\" target=\"_blank\" rel=\"noopener noreferrer\">https:\/\/www.destatis.de\/DE\/Presse\/Pressemitteilungen\/2020\/02\/PD20_045_811.html<\/a><\/p>\n<p>(MTI)<\/p><div id=\"gazda-483426456\" class=\"gazda-tartalomban gazda-entity-placement\"><script async src=\"https:\/\/pagead2.googlesyndication.com\/pagead\/js\/adsbygoogle.js\"><\/script>\r\n<ins class=\"adsbygoogle\"\r\n     style=\"display:block\"\r\n     data-ad-format=\"fluid\"\r\n     data-ad-layout-key=\"-6t+ed+2i-1n-4w\"\r\n     data-ad-client=\"ca-pub-1959107119989764\"\r\n     data-ad-slot=\"4008251320\"><\/ins>\r\n<script>\r\n     (adsbygoogle = window.adsbygoogle || []).push({});\r\n<\/script><\/div>\n<p>&nbsp;<\/p>\n","protected":false},"excerpt":{"rendered":"<p>A v\u00e1rt szer\u00e9ny m\u00e9rt\u00e9k\u0171 n\u00f6veked\u00e9s helyett nem v\u00e1ltozott az el\u0151z\u0151 negyed\u00e9vihez k\u00e9pest a n\u00e9met brutt\u00f3 hazai term\u00e9k a negyedik negyed\u00e9vben a n\u00e9met sz\u00f6vets\u00e9gi statisztikai hivatal, a Destatis p\u00e9nteken publik\u00e1lt jelent\u00e9se alapj\u00e1n.<\/p>\n","protected":false},"author":1,"featured_media":0,"comment_status":"closed","ping_status":"open","sticky":false,"template":"","format":"standard","meta":[],"categories":[12,246],"tags":[],"_links":{"self":[{"href":"https:\/\/gazdasagportal.hu\/index.php\/wp-json\/wp\/v2\/posts\/123858"}],"collection":[{"href":"https:\/\/gazdasagportal.hu\/index.php\/wp-json\/wp\/v2\/posts"}],"about":[{"href":"https:\/\/gazdasagportal.hu\/index.php\/wp-json\/wp\/v2\/types\/post"}],"author":[{"embeddable":true,"href":"https:\/\/gazdasagportal.hu\/index.php\/wp-json\/wp\/v2\/users\/1"}],"replies":[{"embeddable":true,"href":"https:\/\/gazdasagportal.hu\/index.php\/wp-json\/wp\/v2\/comments?post=123858"}],"version-history":[{"count":1,"href":"https:\/\/gazdasagportal.hu\/index.php\/wp-json\/wp\/v2\/posts\/123858\/revisions"}],"predecessor-version":[{"id":123859,"href":"https:\/\/gazdasagportal.hu\/index.php\/wp-json\/wp\/v2\/posts\/123858\/revisions\/123859"}],"wp:attachment":[{"href":"https:\/\/gazdasagportal.hu\/index.php\/wp-json\/wp\/v2\/media?parent=123858"}],"wp:term":[{"taxonomy":"category","embeddable":true,"href":"https:\/\/gazdasagportal.hu\/index.php\/wp-json\/wp\/v2\/categories?post=123858"},{"taxonomy":"post_tag","embeddable":true,"href":"https:\/\/gazdasagportal.hu\/index.php\/wp-json\/wp\/v2\/tags?post=123858"}],"curies":[{"name":"wp","href":"https:\/\/api.w.org\/{rel}","templated":true}]}}