{"id":123850,"date":"2020-02-14T07:45:58","date_gmt":"2020-02-14T06:45:58","guid":{"rendered":"http:\/\/gazdasagportal.hu\/?p=123850"},"modified":"2020-02-14T07:45:59","modified_gmt":"2020-02-14T06:45:59","slug":"hitelminosites-a-fitch-ratings-es-a-standard-poors-vizsgalja-a-magyar-allamados-osztalyzatokat","status":"publish","type":"post","link":"https:\/\/gazdasagportal.hu\/index.php\/hitelminosites-a-fitch-ratings-es-a-standard-poors-vizsgalja-a-magyar-allamados-osztalyzatokat\/","title":{"rendered":"Hitelmin\u0151s\u00edt\u00e9s &#8211; A Fitch Ratings \u00e9s a Standard &#038; Poor&#8217;s vizsg\u00e1lja a magyar \u00e1llamad\u00f3s-oszt\u00e1lyzatokat"},"content":{"rendered":"<p><strong>Megkezd\u0151dik p\u00e9nteken egyszerre k\u00e9t fel\u00fclvizsg\u00e1lattal a magyar \u00e1llamad\u00f3s-oszt\u00e1lyzatok idei hitelmin\u0151s\u00edt\u0151i vizsg\u00e1latsorozata. A h\u00e1rom piacvezet\u0151 nemzetk\u00f6zi hitelmin\u0151s\u00edt\u0151 a tavalyi gyakorlathoz hasonl\u00f3an 2020-ban is \u00f6sszesen hatszor &#8211; egyenk\u00e9nt k\u00e9t-k\u00e9t alkalommal &#8211; veszi napirendre a magyar szuver\u00e9n besorol\u00e1sokat.<\/strong><!--more--><\/p>\n<div class=\"ads-in-post1\"><div id=\"gazdasagportal.hu_fullbanner_wideboard\"><\/div>\r\n<\/div>\n<p>    Az idei menetrendek alapj\u00e1n el\u0151sz\u00f6r a Fitch Ratings \u00e9s a Standard &#038; Poor&#8217;s p\u00e9nz\u00fcgyi szolg\u00e1ltat\u00f3 csoport glob\u00e1lis min\u0151s\u00edt\u00e9si r\u00e9szlege (S&#038;P Global Ratings) vizsg\u00e1lja Magyarorsz\u00e1got: mindk\u00e9t c\u00e9g p\u00e9ntekre t\u0171zte ki a magyar besorol\u00e1sok els\u0151 idei \u00e9rt\u00e9kel\u00e9si id\u0151pontj\u00e1t.<br \/>\n    A k\u00e9t hitelmin\u0151s\u00edt\u0151 a magyar ad\u00f3soszt\u00e1lyzatok m\u00e1sodik idei fel\u00fclvizsg\u00e1lat\u00e1ra is  ugyanazt a napot, augusztus 14-\u00e9t jel\u00f6lte ki.<br \/>\n    A kialakult gyakorlatnak megfelel\u0151en a Fitch \u00e9s az S&#038;P v\u00e1rhat\u00f3an \u00e9jjel, az eur\u00f3pai \u00e9s a f\u0151 amerikai piacok z\u00e1r\u00e1sa ut\u00e1n jelenti be az els\u0151 fel\u00fclvizsg\u00e1lat eredm\u00e9ny\u00e9t Londonban.<br \/>\n    A harmadik glob\u00e1lis piacvezet\u0151 hitelmin\u0151s\u00edt\u0151, a Moody&#8217;s Investors Service idei fel\u00fclvizsg\u00e1lati menetrendj\u00e9ben Magyarorsz\u00e1g el\u0151sz\u00f6r m\u00e1rcius 27-\u00e9n, majd szeptember 25-\u00e9n ker\u00fcl sorra.<br \/>\n    A Standard &#038; Poor&#8217;s a tavalyi els\u0151 fel\u00fclvizsg\u00e1lati id\u0151pontban, 2019. febru\u00e1r 15-\u00e9n egy fokozattal &#8222;BBB\/A-2&#8221;-re jav\u00edtotta a hossz\u00fa \u00e9s r\u00f6vid futamidej\u0171, deviz\u00e1ban \u00e9s forintban fenn\u00e1ll\u00f3 magyar \u00e1llamad\u00f3ss\u00e1g-k\u00f6telezetts\u00e9gek besorol\u00e1s\u00e1t az addigi &#8222;BBB m\u00ednusz\/A-3&#8221;-r\u00f3l.<br \/>\n    Egy h\u00e9ttel k\u00e9s\u0151bb, 2019. febru\u00e1r 22-\u00e9n a Fitch Ratings ugyancsak egy fokozattal szint\u00e9n &#8222;BBB&#8221;-re jav\u00edtotta a deviz\u00e1ban \u00e9s forintban fenn\u00e1ll\u00f3 hossz\u00fa futamidej\u0171 magyar \u00e1llamad\u00f3ss\u00e1g-k\u00f6telezetts\u00e9gek oszt\u00e1lyzat\u00e1t az addigi &#8222;BBB m\u00ednusz&#8221;-r\u00f3l.<br \/>\n    A Moody&#8217;s Investors Service jelenlegi &#8222;Baa3&#8221; magyar \u00e1llamd\u00f3s-besorol\u00e1sa a Fitch Ratings \u00e9s az S&#038;P m\u00f3dszertan\u00e1ban &#8222;BBB m\u00ednusz&#8221;-nak &#8211; vagyis e k\u00e9t c\u00e9g el\u0151z\u0151 magyar szuver\u00e9n besorol\u00e1s\u00e1nak &#8211; felel meg, \u00edgy a Moody&#8217;s a m\u00e1sik k\u00e9t glob\u00e1lis hitelmin\u0151s\u00edt\u0151n\u00e9l egy fokozattal alacsonyabb besorol\u00e1st tart \u00e9rv\u00e9nyben Magyarorsz\u00e1gra.<br \/>\n<div class=\"ads-in-post2\"><script async src=\"https:\/\/pagead2.googlesyndication.com\/pagead\/js\/adsbygoogle.js\"><\/script>\r\n<ins class=\"adsbygoogle\"\r\n     style=\"display:block\"\r\n     data-ad-format=\"fluid\"\r\n     data-ad-layout-key=\"-6t+ed+2i-1n-4w\"\r\n     data-ad-client=\"ca-pub-1959107119989764\"\r\n     data-ad-slot=\"4008251320\"><\/ins>\r\n<script>\r\n     (adsbygoogle = window.adsbygoogle || []).push({});\r\n<\/script><\/div>\n    A tavaly febru\u00e1ri felmin\u0151s\u00edt\u00e9sek el\u0151tt a Standard &#038; Poor&#8217;s \u00e9s a Fitch Ratings egyar\u00e1nt oszt\u00e1lyzatjav\u00edt\u00e1s lehet\u0151s\u00e9g\u00e9re utal\u00f3 pozit\u00edv kil\u00e1t\u00e1ssal tartotta nyilv\u00e1n a magyar szuver\u00e9n ad\u00f3sbesorol\u00e1sokat, a Moody&#8217;s magyar \u00e1llamad\u00f3s-oszt\u00e1lyzat\u00e1nak kil\u00e1t\u00e1sa azonban \u00e9vek \u00f3ta stabil.<br \/>\n    A tavalyi oszt\u00e1lyzatjav\u00edt\u00e1sok \u00f3ta az S&#038;P \u00e9s a Fitch magyar besorol\u00e1sainak kil\u00e1t\u00e1sa is stabil.<br \/>\n    Ez az \u00e1ltal\u00e1nos hitelmin\u0151s\u00edt\u0151i gyakorlat alapj\u00e1n arra vall, hogy a h\u00e1rom c\u00e9g egyel\u0151re nem tervezi a magyar \u00e1llamad\u00f3s-besorol\u00e1sok m\u00f3dos\u00edt\u00e1s\u00e1t.<br \/>\n    Nincs azonban olyan szab\u00e1ly, amely szerint csak pozit\u00edv oszt\u00e1lyzati kil\u00e1t\u00e1sr\u00f3l lehet felmin\u0151s\u00edteni egy adott szuver\u00e9n vagy kereskedelmi ad\u00f3st.<br \/>\n    A Standard &#038; Poor&#8217;s a tavalyi magyar oszt\u00e1lyzatjav\u00edt\u00e1s el\u0151tti k\u00e9t kor\u00e1bbi magyar felmin\u0151s\u00edt\u00e9st &#8211; k\u00f6zt\u00fck Magyarorsz\u00e1g 2016. szeptemberi visszaemel\u00e9s\u00e9t a befektet\u00e9si aj\u00e1nl\u00e1s\u00fa kateg\u00f3ri\u00e1ba &#8211; \u00fagy hajtotta v\u00e9gre, hogy el\u0151tte nem jav\u00edtotta pozit\u00edvra a besorol\u00e1sok kil\u00e1t\u00e1s\u00e1t.<br \/>\n    Az sem el\u0151\u00edr\u00e1s, hogy a hitelmin\u0151s\u00edt\u0151knek a vizsg\u00e1latokra kijel\u00f6lt napokon mindenk\u00e9ppen m\u00f3dos\u00edtaniuk kell a napirendre vett ad\u00f3sok besorol\u00e1sait vagy a besorol\u00e1sok kil\u00e1t\u00e1s\u00e1t.<br \/>\n    A hitelmin\u0151s\u00edt\u0151knek az Eur\u00f3pai Uni\u00f3 el\u0151\u00edr\u00e1sai alapj\u00e1n minden \u00e9vben el\u0151re \u00f6ssze kell \u00e1ll\u00edtaniuk az uni\u00f3s \u00e1llamad\u00f3s-besorol\u00e1sok fel\u00fclvizsg\u00e1lat\u00e1nak menetrendj\u00e9t, de a kijel\u00f6lt napokon nem k\u00f6telez\u0151 v\u00e9grehajtaniuk e vizsg\u00e1latokat.<br \/>\n    A Moody&#8217;s p\u00e9ld\u00e1ul legut\u00f3bb 2016. november 4-\u00e9n m\u00f3dos\u00edtotta a magyar szuver\u00e9n oszt\u00e1lyzatot, amikor visszaemelte Magyarorsz\u00e1got a befektet\u00e9si aj\u00e1nl\u00e1s\u00fa kateg\u00f3ri\u00e1ba, az addigi &#8222;Ba1&#8221;-r\u0151l a most is \u00e9rv\u00e9nyes &#8222;Baa3&#8221;-ra jav\u00edtva a magyar besorol\u00e1st.<br \/>\n    Magyarorsz\u00e1g az\u00f3ta h\u00e9t el\u0151re kit\u0171z\u00f6tt fel\u00fclvizsg\u00e1lati id\u0151pontban szerepelt a Moody&#8217;s menetrendj\u00e9ben, legut\u00f3bb tavaly okt\u00f3ber 25-\u00e9n. Ezek k\u00f6z\u00fcl a c\u00e9g hat alkalommal nem hajtott v\u00e9gre \u00fajabb fel\u00fclvizsg\u00e1latot, egyszer &#8211; 2018. november 23-\u00e1n &#8211; meger\u0151s\u00edtette a magyar \u00e1llamad\u00f3s-besorol\u00e1st \u00e9s az oszt\u00e1lyzat stabil kil\u00e1t\u00e1s\u00e1t.(MTI)<\/p>\n","protected":false},"excerpt":{"rendered":"<p>Megkezd\u0151dik p\u00e9nteken egyszerre k\u00e9t fel\u00fclvizsg\u00e1lattal a magyar \u00e1llamad\u00f3s-oszt\u00e1lyzatok idei hitelmin\u0151s\u00edt\u0151i vizsg\u00e1latsorozata. A h\u00e1rom piacvezet\u0151 nemzetk\u00f6zi hitelmin\u0151s\u00edt\u0151 a tavalyi gyakorlathoz hasonl\u00f3an 2020-ban is \u00f6sszesen hatszor &#8211; egyenk\u00e9nt k\u00e9t-k\u00e9t alkalommal &#8211; veszi napirendre a magyar szuver\u00e9n besorol\u00e1sokat.<\/p>\n","protected":false},"author":1,"featured_media":99871,"comment_status":"closed","ping_status":"open","sticky":false,"template":"","format":"standard","meta":[],"categories":[146,19],"tags":[],"_links":{"self":[{"href":"https:\/\/gazdasagportal.hu\/index.php\/wp-json\/wp\/v2\/posts\/123850"}],"collection":[{"href":"https:\/\/gazdasagportal.hu\/index.php\/wp-json\/wp\/v2\/posts"}],"about":[{"href":"https:\/\/gazdasagportal.hu\/index.php\/wp-json\/wp\/v2\/types\/post"}],"author":[{"embeddable":true,"href":"https:\/\/gazdasagportal.hu\/index.php\/wp-json\/wp\/v2\/users\/1"}],"replies":[{"embeddable":true,"href":"https:\/\/gazdasagportal.hu\/index.php\/wp-json\/wp\/v2\/comments?post=123850"}],"version-history":[{"count":1,"href":"https:\/\/gazdasagportal.hu\/index.php\/wp-json\/wp\/v2\/posts\/123850\/revisions"}],"predecessor-version":[{"id":123851,"href":"https:\/\/gazdasagportal.hu\/index.php\/wp-json\/wp\/v2\/posts\/123850\/revisions\/123851"}],"wp:featuredmedia":[{"embeddable":true,"href":"https:\/\/gazdasagportal.hu\/index.php\/wp-json\/wp\/v2\/media\/99871"}],"wp:attachment":[{"href":"https:\/\/gazdasagportal.hu\/index.php\/wp-json\/wp\/v2\/media?parent=123850"}],"wp:term":[{"taxonomy":"category","embeddable":true,"href":"https:\/\/gazdasagportal.hu\/index.php\/wp-json\/wp\/v2\/categories?post=123850"},{"taxonomy":"post_tag","embeddable":true,"href":"https:\/\/gazdasagportal.hu\/index.php\/wp-json\/wp\/v2\/tags?post=123850"}],"curies":[{"name":"wp","href":"https:\/\/api.w.org\/{rel}","templated":true}]}}