{"id":123846,"date":"2020-02-14T06:13:59","date_gmt":"2020-02-14T05:13:59","guid":{"rendered":"http:\/\/gazdasagportal.hu\/?p=123846"},"modified":"2020-02-13T21:17:41","modified_gmt":"2020-02-13T20:17:41","slug":"megszuntette-az-est-media-es-a-communication-technologies-az-akvizicios-targyalast","status":"publish","type":"post","link":"https:\/\/gazdasagportal.hu\/index.php\/megszuntette-az-est-media-es-a-communication-technologies-az-akvizicios-targyalast\/","title":{"rendered":"Megsz\u00fcntette az Est Media \u00e9s a Communication Technologies az akviz\u00edci\u00f3s t\u00e1rgyal\u00e1st"},"content":{"rendered":"<p><strong>Az Est Media Nyrt. \u00e9s az \u00e1ltala megv\u00e1s\u00e1rolni k\u00edv\u00e1nt Communication Technologies Kft. tulajdonosai megsz\u00fcntett\u00e9k a t\u00e1rgyal\u00e1sokat az akviz\u00edci\u00f3r\u00f3l &#8211; k\u00f6z\u00f6lte az Est Media cs\u00fct\u00f6rt\u00f6k\u00f6n a Budapesti \u00c9rt\u00e9kt\u0151zsde (B\u00c9T) honlapj\u00e1n.<\/strong><!--more--><\/p>\n<div class=\"ads-in-post1\"><div id=\"gazdasagportal.hu_fullbanner_wideboard\"><\/div>\r\n<\/div>\n<p>    A t\u00e1j\u00e9koztat\u00e1s szerint a febru\u00e1r 12-\u00e9n tartott t\u00e1rgyal\u00e1si fordul\u00f3n a felek k\u00f6z\u00f6sen meg\u00e1llapodtak abban. hogy az akviz\u00edci\u00f3s t\u00e1rgyal\u00e1sokat megsz\u00fcntetik, miut\u00e1n az \u00fcgylet t\u00f6bb l\u00e9nyeges felt\u00e9tel\u00e9r\u0151l nem j\u00f6tt l\u00e9tre egyet\u00e9rt\u00e9s.<br \/>\n    Az Est Media Nyrt. 2019. december 9-\u00e9n jelentette be, hogy indikat\u00edv v\u00e9teli sz\u00e1nd\u00e9knyilatkozatot tett a biztons\u00e1gtechnol\u00f3giai \u00e9s kriminalisztikai megold\u00e1sokkal, valamint ezekhez kapcsol\u00f3d\u00f3 szolg\u00e1ltat\u00e1sokkal  foglalkoz\u00f3 Communication Technologies Kft. 51 sz\u00e1zal\u00e9kos \u00fczletr\u00e9sz\u00e9nek megv\u00e1s\u00e1rl\u00e1s\u00e1ra. Akkor azt k\u00f6z\u00f6lt\u00e9k, hogy az Est Media a kft. teljes k\u00f6r\u0171 jogi, p\u00e9nz\u00fcgyi, ad\u00f3- \u00e9s egy\u00e9b sz\u00fcks\u00e9ges \u00e1tvil\u00e1g\u00edt\u00e1s\u00e1t k\u00f6vet\u0151en d\u00f6nt a k\u00f6telez\u0151 v\u00e9teli aj\u00e1nlat megt\u00e9tel\u00e9r\u0151l.<br \/>\n<div class=\"ads-in-post2\"><script async src=\"https:\/\/pagead2.googlesyndication.com\/pagead\/js\/adsbygoogle.js\"><\/script>\r\n<ins class=\"adsbygoogle\"\r\n     style=\"display:block\"\r\n     data-ad-format=\"fluid\"\r\n     data-ad-layout-key=\"-6t+ed+2i-1n-4w\"\r\n     data-ad-client=\"ca-pub-1959107119989764\"\r\n     data-ad-slot=\"4008251320\"><\/ins>\r\n<script>\r\n     (adsbygoogle = window.adsbygoogle || []).push({});\r\n<\/script><\/div>\n    A Communication Technologies Kft. a 2018-as \u00fczleti \u00e9vben 3,5 milli\u00e1rd forintos \u00e1rbev\u00e9telt \u00e9rt el, 2019-ben 4,5 milli\u00e1rd forintot v\u00e1r. A c\u00e9g legnagyobb megrendel\u0151i az Orsz\u00e1gos Rend\u0151r-f\u0151kapit\u00e1nys\u00e1g (ORFK) \u00e9s a B\u00fcntet\u00e9s-v\u00e9grehajt\u00e1s Orsz\u00e1gos Parancsnoks\u00e1ga (BVOP), amelyeket a Communication Technologies Kft. t\u00f6bb \u00e9ves szerz\u0151d\u00e9sek keret\u00e9ben szolg\u00e1l ki.<br \/>\n    Az Est Media r\u00e9szv\u00e9nyeivel a B\u00c9T standard kateg\u00f3ri\u00e1j\u00e1ban kereskednek.  A pap\u00edr szerd\u00e1n 131,8 forinton z\u00e1rt, \u00e9ves minimuma 76 forint, az \u00e9ves maximuma 171,8 forint volt.(MTI)<\/p>\n","protected":false},"excerpt":{"rendered":"<p>Az Est Media Nyrt. \u00e9s az \u00e1ltala megv\u00e1s\u00e1rolni k\u00edv\u00e1nt Communication Technologies Kft. tulajdonosai megsz\u00fcntett\u00e9k a t\u00e1rgyal\u00e1sokat az akviz\u00edci\u00f3r\u00f3l &#8211; k\u00f6z\u00f6lte az Est Media cs\u00fct\u00f6rt\u00f6k\u00f6n a Budapesti \u00c9rt\u00e9kt\u0151zsde (B\u00c9T) honlapj\u00e1n.<\/p>\n","protected":false},"author":1001003,"featured_media":0,"comment_status":"closed","ping_status":"open","sticky":false,"template":"","format":"standard","meta":[],"categories":[7],"tags":[],"_links":{"self":[{"href":"https:\/\/gazdasagportal.hu\/index.php\/wp-json\/wp\/v2\/posts\/123846"}],"collection":[{"href":"https:\/\/gazdasagportal.hu\/index.php\/wp-json\/wp\/v2\/posts"}],"about":[{"href":"https:\/\/gazdasagportal.hu\/index.php\/wp-json\/wp\/v2\/types\/post"}],"author":[{"embeddable":true,"href":"https:\/\/gazdasagportal.hu\/index.php\/wp-json\/wp\/v2\/users\/1001003"}],"replies":[{"embeddable":true,"href":"https:\/\/gazdasagportal.hu\/index.php\/wp-json\/wp\/v2\/comments?post=123846"}],"version-history":[{"count":1,"href":"https:\/\/gazdasagportal.hu\/index.php\/wp-json\/wp\/v2\/posts\/123846\/revisions"}],"predecessor-version":[{"id":123847,"href":"https:\/\/gazdasagportal.hu\/index.php\/wp-json\/wp\/v2\/posts\/123846\/revisions\/123847"}],"wp:attachment":[{"href":"https:\/\/gazdasagportal.hu\/index.php\/wp-json\/wp\/v2\/media?parent=123846"}],"wp:term":[{"taxonomy":"category","embeddable":true,"href":"https:\/\/gazdasagportal.hu\/index.php\/wp-json\/wp\/v2\/categories?post=123846"},{"taxonomy":"post_tag","embeddable":true,"href":"https:\/\/gazdasagportal.hu\/index.php\/wp-json\/wp\/v2\/tags?post=123846"}],"curies":[{"name":"wp","href":"https:\/\/api.w.org\/{rel}","templated":true}]}}