{"id":123842,"date":"2020-02-13T15:17:26","date_gmt":"2020-02-13T14:17:26","guid":{"rendered":"http:\/\/gazdasagportal.hu\/?p=123842"},"modified":"2020-02-13T15:17:26","modified_gmt":"2020-02-13T14:17:26","slug":"a-magyar-multi-programba-mintegy-50-kkv-kerulhet-be","status":"publish","type":"post","link":"https:\/\/gazdasagportal.hu\/index.php\/a-magyar-multi-programba-mintegy-50-kkv-kerulhet-be\/","title":{"rendered":"A Magyar multi programba mintegy 50 kkv ker\u00fclhet be"},"content":{"rendered":"<p><strong>V\u00e1rhat\u00f3an mintegy 50 mikro-, kis- \u00e9s k\u00f6z\u00e9pv\u00e1llalkoz\u00e1s ker\u00fclhet be id\u00e9n a kkv-strat\u00e9gia kiemelked\u0151 elem\u00e9nek tartott Magyar multi programba (Mmp) &#8211; k\u00f6z\u00f6lte Szepesi Bal\u00e1zs, az Innov\u00e1ci\u00f3s \u00e9s Technol\u00f3giai Miniszt\u00e9rium (ITM) gazdas\u00e1gfejleszt\u00e9s\u00e9rt felel\u0151s helyettes \u00e1llamtitk\u00e1ra cs\u00fct\u00f6rt\u00f6k\u00f6n Szegeden.<\/strong><!--more--><\/p>\n<div class=\"ads-in-post1\"><div id=\"gazdasagportal.hu_fullbanner_wideboard\"><\/div>\r\n<\/div>\n<p>    A helyettes \u00e1llamtitk\u00e1r a miniszt\u00e9rium, az IFKA K\u00f6zhaszn\u00fa Nonprofit Kft. \u00e9s a Csongr\u00e1d Megyei Kereskedelmi \u00e9s Iparkamara k\u00f6z\u00f6s szakmai rendezv\u00e9ny\u00e9n \u00fagy fogalmazott, &#8222;sikert\u00f6rt\u00e9neteket keresnek, sikert\u00f6rt\u00e9neteket szeretn\u00e9nek csin\u00e1lni&#8221;, ez\u00e9rt szigor\u00fa jelentkez\u00e9si krit\u00e9riumokat t\u00e1masztanak.<br \/>\n    Olyan v\u00e1llalkoz\u00e1sokat keresnek, amelyek \u00e1rbev\u00e9tele, vagy az exportb\u00f3l sz\u00e1rmaz\u00f3 bev\u00e9tele jelent\u0151sen b\u0151v\u00fcl &#8211; tette hozz\u00e1.<br \/>\n    Szepesi Bal\u00e1zs elmondta: t\u00e1mogatj\u00e1k a kiv\u00e1lasztott v\u00e1llalkoz\u00e1sok term\u00e9k- \u00e9s szolg\u00e1ltat\u00e1sfejleszt\u00e9si elk\u00e9pzel\u00e9seit, m\u00e1rka- \u00e9s arculat\u00e9p\u00edt\u00e9s\u00e9t, a k\u00fclpiacra val\u00f3 kijut\u00e1s\u00e1t, a hum\u00e1n er\u0151forr\u00e1st, tov\u00e1bb\u00e1 strat\u00e9giai \u00e9s p\u00e9nz\u00fcgyi tan\u00e1csad\u00e1st biztos\u00edtanak sz\u00e1mukra.<br \/>\n    Nem csup\u00e1n p\u00e9nzt, hanem hossz\u00fa t\u00e1v\u00fa partners\u00e9get, konzult\u00e1ci\u00f3t, a kit\u00f6r\u00e9si lehet\u0151s\u00e9gek k\u00f6z\u00f6s megkeres\u00e9s\u00e9t k\u00edn\u00e1lj\u00e1k, ez a program \u00fajszer\u0171s\u00e9ge m\u00e1s t\u00e1mogat\u00e1si form\u00e1khoz k\u00e9pest &#8211; hangs\u00falyozta.<br \/>\n    A Mmp-ben &#8211; az els\u0151 k\u00f6rh\u00f6z hasonl\u00f3an &#8211; egy adott v\u00e1llalat 2-36 milli\u00f3 forint vissza nem t\u00e9r\u00edtend\u0151 t\u00e1mogat\u00e1st kaphat tan\u00e1csad\u00e1si szolg\u00e1ltat\u00e1s ig\u00e9nybev\u00e9tel\u00e9hez, vagy 50-340 milli\u00f3 forinthoz juthat komplex fejleszt\u00e9sei megval\u00f3s\u00edt\u00e1s\u00e1hoz.<br \/>\n    A helyettes \u00e1llamtitk\u00e1r a jelentkez\u00e9si felt\u00e9telek k\u00f6z\u00e9 sorolta, hogy a legal\u00e1bb n\u00e9gy lez\u00e1rt \u00fczleti \u00e9vvel rendelkez\u0151 mikro-, kis- vagy k\u00f6z\u00e9pv\u00e1llalkoz\u00e1snak legal\u00e1bb \u00f6t alkalmazottja legyen, \u00e9s minimum 100 milli\u00f3 forint nett\u00f3 \u00e1rbev\u00e9tellel rendelkezzen.<br \/>\n    Az \u00e1rbev\u00e9tel mellett a k\u00f6z\u00e9pv\u00e1llalatok eset\u00e9ben 20 sz\u00e1zal\u00e9kos \u00e1tlagos \u00e9ves n\u00f6veked\u00e9st kell felmutatni meghat\u00e1rozott id\u0151szakban, mikro- \u00e9s kisv\u00e1llalkoz\u00e1soknak 100 sz\u00e1zal\u00e9kos \u00e9ves n\u00f6veked\u00e9st kell teljes\u00edteni. Vagy az export \u00e1rbev\u00e9telben 50 sz\u00e1zal\u00e9kos \u00e9ves n\u00f6veked\u00e9st kell felmutatni.<br \/>\n    Szepesi Bal\u00e1zs kifejtette, a magyar gazdas\u00e1g komoly korszakv\u00e1lt\u00e1s el\u0151tt \u00e1ll, kil\u00e9pett az olcs\u00f3 munkaer\u0151 kor\u00e1b\u00f3l, a v\u00e1llalatok termel\u00e9sn\u00f6vel\u00e9si k\u00e9nyszerp\u00e1ly\u00e1n vannak<br \/>\n    A digit\u00e1lis forradalom mindenhova el\u00e9rt m\u00e1r, r\u00e1ad\u00e1sul gener\u00e1ci\u00f3v\u00e1lt\u00e1s is zajlik, mert a magyar v\u00e1llalattulajdonosok fele n\u00e9h\u00e1ny \u00e9ven bel\u00fcl el\u00e9ri a 65 \u00e9ves kort. A korm\u00e1nyzat \u00e1ltal kidolgozott kkv-strat\u00e9gia, amelynek az Mmp a &#8222;z\u00e1szl\u00f3shaj\u00f3ja&#8221; ezt a korszakv\u00e1lt\u00e1st pr\u00f3b\u00e1lja seg\u00edteni &#8211; tette hozz\u00e1.<br \/>\n<div class=\"ads-in-post2\"><script async src=\"https:\/\/pagead2.googlesyndication.com\/pagead\/js\/adsbygoogle.js\"><\/script>\r\n<ins class=\"adsbygoogle\"\r\n     style=\"display:block\"\r\n     data-ad-format=\"fluid\"\r\n     data-ad-layout-key=\"-6t+ed+2i-1n-4w\"\r\n     data-ad-client=\"ca-pub-1959107119989764\"\r\n     data-ad-slot=\"4008251320\"><\/ins>\r\n<script>\r\n     (adsbygoogle = window.adsbygoogle || []).push({});\r\n<\/script><\/div>\n    A helyettes \u00e1llamtitk\u00e1r eml\u00e9keztetett arra, hogy ezen t\u00fal &#8211; eur\u00f3pai uni\u00f3s forr\u00e1sb\u00f3l &#8211; az energiahat\u00e9konys\u00e1gi iparhoz kapcsol\u00f3d\u00f3 kkv-kat 4 milli\u00e1rd forinttal, a technol\u00f3giai fejleszt\u00e9seket t\u00f6bb felh\u00edv\u00e1s r\u00e9v\u00e9n \u00f6sszesen 49 milli\u00e1rd forinttal t\u00e1mogatj\u00e1k.<br \/>\n    Hazai k\u00f6lts\u00e9gvet\u00e9si forr\u00e1sb\u00f3l \u00e9vente 3 milli\u00e1rddal a besz\u00e1ll\u00edt\u00f3fejleszt\u00e9si programokat t\u00e1mogatj\u00e1k, 2,5 milli\u00e1rd jut az Irinyi-tervre \u00e9s 1,4 milli\u00e1rd az Ipar 4.0 programra &#8211; tette hozz\u00e1.<br \/>\n    Az Mmp egy \u00e9ve indult, els\u0151 kiv\u00e1laszt\u00e1si k\u00f6r\u00e9ben t\u00f6bb sz\u00e1z jelentkez\u0151 c\u00e9g k\u00f6z\u00fcl v\u00e9g\u00fcl 104 v\u00e1llalkoz\u00e1s felelt meg a bel\u00e9p\u00e9si krit\u00e9riumoknak, 57 r\u00e9szes\u00fclt t\u00e1mogat\u00e1sban.<br \/>\n    A cs\u00fct\u00f6rt\u00f6ki szegedi programismertet\u0151 egy orsz\u00e1gos roadshow r\u00e9sze, amelynek tov\u00e1bbi \u00e1llom\u00e1sai a f\u0151v\u00e1ros mellett Sz\u00e9kesfeh\u00e9rv\u00e1r, Szombathely, Kecskem\u00e9t \u00e9s Debrecen.(MTI)<\/p>\n","protected":false},"excerpt":{"rendered":"<p>V\u00e1rhat\u00f3an mintegy 50 mikro-, kis- \u00e9s k\u00f6z\u00e9pv\u00e1llalkoz\u00e1s ker\u00fclhet be id\u00e9n a kkv-strat\u00e9gia kiemelked\u0151 elem\u00e9nek tartott Magyar multi programba (Mmp) &#8211; k\u00f6z\u00f6lte Szepesi Bal\u00e1zs, az Innov\u00e1ci\u00f3s \u00e9s Technol\u00f3giai Miniszt\u00e9rium (ITM) gazdas\u00e1gfejleszt\u00e9s\u00e9rt felel\u0151s helyettes \u00e1llamtitk\u00e1ra cs\u00fct\u00f6rt\u00f6k\u00f6n Szegeden.<\/p>\n","protected":false},"author":1,"featured_media":0,"comment_status":"closed","ping_status":"open","sticky":false,"template":"","format":"standard","meta":[],"categories":[19],"tags":[],"_links":{"self":[{"href":"https:\/\/gazdasagportal.hu\/index.php\/wp-json\/wp\/v2\/posts\/123842"}],"collection":[{"href":"https:\/\/gazdasagportal.hu\/index.php\/wp-json\/wp\/v2\/posts"}],"about":[{"href":"https:\/\/gazdasagportal.hu\/index.php\/wp-json\/wp\/v2\/types\/post"}],"author":[{"embeddable":true,"href":"https:\/\/gazdasagportal.hu\/index.php\/wp-json\/wp\/v2\/users\/1"}],"replies":[{"embeddable":true,"href":"https:\/\/gazdasagportal.hu\/index.php\/wp-json\/wp\/v2\/comments?post=123842"}],"version-history":[{"count":1,"href":"https:\/\/gazdasagportal.hu\/index.php\/wp-json\/wp\/v2\/posts\/123842\/revisions"}],"predecessor-version":[{"id":123843,"href":"https:\/\/gazdasagportal.hu\/index.php\/wp-json\/wp\/v2\/posts\/123842\/revisions\/123843"}],"wp:attachment":[{"href":"https:\/\/gazdasagportal.hu\/index.php\/wp-json\/wp\/v2\/media?parent=123842"}],"wp:term":[{"taxonomy":"category","embeddable":true,"href":"https:\/\/gazdasagportal.hu\/index.php\/wp-json\/wp\/v2\/categories?post=123842"},{"taxonomy":"post_tag","embeddable":true,"href":"https:\/\/gazdasagportal.hu\/index.php\/wp-json\/wp\/v2\/tags?post=123842"}],"curies":[{"name":"wp","href":"https:\/\/api.w.org\/{rel}","templated":true}]}}