{"id":123769,"date":"2020-02-11T14:37:49","date_gmt":"2020-02-11T13:37:49","guid":{"rendered":"http:\/\/gazdasagportal.hu\/?p=123769"},"modified":"2020-02-11T14:37:49","modified_gmt":"2020-02-11T13:37:49","slug":"ev-vegen-bezarja-ozdi-gyarat-az-abb","status":"publish","type":"post","link":"https:\/\/gazdasagportal.hu\/index.php\/ev-vegen-bezarja-ozdi-gyarat-az-abb\/","title":{"rendered":"\u00c9v v\u00e9g\u00e9n bez\u00e1rja \u00f3zdi gy\u00e1r\u00e1t az ABB"},"content":{"rendered":"<p><strong>A piaci kereslet cs\u00f6kken\u00e9se miatt az ABB bez\u00e1rja \u00f3zdi gy\u00e1r\u00e1t, amely 2018-ban ker\u00fclt a v\u00e1llalat tulajdon\u00e1ba, a GE Industrial Solutions felv\u00e1s\u00e1rl\u00e1s\u00e1nak r\u00e9szek\u00e9nt &#8211; k\u00f6z\u00f6lte a c\u00e9g az MTI-vel kedden.<\/strong><!--more--><\/p>\n<div class=\"ads-in-post2\"><script async src=\"https:\/\/pagead2.googlesyndication.com\/pagead\/js\/adsbygoogle.js\"><\/script>\r\n<ins class=\"adsbygoogle\"\r\n     style=\"display:block\"\r\n     data-ad-format=\"fluid\"\r\n     data-ad-layout-key=\"-6t+ed+2i-1n-4w\"\r\n     data-ad-client=\"ca-pub-1959107119989764\"\r\n     data-ad-slot=\"4008251320\"><\/ins>\r\n<script>\r\n     (adsbygoogle = window.adsbygoogle || []).push({});\r\n<\/script><\/div>\n<p>    Az \u00f3zdi gy\u00e1r f\u0151k\u00e9nt elektromos kismegszak\u00edt\u00f3kat, \u00e1ram-v\u00e9d\u0151kapcsol\u00f3kat \u00e9s t\u00fal\u00e1ramv\u00e9delmi megszak\u00edt\u00f3kat gy\u00e1rt. A bez\u00e1r\u00e1s megk\u00f6zel\u00edt\u0151leg 1000 munkahelyet \u00e9rint.<br \/>\n    Mint \u00edrt\u00e1k, az \u00f3zdi gy\u00e1r termel\u00e9si volumene folyamatosan cs\u00f6kken \u00e9s hamarosan el\u00e9r egy olyan szintet, ahol m\u00e1r nem lehet gazdas\u00e1gosan folytatni a gy\u00e1rt\u00e1st. A megmarad\u00f3 n\u00e9h\u00e1ny gy\u00e1rt\u00f3sort az ABB m\u00e1s, r\u00e9gi\u00f3beli \u00fczemeibe telep\u00edti \u00e1t, ahol megfelel\u0151 termel\u00e9si kapacit\u00e1s \u00e1ll rendelkez\u00e9sre.<br \/>\n    A t\u00e1j\u00e9koztat\u00e1s szerint 2020 v\u00e9g\u00e9n \u00e1ll le az \u00f3zdi \u00fczem m\u0171k\u00f6d\u00e9se v\u00e9glegesen. A d\u00f6nt\u00e9s nem befoly\u00e1solja az ABB egy\u00e9b magyarorsz\u00e1gi befektet\u00e9seit.<br \/>\n<div class=\"ads-in-post1\"><div id=\"gazdasagportal.hu_fullbanner_wideboard\"><\/div>\r\n<\/div>\n    Az ABB a gy\u00e1rbez\u00e1r\u00e1ssal \u00e9rintett dolgoz\u00f3knak t\u00e1mogat\u00e1st k\u00edv\u00e1n ny\u00fajtani, amely meghaladja a Munka t\u00f6rv\u00e9nyk\u00f6nyve \u00e1ltal el\u0151\u00edrt szolg\u00e1ltat\u00e1sokat, \u00e9s rem\u00e9lhet\u0151leg enyh\u00edteni fogja a d\u00f6nt\u00e9s t\u00e1rsadalmi hat\u00e1sait. A v\u00e1llalat szorosan egy\u00fcttm\u0171k\u00f6dik majd a munka\u00fcgyi hivatallal, hogy seg\u00edtse dolgoz\u00f3inak elhelyezked\u00e9s\u00e9t az ABB valamelyik m\u00e1sik magyarorsz\u00e1gi telephely\u00e9n vagy a t\u00e9rs\u00e9g m\u00e1s v\u00e1llalatain\u00e1l, illetve hogy t\u00e1mogassa a szakmai \u00e1tk\u00e9pz\u00e9seket, vagy ak\u00e1r a saj\u00e1t v\u00e1llalkoz\u00e1sok ind\u00edt\u00e1s\u00e1t &#8211; k\u00f6z\u00f6lt\u00e9k.<br \/>\n    Az ABB t\u00f6bb mint 100 orsz\u00e1gban m\u0171k\u00f6dik, \u00e9s 144 000 f\u0151t alkalmaz. Vezet\u0151 \u00fczlet\u00e1gai az energetika, ipari automatiz\u00e1l\u00e1s, hajt\u00e1sok, valamint robotika \u00e9s gy\u00e1rt\u00e1sautomatiz\u00e1l\u00e1s. Az ABB M\u00e9rn\u00f6ki, Kereskedelmi \u00e9s Szolg\u00e1ltat\u00f3 Kft. honlapja szerint Magyarorsz\u00e1gon Budapesten rendelkezik k\u00f6zponti irod\u00e1val, Gy\u0151rben robotika szervizirod\u00e1val, F\u00f3ton rakt\u00e1rhelys\u00e9ggel \u00e9s szervizm\u0171hellyel, Gy\u00e1lon logisztikai k\u00f6zponttal, valamint Kecskem\u00e9ten \u00e9s \u00d3zdon gy\u00e1rral.<br \/>\n    A nyilv\u00e1nos c\u00e9gadatok szerint az Industrial C&#038;S Hungary Kft. n\u00e9ven m\u0171k\u00f6d\u0151 \u00f3zdi \u00fczem \u00e1rbev\u00e9tele 2018-ban 54,3 milli\u00e1rd forint volt, ad\u00f3z\u00e1s ut\u00e1ni vesztes\u00e9ge pedig 13 milli\u00e1rd forint.(MTI)<\/p>\n","protected":false},"excerpt":{"rendered":"<p>A piaci kereslet cs\u00f6kken\u00e9se miatt az ABB bez\u00e1rja \u00f3zdi gy\u00e1r\u00e1t, amely 2018-ban ker\u00fclt a v\u00e1llalat tulajdon\u00e1ba, a GE Industrial Solutions felv\u00e1s\u00e1rl\u00e1s\u00e1nak r\u00e9szek\u00e9nt &#8211; k\u00f6z\u00f6lte a c\u00e9g az MTI-vel kedden.<\/p>\n","protected":false},"author":1,"featured_media":0,"comment_status":"closed","ping_status":"open","sticky":false,"template":"","format":"standard","meta":[],"categories":[19],"tags":[],"_links":{"self":[{"href":"https:\/\/gazdasagportal.hu\/index.php\/wp-json\/wp\/v2\/posts\/123769"}],"collection":[{"href":"https:\/\/gazdasagportal.hu\/index.php\/wp-json\/wp\/v2\/posts"}],"about":[{"href":"https:\/\/gazdasagportal.hu\/index.php\/wp-json\/wp\/v2\/types\/post"}],"author":[{"embeddable":true,"href":"https:\/\/gazdasagportal.hu\/index.php\/wp-json\/wp\/v2\/users\/1"}],"replies":[{"embeddable":true,"href":"https:\/\/gazdasagportal.hu\/index.php\/wp-json\/wp\/v2\/comments?post=123769"}],"version-history":[{"count":1,"href":"https:\/\/gazdasagportal.hu\/index.php\/wp-json\/wp\/v2\/posts\/123769\/revisions"}],"predecessor-version":[{"id":123770,"href":"https:\/\/gazdasagportal.hu\/index.php\/wp-json\/wp\/v2\/posts\/123769\/revisions\/123770"}],"wp:attachment":[{"href":"https:\/\/gazdasagportal.hu\/index.php\/wp-json\/wp\/v2\/media?parent=123769"}],"wp:term":[{"taxonomy":"category","embeddable":true,"href":"https:\/\/gazdasagportal.hu\/index.php\/wp-json\/wp\/v2\/categories?post=123769"},{"taxonomy":"post_tag","embeddable":true,"href":"https:\/\/gazdasagportal.hu\/index.php\/wp-json\/wp\/v2\/tags?post=123769"}],"curies":[{"name":"wp","href":"https:\/\/api.w.org\/{rel}","templated":true}]}}