{"id":123647,"date":"2020-02-06T11:41:00","date_gmt":"2020-02-06T10:41:00","guid":{"rendered":"http:\/\/gazdasagportal.hu\/?p=123647"},"modified":"2020-02-06T11:41:00","modified_gmt":"2020-02-06T10:41:00","slug":"nemzetkozi-terjeszkedest-es-forrasbevonast-tervez-a-pensum-group","status":"publish","type":"post","link":"https:\/\/gazdasagportal.hu\/index.php\/nemzetkozi-terjeszkedest-es-forrasbevonast-tervez-a-pensum-group\/","title":{"rendered":"Nemzetk\u00f6zi terjeszked\u00e9st \u00e9s forr\u00e1sbevon\u00e1st tervez a Pensum Group"},"content":{"rendered":"<p><strong>K\u00f6z\u00e9pt\u00e1von forr\u00e1sbevon\u00e1st tervez belf\u00f6ldi \u00e9s nemzetk\u00f6zi n\u00f6veked\u00e9si c\u00e9ljainak megval\u00f3s\u00edt\u00e1sa \u00e9rdek\u00e9ben a hum\u00e1ner\u0151forr\u00e1s-szolg\u00e1ltat\u00e1sok, f\u0151k\u00e9nt a munkaer\u0151-k\u00f6lcs\u00f6nz\u00e9s ter\u00e9n jelent\u0151s Pensum Group Nyrt., amelynek 2 milli\u00f3 darab t\u00f6rzsr\u00e9szv\u00e9ny\u00e9t cs\u00fct\u00f6rt\u00f6k\u00f6n vezett\u00e9k be a Budapesti \u00c9rt\u00e9kt\u0151zsde (B\u00c9T) standard kateg\u00f3ri\u00e1j\u00e1ba &#8211; k\u00f6z\u00f6lte a v\u00e1llalat cs\u00fct\u00f6rt\u00f6k\u00f6n az MTI-vel.<\/strong><!--more--><\/p>\n<div class=\"ads-in-post2\"><script async src=\"https:\/\/pagead2.googlesyndication.com\/pagead\/js\/adsbygoogle.js\"><\/script>\r\n<ins class=\"adsbygoogle\"\r\n     style=\"display:block\"\r\n     data-ad-format=\"fluid\"\r\n     data-ad-layout-key=\"-6t+ed+2i-1n-4w\"\r\n     data-ad-client=\"ca-pub-1959107119989764\"\r\n     data-ad-slot=\"4008251320\"><\/ins>\r\n<script>\r\n     (adsbygoogle = window.adsbygoogle || []).push({});\r\n<\/script><\/div>\n<p>    A keresked\u00e9st V\u00e9gh Rich\u00e1rd, a B\u00c9T vez\u00e9rigazgat\u00f3ja, valamint a Pensum Group igazgat\u00f3s\u00e1g\u00e1nak tagjai, Hadh\u00e1zy P\u00e9ter eln\u00f6k, Hadh\u00e1zy Tam\u00e1s, valamint T\u00f3th P\u00e9ter ind\u00edtotta el.<br \/>\n    Hadh\u00e1zy P\u00e9ter a k\u00f6zlem\u00e9nyben kiemelte, hogy a t\u0151zsdei jelenl\u00e9ttel az alap\u00edt\u00f3 menedzsment t\u00f6bbs\u00e9gi tulajdon\u00e1ban l\u00e9v\u0151 Pensum Group c\u00e9lja, hogy a lehet\u0151 legjobban kihaszn\u00e1lja a nyilv\u00e1nos t\u0151kepiac ny\u00fajtotta lehet\u0151s\u00e9geket.<br \/>\n    K\u00f6z\u00f6lte: szeretn\u00e9k, ha a n\u00f6veked\u00e9snek r\u00e9szesei lehetn\u00e9nek int\u00e9zm\u00e9nyi- \u00e9s mag\u00e1nr\u00e9szv\u00e9nyesek, \u00e9s kialakulna egy kisebbs\u00e9gi k\u00f6zk\u00e9zh\u00e1nyad.<br \/>\n    A t\u0151zsdei bevezet\u00e9s sor\u00e1n \u00faj r\u00e9szv\u00e9nyek nyilv\u00e1nos kibocs\u00e1t\u00e1s\u00e1ra, t\u0151kebevon\u00e1sra vagy megl\u00e9v\u0151 r\u00e9szv\u00e9nyek elad\u00e1s\u00e1ra nem ker\u00fclt sor.<br \/>\n<div class=\"ads-in-post1\"><div id=\"gazdasagportal.hu_fullbanner_wideboard\"><\/div>\r\n<\/div>\n    A nemzetk\u00f6zi n\u00f6veked\u00e9si tervek m\u00e1r k\u00f6z\u00e9pt\u00e1von is forr\u00e1sbevon\u00e1st tehetnek sz\u00fcks\u00e9gess\u00e9, amelyhez a v\u00e1llalat a t\u0151zsde ny\u00fajtotta nyilv\u00e1nos forr\u00e1sbevon\u00e1s lehet\u0151s\u00e9g\u00e9t szeretn\u00e9 kihaszn\u00e1lni &#8211; tette hozz\u00e1.<br \/>\n    A k\u00f6zlem\u00e9ny szerint a Pensum Group 2012-es alap\u00edt\u00e1sa \u00f3ta ny\u00fajt hum\u00e1ner\u0151forr\u00e1s-szolg\u00e1ltat\u00e1sokat Magyarorsz\u00e1gon \u00e9s k\u00fclf\u00f6ld\u00f6n. A magyar, n\u00e9met \u00e9s osztr\u00e1k piacon akt\u00edv v\u00e1llalat \u00e1rbev\u00e9tele 13,8 sz\u00e1zal\u00e9kos n\u00f6veked\u00e9ssel 2018-ban el\u00e9rte a 2,2 milli\u00e1rd forintot, amelynek 40 sz\u00e1zal\u00e9ka sz\u00e1rmazott k\u00fclf\u00f6ldr\u0151l.<br \/>\n    Az el\u0151zetes adatok alapj\u00e1n a n\u00f6veked\u00e9s 2019 els\u0151 h\u00e9t h\u00f3napj\u00e1ban is folytat\u00f3dott: az \u00e1rbev\u00e9tel 6,7 sz\u00e1zal\u00e9kkal haladta meg az el\u0151z\u0151 \u00e9v azonos id\u0151szak\u00e1\u00e9t. Az egy f\u0151re jut\u00f3 \u00e1rbev\u00e9tel 7,8 sz\u00e1zal\u00e9kkal, m\u00edg az ad\u00f3zott eredm\u00e9ny 29,4 sz\u00e1zal\u00e9kkal n\u0151tt. A t\u00e1rsas\u00e1g belf\u00f6ldi \u00fcgyfeleinek sz\u00e1ma k\u00f6r\u00fclbel\u00fcl 60, \u00e9s k\u00f6z\u00fcl\u00fck egy kiv\u00e9tellel mindegyik a mag\u00e1nszektorban m\u0171k\u00f6dik.<br \/>\n(MTI)<\/p>\n","protected":false},"excerpt":{"rendered":"<p>K\u00f6z\u00e9pt\u00e1von forr\u00e1sbevon\u00e1st tervez belf\u00f6ldi \u00e9s nemzetk\u00f6zi n\u00f6veked\u00e9si c\u00e9ljainak megval\u00f3s\u00edt\u00e1sa \u00e9rdek\u00e9ben a hum\u00e1ner\u0151forr\u00e1s-szolg\u00e1ltat\u00e1sok, f\u0151k\u00e9nt a munkaer\u0151-k\u00f6lcs\u00f6nz\u00e9s ter\u00e9n jelent\u0151s Pensum Group Nyrt., amelynek 2 milli\u00f3 darab t\u00f6rzsr\u00e9szv\u00e9ny\u00e9t cs\u00fct\u00f6rt\u00f6k\u00f6n vezett\u00e9k be a Budapesti \u00c9rt\u00e9kt\u0151zsde (B\u00c9T) standard kateg\u00f3ri\u00e1j\u00e1ba &#8211; k\u00f6z\u00f6lte a v\u00e1llalat cs\u00fct\u00f6rt\u00f6k\u00f6n az MTI-vel.<\/p>\n","protected":false},"author":1,"featured_media":0,"comment_status":"closed","ping_status":"open","sticky":false,"template":"","format":"standard","meta":[],"categories":[7],"tags":[],"_links":{"self":[{"href":"https:\/\/gazdasagportal.hu\/index.php\/wp-json\/wp\/v2\/posts\/123647"}],"collection":[{"href":"https:\/\/gazdasagportal.hu\/index.php\/wp-json\/wp\/v2\/posts"}],"about":[{"href":"https:\/\/gazdasagportal.hu\/index.php\/wp-json\/wp\/v2\/types\/post"}],"author":[{"embeddable":true,"href":"https:\/\/gazdasagportal.hu\/index.php\/wp-json\/wp\/v2\/users\/1"}],"replies":[{"embeddable":true,"href":"https:\/\/gazdasagportal.hu\/index.php\/wp-json\/wp\/v2\/comments?post=123647"}],"version-history":[{"count":1,"href":"https:\/\/gazdasagportal.hu\/index.php\/wp-json\/wp\/v2\/posts\/123647\/revisions"}],"predecessor-version":[{"id":123648,"href":"https:\/\/gazdasagportal.hu\/index.php\/wp-json\/wp\/v2\/posts\/123647\/revisions\/123648"}],"wp:attachment":[{"href":"https:\/\/gazdasagportal.hu\/index.php\/wp-json\/wp\/v2\/media?parent=123647"}],"wp:term":[{"taxonomy":"category","embeddable":true,"href":"https:\/\/gazdasagportal.hu\/index.php\/wp-json\/wp\/v2\/categories?post=123647"},{"taxonomy":"post_tag","embeddable":true,"href":"https:\/\/gazdasagportal.hu\/index.php\/wp-json\/wp\/v2\/tags?post=123647"}],"curies":[{"name":"wp","href":"https:\/\/api.w.org\/{rel}","templated":true}]}}