{"id":123563,"date":"2020-02-03T22:20:24","date_gmt":"2020-02-03T21:20:24","guid":{"rendered":"http:\/\/gazdasagportal.hu\/?p=123563"},"modified":"2020-02-03T22:20:24","modified_gmt":"2020-02-03T21:20:24","slug":"politico-az-europai-bizottsag-elnoke-nagy-kockazatot-vallal-az-egyesult-allamokkal-kotendo-kereskedelmi-megallapodassal-kapcsolatban","status":"publish","type":"post","link":"https:\/\/gazdasagportal.hu\/index.php\/politico-az-europai-bizottsag-elnoke-nagy-kockazatot-vallal-az-egyesult-allamokkal-kotendo-kereskedelmi-megallapodassal-kapcsolatban\/","title":{"rendered":"Politico: Az Eur\u00f3pai Bizotts\u00e1g eln\u00f6ke nagy kock\u00e1zatot v\u00e1llal az Egyes\u00fclt \u00c1llamokkal k\u00f6tend\u0151 kereskedelmi meg\u00e1llapod\u00e1ssal kapcsolatban"},"content":{"rendered":"<p><strong>Nagy kock\u00e1zatot v\u00e1llal Ursula von der Leyen az Eur\u00f3pai Bizotts\u00e1g eln\u00f6ke, ha beind\u00edtja az el\u0151zetesen Davosban bejelentett kereskedelmi meg\u00e1llapod\u00e1st az Egyes\u00fclt \u00c1llamokkal- \u00edrta a Politico eur\u00f3pai \u00fcgyekkel foglalkoz\u00f3 h\u00edrport\u00e1l h\u00e9tf\u0151n megjelent v\u00e9lem\u00e9nycikk\u00e9ben.<\/strong><!--more--><\/p>\n<div class=\"ads-in-post1\"><div id=\"gazdasagportal.hu_fullbanner_wideboard\"><\/div>\r\n<\/div>\n<p>    A cikk szerz\u0151je szerint egy, az Egyes\u00fclt \u00c1llamokkal t\u00f6rt\u00e9n\u0151 &#8222;gyors meg\u00e1llapod\u00e1s&#8221; &#8211; a kereskedelem, technol\u00f3gia \u00e9s energiapolitika ter\u00e9n &#8211; enyh\u00edthetn\u00e9 a fesz\u00fclts\u00e9geket az Egyes\u00fclt \u00c1llamokkal fenn\u00e1ll\u00f3 kereskedelmi h\u00e1bor\u00faban, aminek negat\u00edv hat\u00e1sai m\u00e1r olyan eur\u00f3pai kulcs\u00e1gazatokat \u00e9rintettek mint a rep\u00fcl\u0151g\u00e9pipar, a bortermel\u00e9s \u00e9s ac\u00e9ltermel\u00e9s. Tov\u00e1bb\u00e1, a meg\u00e1llapod\u00e1sb\u00f3l k\u00f6vetkez\u0151 &#8222;fegyversz\u00fcnet&#8221; visszaadn\u00e1 a lend\u00fcletet a Trump amerikai eln\u00f6k \u00e1ltal magas ad\u00f3 kivet\u00e9s\u00e9vel fenyegetett n\u00e9met aut\u00f3iparnak.<br \/>\n    Azonban egy &#8222;gyorsan kivitelezett meg\u00e1llapod\u00e1s&#8221; Von der Leyen sz\u00e1m\u00e1ra rendk\u00edv\u00fcl nagy kock\u00e1zatot jelent hivatali ideje ilyen korai szakasz\u00e1ban.<br \/>\n Elemz\u0151k ezzel kapcsolatban kor\u00e1bban eml\u00e9keztettek arra, hogy a Trump-korm\u00e1nyzat \u00e9s az Eur\u00f3pai Uni\u00f3 k\u00f6z\u00f6tti kereskedelmi vita egyik sarkalatos k\u00e9rd\u00e9se az, hogy az uni\u00f3 nem k\u00edv\u00e1nja megnyitni piac\u00e1t a nagyar\u00e1ny\u00fa amerikai agr\u00e1rimport el\u0151tt. Phil Hogan az Eur\u00f3pai Bizotts\u00e1g mez\u0151gazdas\u00e1g\u00e9rt felel\u0151s biztosa legut\u00f3bbi amerikai l\u00e1togat\u00e1sa sor\u00e1n lesz\u00f6gezte azt, hogy Eur\u00f3pai Uni\u00f3 mez\u0151gazdas\u00e1gi k\u00e9rd\u00e9sekr\u0151l jelenleg nem akar sz\u00e9lesebb k\u00f6r\u0171 t\u00e1rgyal\u00e1sokat folytatni, de az agr\u00e1riumra \u00e9rv\u00e9nyes eg\u00e9szs\u00e9g\u00fcgyi szabv\u00e1nyok ter\u00e9n k\u00e9sz engedm\u00e9nyekre annak \u00e9rdek\u00e9ben, hogy &#8211; mint fogalmazott akkor &#8211; kijuthassanak a zs\u00e1kutc\u00e1b\u00f3l.<br \/>\n    A vezet\u0151 EU-tagorsz\u00e1gokban, legf\u0151k\u00e9ppen Franciaorsz\u00e1gban &#8211; amely termel\u00e9si volumene alapj\u00e1n egy\u00e9rtelm\u0171en az EU legnagyobb mez\u0151gazdas\u00e1gi termel\u0151 orsz\u00e1ga &#8211; er\u0151s nemtetsz\u00e9st v\u00e1ltana ki az, ha az Egyes\u00fclt \u00c1llamok teret nyerne ebben a k\u00e9rd\u00e9sben.<br \/>\n<div class=\"ads-in-post2\"><script async src=\"https:\/\/pagead2.googlesyndication.com\/pagead\/js\/adsbygoogle.js\"><\/script>\r\n<ins class=\"adsbygoogle\"\r\n     style=\"display:block\"\r\n     data-ad-format=\"fluid\"\r\n     data-ad-layout-key=\"-6t+ed+2i-1n-4w\"\r\n     data-ad-client=\"ca-pub-1959107119989764\"\r\n     data-ad-slot=\"4008251320\"><\/ins>\r\n<script>\r\n     (adsbygoogle = window.adsbygoogle || []).push({});\r\n<\/script><\/div>\n    Franciaorsz\u00e1g, Ausztria, \u00e9s Hollandia eddig sikeresen tiltakozott az ellen, hogy az agr\u00e1rszektor ne k\u00e9pezze az Egyes\u00fclt \u00c1llamokkal val\u00f3 kereskedelmi t\u00e1rgyal\u00e1sok r\u00e9sz\u00e9t, viszont most egy\u00e9rtelm\u0171nek t\u0171nik Trump eln\u00f6k ragaszkodik ehhez a ter\u00fclethez is.<br \/>\n    A Politico szerint ezt a probl\u00e9m\u00e1t az sem oldja meg, ha az Eur\u00f3pai Bizotts\u00e1g jogszab\u00e1lyokhoz nem k\u00f6t\u00f6tt k\u00f6telezetts\u00e9geket v\u00e1llal az Egyes\u00fclt \u00c1llamok egyes mez\u0151gazdas\u00e1gi term\u00e9keire vonatkoz\u00f3 uni\u00f3s akad\u00e1lyok cs\u00f6kkent\u00e9se \u00e9rdek\u00e9ben. Sajt\u00f3forr\u00e1saik szerint, az egyezs\u00e9g megk\u00f6t\u00e9s\u00e9nek kiemelt k\u00e9rd\u00e9se az lesz, hogy az EU nagym\u00e9rt\u00e9kben megnyitja-e a piac\u00e1t az Egyes\u00fclt \u00c1llamokb\u00f3l sz\u00e1rmaz\u00f3 mez\u0151gazdas\u00e1gi term\u00e9kek el\u0151tt vagy nem. Az el\u0151bbi elker\u00fcl\u00e9se azonban &#8222;komoly bl\u00f6ff\u00f6l\u00e9st&#8221; fog ig\u00e9nyelni az uni\u00f3 r\u00e9sz\u00e9r\u0151l, mivel az amerikai vezet\u00e9s nem fog megel\u00e9gedni r\u00e9szengedm\u00e9nyekkel.<br \/>\n     Sonny Perdue amerikai agr\u00e1rminiszter is kor\u00e1bban vil\u00e1goss\u00e1 tette, hogy az Egyes\u00fclt \u00c1llamok olyan egyezs\u00e9g megk\u00f6t\u00e9s\u00e9re t\u00f6rekszik, amely komoly val\u00f3s \u00e9rt\u00e9kkel b\u00edr, \u00e9s cs\u00f6kkenteni az Egyes\u00fclt \u00c1llamok \u00e9s az EU k\u00f6z\u00f6tti mez\u0151gazdas\u00e1gi kereskedelmi deficitet.<br \/>\n    A Politico forr\u00e1sai szerint, az EU engedm\u00e9nyt tehet a g\u00e9ntechnol\u00f3gi\u00e1val m\u00f3dos\u00edtott n\u00f6v\u00e9nyek (GMO-k) forgalomba hozatal\u00e1nak enged\u00e9lyeztet\u00e9sre. Ehhez nem lenne sz\u00fcks\u00e9g az EU jogszab\u00e1lyainak megv\u00e1ltoztat\u00e1s\u00e1ra, mivel Eur\u00f3p\u00e1ban m\u00e1r l\u00e9tezik erre vonatkoz\u00f3 egy elj\u00e1r\u00e1s, azonban a Bizotts\u00e1g att\u00f3l tartott eddig, hogy bizonyos GMO-k mint p\u00e9ld\u00e1ul a rizs vagy b\u00faza forgalmamba hozatala nagy kih\u00edv\u00e1st jelentene ugyanezen EU-n bel\u00fcl megtermelt \u00e1rucikkek sz\u00e1m\u00e1ra.<br \/>\n    T\u00f6bb eur\u00f3pai tag\u00e1llam k\u00e9pvisel\u0151je m\u00e1r hangot adott nemtetsz\u00e9s\u00e9nek miszerint az uni\u00f3 kiszolg\u00e1ltatja termel\u0151it, \u00e9s vesz\u00e9lyes \u00e9lelmiszerek forgalomba hozatal\u00e1t enged\u00e9lyezteti csak az\u00e9rt, hogy Trump eln\u00f6k\u00f6t &#8222;megb\u00e9k\u00e9l\u00e9sre b\u00edrj\u00e1k&#8221;.<br \/>\n     A francia vezet\u00e9s m\u00e1r kor\u00e1bban is figyelmeztette a Eur\u00f3pai Bizotts\u00e1got, hogy a t\u0171zzel j\u00e1tszott, amikor lehet\u0151v\u00e9 t\u00e9ve az Egyes\u00fclt \u00c1llamok sz\u00e1m\u00e1ra, hogy mez\u0151gazdas\u00e1ggal kapcsolatos k\u00e9rd\u00e9sek a t\u00e1rgyal\u00f3asztalra ker\u00fcljenek, mivel ez\u00e1ltal megnyitja az utat olyan &#8222;vesz\u00e9lyes term\u00e9kek&#8221; Eur\u00f3p\u00e1ba \u00e1raml\u00e1s\u00e1hoz, mint p\u00e9ld\u00e1ul a GMO-k.(MTI)<\/p>\n","protected":false},"excerpt":{"rendered":"<p>Nagy kock\u00e1zatot v\u00e1llal Ursula von der Leyen az Eur\u00f3pai Bizotts\u00e1g eln\u00f6ke, ha beind\u00edtja az el\u0151zetesen Davosban bejelentett kereskedelmi meg\u00e1llapod\u00e1st az Egyes\u00fclt \u00c1llamokkal- \u00edrta a Politico eur\u00f3pai \u00fcgyekkel foglalkoz\u00f3 h\u00edrport\u00e1l h\u00e9tf\u0151n megjelent v\u00e9lem\u00e9nycikk\u00e9ben.<\/p>\n","protected":false},"author":1001003,"featured_media":0,"comment_status":"closed","ping_status":"open","sticky":false,"template":"","format":"standard","meta":[],"categories":[12,246],"tags":[],"_links":{"self":[{"href":"https:\/\/gazdasagportal.hu\/index.php\/wp-json\/wp\/v2\/posts\/123563"}],"collection":[{"href":"https:\/\/gazdasagportal.hu\/index.php\/wp-json\/wp\/v2\/posts"}],"about":[{"href":"https:\/\/gazdasagportal.hu\/index.php\/wp-json\/wp\/v2\/types\/post"}],"author":[{"embeddable":true,"href":"https:\/\/gazdasagportal.hu\/index.php\/wp-json\/wp\/v2\/users\/1001003"}],"replies":[{"embeddable":true,"href":"https:\/\/gazdasagportal.hu\/index.php\/wp-json\/wp\/v2\/comments?post=123563"}],"version-history":[{"count":1,"href":"https:\/\/gazdasagportal.hu\/index.php\/wp-json\/wp\/v2\/posts\/123563\/revisions"}],"predecessor-version":[{"id":123564,"href":"https:\/\/gazdasagportal.hu\/index.php\/wp-json\/wp\/v2\/posts\/123563\/revisions\/123564"}],"wp:attachment":[{"href":"https:\/\/gazdasagportal.hu\/index.php\/wp-json\/wp\/v2\/media?parent=123563"}],"wp:term":[{"taxonomy":"category","embeddable":true,"href":"https:\/\/gazdasagportal.hu\/index.php\/wp-json\/wp\/v2\/categories?post=123563"},{"taxonomy":"post_tag","embeddable":true,"href":"https:\/\/gazdasagportal.hu\/index.php\/wp-json\/wp\/v2\/tags?post=123563"}],"curies":[{"name":"wp","href":"https:\/\/api.w.org\/{rel}","templated":true}]}}