{"id":123521,"date":"2020-02-01T18:38:41","date_gmt":"2020-02-01T17:38:41","guid":{"rendered":"http:\/\/gazdasagportal.hu\/?p=123521"},"modified":"2020-02-01T18:38:41","modified_gmt":"2020-02-01T17:38:41","slug":"brexit-barnier-az-eu-es-a-tagallamok-erdekei-az-elsok","status":"publish","type":"post","link":"https:\/\/gazdasagportal.hu\/index.php\/brexit-barnier-az-eu-es-a-tagallamok-erdekei-az-elsok\/","title":{"rendered":"Brexit &#8211; Barnier: az EU \u00e9s a tag\u00e1llamok \u00e9rdekei az els\u0151k"},"content":{"rendered":"<p><strong>Michel Barnier, az EU-brit t\u00e1rgyal\u00e1sok ir\u00e1ny\u00edt\u00f3ja h\u00e9tf\u0151n mutatja be javaslat\u00e1t a Londonnal folytatand\u00f3 t\u00e1rgyal\u00e1sok keret\u00e9re vonatkoz\u00f3an &#8211; der\u00fcl ki a francia politikus szombati Twitter-\u00fczenet\u00e9b\u0151l, melyben vil\u00e1goss\u00e1 teszi, hogy az EU \u00e9s a tag\u00e1llamok \u00e9rdekei az els\u0151k.<\/strong><!--more--><\/p>\n<div class=\"ads-in-post2\"><script async src=\"https:\/\/pagead2.googlesyndication.com\/pagead\/js\/adsbygoogle.js\"><\/script>\r\n<ins class=\"adsbygoogle\"\r\n     style=\"display:block\"\r\n     data-ad-format=\"fluid\"\r\n     data-ad-layout-key=\"-6t+ed+2i-1n-4w\"\r\n     data-ad-client=\"ca-pub-1959107119989764\"\r\n     data-ad-slot=\"4008251320\"><\/ins>\r\n<script>\r\n     (adsbygoogle = window.adsbygoogle || []).push({});\r\n<\/script><\/div>\n<p>    &#8222;Elj\u00f6tt az id\u0151, hogy a j\u00f6v\u0151be tekints\u00fcnk&#8221; &#8211; fogalmazott Barnier, lesz\u00f6gezve: az EU, az \u00f6sszes tag\u00e1llam \u00e9s az \u00f6sszes eur\u00f3pai \u00e1llampolg\u00e1r \u00e9rdekei \u00e1llnak az els\u0151 helyen.<br \/>\n    A politikus egy vide\u00f3t is megosztott \u00fczenete mellett, amelyben az EU sajn\u00e1lat\u00e1t fejezi, hogy az Egyes\u00fclt Kir\u00e1lys\u00e1g kil\u00e9pett, de tiszteletben tartja a britek d\u00f6nt\u00e9s\u00e9t. A vide\u00f3 szerint a britek mindig is t\u00f6bbek lesznek egyszer\u0171 szomsz\u00e9dn\u00e1l. A felv\u00e9telen szerepel egy r\u00e9szlet Ursula von der Leyen, az Eur\u00f3pai Bizotts\u00e1g eln\u00f6k\u00e9nek eur\u00f3pai parlamenti felsz\u00f3lal\u00e1s\u00e1b\u00f3l, amelyben lesz\u00f6gezi, hogy az EU \u00e9s az Egyes\u00fclt Kir\u00e1lys\u00e1g k\u00f6z\u00f6tti k\u00f6tel\u00e9k \u00e9s bar\u00e1ts\u00e1g elszak\u00edthatatlan.<br \/>\n    &#8222;B\u00fcszk\u00e9k vagyunk mindarra, amit az EU \u00e9s az Egyes\u00fclt Kir\u00e1lys\u00e1g k\u00f6z\u00f6sen el\u00e9rt&#8221; &#8211; \u00fczeni a felv\u00e9tel, hozz\u00e1t\u00e9ve: &#8222;de els\u0151sorban az EU \u00e1llampolg\u00e1rait kell szolg\u00e1lnunk&#8221;.<br \/>\n<div class=\"ads-in-post1\"><div id=\"gazdasagportal.hu_fullbanner_wideboard\"><\/div>\r\n<\/div>\n    Az Egyes\u00fclt Kir\u00e1lys\u00e1g tags\u00e1ga janu\u00e1r 31-\u00e9n sz\u0171nt meg, de a kiv\u00e1l\u00e1si meg\u00e1llapod\u00e1s \u00e9rtelm\u00e9ben az \u00e9v v\u00e9g\u00e9ig tart\u00f3 \u00e1tmeneti id\u0151szak alatt alig v\u00e1ltozik valami, viszont az Egyes\u00fclt Kir\u00e1lys\u00e1g m\u00e1r nem vehet r\u00e9szt az uni\u00f3s d\u00f6nt\u00e9shozatalban. Az \u00e1tmeneti id\u0151szak meghosszabb\u00edthat\u00f3, de ett\u0151l Boris Johnson brit korm\u00e1nyf\u0151 egyel\u0151re mereven elz\u00e1rk\u00f3zik.<br \/>\n    Kisziv\u00e1rgott inform\u00e1ci\u00f3 szerint Barnier arra tesz majd javaslatot, hogy az EU k\u00f6ss\u00f6n t\u00e1rsul\u00e1si meg\u00e1llapod\u00e1st az Egyes\u00fclt Kir\u00e1lys\u00e1ggal, ami azt jelenti, hogy az EU nem csak egyszer\u0171 szabadkereskedelmi meg\u00e1llapod\u00e1s megalkot\u00e1s\u00e1ra t\u00f6rekszik, hanem a leend\u0151 kapcsolatokat, bele\u00e9rtve a biztons\u00e1gi egy\u00fcttm\u0171k\u00f6d\u00e9st, egyetlen keretbe foglalt szab\u00e1lyrendszert ad\u00f3 meg\u00e1llapod\u00e1sban szeretn\u00e9 r\u00f6gz\u00edteni. A t\u00e1rsul\u00e1si meg\u00e1llapod\u00e1sokat mind a 27 uni\u00f3s tag\u00e1llamnak ratifik\u00e1lnia kell, hogy hat\u00e1lyba l\u00e9phessenek.<br \/>\n    A t\u00e1rgyal\u00e1si keretet az uni\u00f3s tag\u00e1llamoknak kell j\u00f3v\u00e1hagyniuk a tan\u00e1csban. Ez gyakorlatilag egy felhatalmaz\u00e1s, amely meghat\u00e1rozza, hogy az uni\u00f3 k\u00e9pviselet\u00e9ben az Eur\u00f3pai Bizotts\u00e1g milyen szempontok figyelembe v\u00e9tel\u00e9vel k\u00f6teles t\u00e1rgyalni, mir\u0151l t\u00e1rgyalhat \u00e9s mir\u0151l nem m\u00e1s orsz\u00e1gokkal.(MTI)<\/p>\n","protected":false},"excerpt":{"rendered":"<p>Michel Barnier, az EU-brit t\u00e1rgyal\u00e1sok ir\u00e1ny\u00edt\u00f3ja h\u00e9tf\u0151n mutatja be javaslat\u00e1t a Londonnal folytatand\u00f3 t\u00e1rgyal\u00e1sok keret\u00e9re vonatkoz\u00f3an &#8211; der\u00fcl ki a francia politikus szombati Twitter-\u00fczenet\u00e9b\u0151l, melyben vil\u00e1goss\u00e1 teszi, hogy az EU \u00e9s a tag\u00e1llamok \u00e9rdekei az els\u0151k.<\/p>\n","protected":false},"author":1001003,"featured_media":0,"comment_status":"closed","ping_status":"open","sticky":false,"template":"","format":"standard","meta":[],"categories":[12],"tags":[],"_links":{"self":[{"href":"https:\/\/gazdasagportal.hu\/index.php\/wp-json\/wp\/v2\/posts\/123521"}],"collection":[{"href":"https:\/\/gazdasagportal.hu\/index.php\/wp-json\/wp\/v2\/posts"}],"about":[{"href":"https:\/\/gazdasagportal.hu\/index.php\/wp-json\/wp\/v2\/types\/post"}],"author":[{"embeddable":true,"href":"https:\/\/gazdasagportal.hu\/index.php\/wp-json\/wp\/v2\/users\/1001003"}],"replies":[{"embeddable":true,"href":"https:\/\/gazdasagportal.hu\/index.php\/wp-json\/wp\/v2\/comments?post=123521"}],"version-history":[{"count":1,"href":"https:\/\/gazdasagportal.hu\/index.php\/wp-json\/wp\/v2\/posts\/123521\/revisions"}],"predecessor-version":[{"id":123522,"href":"https:\/\/gazdasagportal.hu\/index.php\/wp-json\/wp\/v2\/posts\/123521\/revisions\/123522"}],"wp:attachment":[{"href":"https:\/\/gazdasagportal.hu\/index.php\/wp-json\/wp\/v2\/media?parent=123521"}],"wp:term":[{"taxonomy":"category","embeddable":true,"href":"https:\/\/gazdasagportal.hu\/index.php\/wp-json\/wp\/v2\/categories?post=123521"},{"taxonomy":"post_tag","embeddable":true,"href":"https:\/\/gazdasagportal.hu\/index.php\/wp-json\/wp\/v2\/tags?post=123521"}],"curies":[{"name":"wp","href":"https:\/\/api.w.org\/{rel}","templated":true}]}}