{"id":123509,"date":"2020-02-01T09:34:01","date_gmt":"2020-02-01T08:34:01","guid":{"rendered":"http:\/\/gazdasagportal.hu\/?p=123509"},"modified":"2020-02-01T08:34:50","modified_gmt":"2020-02-01T07:34:50","slug":"brexit-a-big-ben-harangjatekaval-bucsuzott-az-egyesult-kiralysag-az-eu-tol","status":"publish","type":"post","link":"https:\/\/gazdasagportal.hu\/index.php\/brexit-a-big-ben-harangjatekaval-bucsuzott-az-egyesult-kiralysag-az-eu-tol\/","title":{"rendered":"Brexit &#8211; A Big Ben harangj\u00e1t\u00e9k\u00e1val b\u00facs\u00fazott az Egyes\u00fclt Kir\u00e1lys\u00e1g az EU-t\u00f3l"},"content":{"rendered":"<p><strong>A londoni parlament torony\u00f3r\u00e1j\u00e1nak vil\u00e1gh\u00edres harangja, a Big Ben hangj\u00e1val b\u00facs\u00fazott az Eur\u00f3pai Uni\u00f3t\u00f3l az Egyes\u00fclt Kir\u00e1lys\u00e1g &#8211; igaz, hogy a harangj\u00e1t\u00e9k felv\u00e9telr\u0151l sz\u00f3lt. Sk\u00f3ciai \u00e9s \u00e9szak-\u00edrorsz\u00e1gi EU-p\u00e1rti politikusok ugyanakkor a Brexit ut\u00e1ni els\u0151 nyilatkozataikban felvetett\u00e9k haz\u00e1juk elszakad\u00e1snak \u00e9s \u00fajb\u00f3li EU-csatlakoz\u00e1s\u00e1nak lehet\u0151s\u00e9g\u00e9t.<\/strong><!--more--><\/p>\n<div class=\"ads-in-post2\"><script async src=\"https:\/\/pagead2.googlesyndication.com\/pagead\/js\/adsbygoogle.js\"><\/script>\r\n<ins class=\"adsbygoogle\"\r\n     style=\"display:block\"\r\n     data-ad-format=\"fluid\"\r\n     data-ad-layout-key=\"-6t+ed+2i-1n-4w\"\r\n     data-ad-client=\"ca-pub-1959107119989764\"\r\n     data-ad-slot=\"4008251320\"><\/ins>\r\n<script>\r\n     (adsbygoogle = window.adsbygoogle || []).push({});\r\n<\/script><\/div>\n<p>    A brit korm\u00e1ny nem tervezte a jelenleg teljes fel\u00faj\u00edt\u00e1s alatt \u00e1ll\u00f3 \u00f3ra- \u00e9s harangszerkezet \u00fczembe helyez\u00e9s\u00e9t a kil\u00e9p\u00e9s napj\u00e1ra.<br \/>\n    A 161 \u00e9ves szerkezetet &#8211; amelynek harangj\u00e1t\u00e9ka legal\u00e1bb olyan h\u00edres, mint maga az \u00f3ra -, valamint az \u00f3r\u00e1nak \u00e9s a harangnak otthont ny\u00fajt\u00f3, jelenleg teljesen fel\u00e1llv\u00e1nyozott Erzs\u00e9bet-tornyot 29 milli\u00f3 fontos (11,5 milli\u00e1rd forintos) k\u00f6lts\u00e9gvet\u00e9ssel n\u00e9gy \u00e9vig tart\u00f3 rekonstrukci\u00f3nak vetik al\u00e1. A munk\u00e1latok v\u00e1rhat\u00f3an 2021 tavasz\u00e1ig tartanak.<br \/>\n    Boris Johnson minisztereln\u00f6k a BBC telev\u00edzi\u00f3nak nyilatkozva a minap elmondta, hogy 500 ezer fontba ker\u00fclne a Big Ben soron k\u00edv\u00fcli megsz\u00f3laltat\u00e1sa a Brexit pillanat\u00e1ban.<br \/>\n    Ezut\u00e1n \u00e1llampolg\u00e1ri kezdem\u00e9nyez\u00e9s indult a p\u00e9nz \u00f6sszegy\u0171jt\u00e9s\u00e9re k\u00f6z\u00f6ss\u00e9gi finansz\u00edroz\u00e1s form\u00e1j\u00e1ban, de a Big Ben v\u00e9g\u00fcl nem sz\u00f3lalt meg p\u00e9nteken brit id\u0151 szerint 23 \u00f3rakor, k\u00f6z\u00e9p-eur\u00f3pai id\u0151 szerint \u00e9jf\u00e9lkor, amikor az Egyes\u00fclt Kir\u00e1lys\u00e1g 47 \u00e9v \u00e9s egy h\u00f3nap tags\u00e1g ut\u00e1n kil\u00e9pett az Eur\u00f3pai Uni\u00f3b\u00f3l.<br \/>\n    A harangj\u00e1t\u00e9k azonban \u00edgy sem maradt el: p\u00e9ntek \u00e9jjel egy visszasz\u00e1ml\u00e1l\u00f3 digit\u00e1lis \u00f3r\u00e1t vet\u00edtettek a korm\u00e1nyf\u0151i hivatalnak otthont ny\u00fajt\u00f3 Downing Street falaira, majd a Brexit pillanat\u00e1ban ezt felv\u00e1ltotta a Big Ben vet\u00edtett k\u00e9pe, amelyet az \u00f3ra harangj\u00e1nak tizenegy kongat\u00e1sa k\u00eds\u00e9rt, felv\u00e9telr\u0151l.<br \/>\n    Ut\u00e1na a brit lobog\u00f3 stiliz\u00e1lt k\u00e9p\u00e9t vet\u00edtett\u00e9k a Downing Street fal\u00e1ra.<br \/>\n    P\u00e9ntek \u00e9jjel a legradik\u00e1lisabb brit EU-ellenes er\u0151, a Nigel Farage vezette Brexit P\u00e1rt t\u00f6bb ezer h\u00edve \u00fcnnepelte Nagy-Britannia kil\u00e9p\u00e9s\u00e9t az Eur\u00f3pai Uni\u00f3b\u00f3l a londoni parlament el\u0151tti t\u00e9ren.<br \/>\n    A sk\u00f3t nagyv\u00e1rosokban ugyanakkor gyerty\u00e1s virraszt\u00e1st tartottak a Brexit \u00e9jszak\u00e1j\u00e1n EU-p\u00e1rti demonstr\u00e1l\u00f3k, eml\u00e9keztetve arra, hogy Sk\u00f3ci\u00e1ban a nagy t\u00f6bbs\u00e9g elvetette a Brexitet.<br \/>\n<div class=\"ads-in-post1\"><div id=\"gazdasagportal.hu_fullbanner_wideboard\"><\/div>\r\n<\/div>\n    A brit EU-tags\u00e1gr\u00f3l 2016 j\u00fanius\u00e1ban rendezett n\u00e9pszavaz\u00e1son orsz\u00e1gos \u00e1tlagban a r\u00e9sztvev\u0151k sz\u0171k, 51,89 sz\u00e1zal\u00e9kos t\u00f6bbs\u00e9ge a kil\u00e9p\u00e9sre, a sk\u00f3tok 62 sz\u00e1zal\u00e9ka viszont a bennmarad\u00e1sra voksolt.<br \/>\n    Nicola Sturgeon sk\u00f3t minisztereln\u00f6k, a Sk\u00f3ci\u00e1ban korm\u00e1nyz\u00f3, f\u00fcggetlens\u00e9gre t\u00f6rekv\u0151 Sk\u00f3t Nemzeti P\u00e1rt (SNP) vezet\u0151je az\u00f3ta sz\u00e1mos nyilatkozat\u00e1ban kijelentette, hogy \u00fajabb f\u00fcggetlens\u00e9gi n\u00e9pszavaz\u00e1sra van sz\u00fcks\u00e9g, mert Sk\u00f3cia nem engedheti meg, hogy egy\u00e9rtelm\u0171en kinyilv\u00e1n\u00edtott bennmarad\u00e1si sz\u00e1nd\u00e9ka ellen\u00e9re London &#8222;kir\u00e1ngassa&#8221; az EU-b\u00f3l.<br \/>\n    A sk\u00f3t f\u00fcggetlens\u00e9gr\u0151l 2014-ben &#8211; vagyis k\u00e9t \u00e9vvel a brit EU-n\u00e9pszavaz\u00e1s el\u0151tt &#8211; m\u00e1r tartottak egy n\u00e9pszavaz\u00e1st, a r\u00e9sztvev\u0151k 55 sz\u00e1zal\u00e9ka azonban arra voksolt, hogy Sk\u00f3cia ne szakadjon el Nagy-Britanni\u00e1t\u00f3l.<br \/>\n    Ian Blackford, az SNP londoni als\u00f3h\u00e1zi frakci\u00f3j\u00e1nak vezet\u0151je szombat hajnali nyilatkozat\u00e1ban \u00fagy fogalmazott: a Brexit ut\u00e1n megsz\u0171nt l\u00e9tezni az az Egyes\u00fclt Kir\u00e1lys\u00e1g, amelynek a sk\u00f3tok 2014-ben m\u00e9g tagjai akartak maradni.<br \/>\n    Blackford kijelentette: szerte Sk\u00f3ci\u00e1ban szomor\u00fas\u00e1g \u00e9s d\u00fch fogadta az Egyes\u00fclt Kir\u00e1lys\u00e1g kil\u00e9p\u00e9s\u00e9t az EU-b\u00f3l, \u00e9s Sk\u00f3cia &#8222;ezt nem fogja annyiban hagyni&#8221;.<br \/>\n    Hozz\u00e1tette: az \u00fajabb f\u00fcggetlens\u00e9gi referendum megnyitja Sk\u00f3cia sz\u00e1m\u00e1ra az Eur\u00f3pai Uni\u00f3ba visszavezet\u0151 utat.<br \/>\n    Ugyan\u00edgy v\u00e9lekedett minapi nyilatkozat\u00e1ban Nicola Sturgeon is. A sk\u00f3t minisztereln\u00f6k a BBC telev\u00edzi\u00f3nak azt mondta: meggy\u0151z\u0151d\u00e9se, hogy Sk\u00f3cia f\u00fcggetlen orsz\u00e1gk\u00e9nt viszonylag r\u00f6vid id\u0151 alatt visszal\u00e9phetne az Eur\u00f3pai Uni\u00f3ba.<br \/>\n    Boris Johnson azonban nemr\u00e9giben hivatalosan k\u00f6z\u00f6lte, hogy London nem j\u00e1rul hozz\u00e1 az \u00fajabb sk\u00f3t f\u00fcggetlens\u00e9gi n\u00e9pszavaz\u00e1s ki\u00edr\u00e1s\u00e1hoz.<br \/>\n    Michelle O&#8217;Neill, az \u00e9szak-\u00edrorsz\u00e1gi brit fennhat\u00f3s\u00e1g ellen k\u00fczd\u0151 legnagyobb katolikus p\u00e1rt, a Sinn F\u00e9in aleln\u00f6ke \u00e9s \u00e9szak-\u00edrorsz\u00e1gi tagozat\u00e1nak vezet\u0151je szombati Twitter-bejegyz\u00e9s\u00e9ben \u00fagy fogalmazott: a Brexit miatt \u00faj lend\u00fcletet kapott az \u00edr sziget egyes\u00edt\u00e9se, a v\u00e1ltoz\u00e1sok dinamik\u00e1ja is ebbe az ir\u00e1nyba mutat, \u00e9s &#8222;megteremthetj\u00fck az \u00faj, egyes\u00fclt \u00cdrorsz\u00e1got az Eur\u00f3pai Uni\u00f3n bel\u00fcl&#8221;.<br \/>\n    \u00c9szak-\u00cdrorsz\u00e1gban a v\u00e1laszt\u00f3k 55,8 sz\u00e1zal\u00e9ka a bennmarad\u00e1sra voksolt a 2016-os EU-n\u00e9pszavaz\u00e1son.(MTI)<\/p>\n","protected":false},"excerpt":{"rendered":"<p>A londoni parlament torony\u00f3r\u00e1j\u00e1nak vil\u00e1gh\u00edres harangja, a Big Ben hangj\u00e1val b\u00facs\u00fazott az Eur\u00f3pai Uni\u00f3t\u00f3l az Egyes\u00fclt Kir\u00e1lys\u00e1g &#8211; igaz, hogy a harangj\u00e1t\u00e9k felv\u00e9telr\u0151l sz\u00f3lt. Sk\u00f3ciai \u00e9s \u00e9szak-\u00edrorsz\u00e1gi EU-p\u00e1rti politikusok ugyanakkor a Brexit ut\u00e1ni els\u0151 nyilatkozataikban felvetett\u00e9k haz\u00e1juk elszakad\u00e1snak \u00e9s \u00fajb\u00f3li EU-csatlakoz\u00e1s\u00e1nak lehet\u0151s\u00e9g\u00e9t.<\/p>\n","protected":false},"author":1001003,"featured_media":0,"comment_status":"closed","ping_status":"open","sticky":false,"template":"","format":"standard","meta":[],"categories":[12],"tags":[],"_links":{"self":[{"href":"https:\/\/gazdasagportal.hu\/index.php\/wp-json\/wp\/v2\/posts\/123509"}],"collection":[{"href":"https:\/\/gazdasagportal.hu\/index.php\/wp-json\/wp\/v2\/posts"}],"about":[{"href":"https:\/\/gazdasagportal.hu\/index.php\/wp-json\/wp\/v2\/types\/post"}],"author":[{"embeddable":true,"href":"https:\/\/gazdasagportal.hu\/index.php\/wp-json\/wp\/v2\/users\/1001003"}],"replies":[{"embeddable":true,"href":"https:\/\/gazdasagportal.hu\/index.php\/wp-json\/wp\/v2\/comments?post=123509"}],"version-history":[{"count":1,"href":"https:\/\/gazdasagportal.hu\/index.php\/wp-json\/wp\/v2\/posts\/123509\/revisions"}],"predecessor-version":[{"id":123510,"href":"https:\/\/gazdasagportal.hu\/index.php\/wp-json\/wp\/v2\/posts\/123509\/revisions\/123510"}],"wp:attachment":[{"href":"https:\/\/gazdasagportal.hu\/index.php\/wp-json\/wp\/v2\/media?parent=123509"}],"wp:term":[{"taxonomy":"category","embeddable":true,"href":"https:\/\/gazdasagportal.hu\/index.php\/wp-json\/wp\/v2\/categories?post=123509"},{"taxonomy":"post_tag","embeddable":true,"href":"https:\/\/gazdasagportal.hu\/index.php\/wp-json\/wp\/v2\/tags?post=123509"}],"curies":[{"name":"wp","href":"https:\/\/api.w.org\/{rel}","templated":true}]}}