{"id":123505,"date":"2020-02-01T08:23:22","date_gmt":"2020-02-01T07:23:22","guid":{"rendered":"http:\/\/gazdasagportal.hu\/?p=123505"},"modified":"2020-02-01T08:23:22","modified_gmt":"2020-02-01T07:23:22","slug":"kilepett-az-egyesult-kiralysag-az-europai-uniobol","status":"publish","type":"post","link":"https:\/\/gazdasagportal.hu\/index.php\/kilepett-az-egyesult-kiralysag-az-europai-uniobol\/","title":{"rendered":"Kil\u00e9pett az Egyes\u00fclt Kir\u00e1lys\u00e1g az Eur\u00f3pai Uni\u00f3b\u00f3l"},"content":{"rendered":"<p><strong>Kil\u00e9pett az Eur\u00f3pai Uni\u00f3b\u00f3l az Egyes\u00fclt Kir\u00e1lys\u00e1g. A brit EU-tags\u00e1g az el\u0151zetesen kijel\u00f6lt id\u0151pontban, brit id\u0151 szerint p\u00e9nteken 23 \u00f3rakor, k\u00f6z\u00e9p-eur\u00f3pai id\u0151 szerint \u00e9jf\u00e9lkor sz\u0171nt meg.<\/strong><!--more--><\/p>\n<div class=\"ads-in-post2\"><script async src=\"https:\/\/pagead2.googlesyndication.com\/pagead\/js\/adsbygoogle.js\"><\/script>\r\n<ins class=\"adsbygoogle\"\r\n     style=\"display:block\"\r\n     data-ad-format=\"fluid\"\r\n     data-ad-layout-key=\"-6t+ed+2i-1n-4w\"\r\n     data-ad-client=\"ca-pub-1959107119989764\"\r\n     data-ad-slot=\"4008251320\"><\/ins>\r\n<script>\r\n     (adsbygoogle = window.adsbygoogle || []).push({});\r\n<\/script><\/div>\n<p>    Az Eur\u00f3pai Uni\u00f3 \u00e9s el\u0151dszervezetei t\u00f6rt\u00e9net\u00e9ben a brit kil\u00e9p\u00e9sig nem volt p\u00e9lda teljes jog\u00fa tagorsz\u00e1g t\u00e1voz\u00e1s\u00e1ra.<br \/>\n    Az Egyes\u00fclt Kir\u00e1lys\u00e1g 47 \u00e9vet \u00e9s egy h\u00f3napot t\u00f6lt\u00f6tt el az Eur\u00f3pai K\u00f6z\u00f6ss\u00e9gek, majd ut\u00f3dja, az Eur\u00f3pai Uni\u00f3 tagorsz\u00e1gak\u00e9nt, ugyanis 1973. janu\u00e1r 1-\u00e9n l\u00e9pett be a k\u00f6z\u00f6ss\u00e9gbe Sir Edward Heath akkori konzervat\u00edv p\u00e1rti minisztereln\u00f6k vezet\u00e9s\u00e9vel.<br \/>\n    A kil\u00e9p\u00e9s pillanat\u00e1ban, szombaton nulla \u00f3r\u00e1t\u00f3l elkezd\u0151d\u00f6tt a v\u00e1rhat\u00f3an 11 h\u00f3napig, december 31-ig tart\u00f3 \u00e1tmeneti id\u0151szak, amelynek egyik legfontosabb c\u00e9lja az, hogy id\u0151t biztos\u00edtson Londonnak \u00e9s az EU-nak a meg\u00e1llapod\u00e1sra a j\u00f6v\u0151beni k\u00e9toldal\u00fa kapcsolatrendszer sarkalatos szab\u00e1lyair\u00f3l.<br \/>\n    A brit korm\u00e1ny els\u0151dleges c\u00e9ljai k\u00f6z\u00f6tt szerepel egy \u00e1tfog\u00f3, a szolg\u00e1ltat\u00e1sokra is kiterjed\u0151 k\u00e9toldal\u00fa szabadkereskedelmi meg\u00e1llapod\u00e1s megk\u00f6t\u00e9se az EU-val, de ebben az id\u0151szakban kell szab\u00e1lyoz\u00e1si meg\u00e1llapod\u00e1sra jutni olyan ter\u00fcleteken is, mint a igazs\u00e1g\u00fcgyi hat\u00f3s\u00e1gok b\u00fcntet\u0151jogi egy\u00fcttm\u0171k\u00f6d\u00e9se, a gy\u00f3gyszer- \u00e9s a rep\u00fcl\u00e9sbiztons\u00e1g, a hal\u00e1szati jogok vagy a v\u00e9delmi \u00e9s a biztons\u00e1gpolitika.<br \/>\n    A kil\u00e9p\u00e9s pillanat\u00e1ban megsz\u0171nt a folyamatot eddig ir\u00e1ny\u00edt\u00f3 Brexit-\u00fcgyi miniszt\u00e9rium, \u00e9s a tov\u00e1bbi t\u00e1rgyal\u00e1sokon brit r\u00e9szr\u0151l egy negyvenf\u0151s st\u00e1b vesz majd r\u00e9szt, k\u00f6zvetlen\u00fcl a londoni minisztereln\u00f6ki hivatal fennhat\u00f3s\u00e1ga alatt.<br \/>\n    Az \u00e1tmeneti id\u0151szak lej\u00e1rt\u00e1ig j\u00f3r\u00e9szt a jelenlegi szab\u00e1lyrendszer marad \u00e9rv\u00e9nyben az Eur\u00f3pai Uni\u00f3val fenn\u00e1ll\u00f3 viszonyban, vagyis legal\u00e1bb az idei \u00e9v v\u00e9g\u00e9ig semmif\u00e9le \u00e9rdemi v\u00e1ltoz\u00e1s nem lesz \u00e9rz\u00e9kelhet\u0151 olyan ter\u00fcleteken, mint az EU-\u00e1llampolg\u00e1rok jogosults\u00e1gai, a beutaz\u00e1s, a bev\u00e1ndorl\u00e1s szab\u00e1lyoz\u00e1sa, a l\u00e9gik\u00f6zleked\u00e9s vagy a kereskedelem.<br \/>\n    A brit v\u00e1laszt\u00f3k az EU-tags\u00e1gr\u00f3l 2016 j\u00fanius\u00e1ban tartott n\u00e9pszavaz\u00e1son d\u00f6nt\u00f6ttek \u00fagy, hogy az Egyes\u00fclt Kir\u00e1lys\u00e1g l\u00e9pjen ki az Eur\u00f3pai Uni\u00f3b\u00f3l: a referendumon a r\u00e9sztvev\u0151k sz\u0171k, 51,89 sz\u00e1zal\u00e9kos t\u00f6bbs\u00e9ge voksolt a t\u00e1voz\u00e1sra.<br \/>\n    A Brexit-folyamat azonban kor\u00e1ntsem a n\u00e9pszavaz\u00e1ssal kezd\u0151d\u00f6tt.<br \/>\n<div class=\"ads-in-post1\"><div id=\"gazdasagportal.hu_fullbanner_wideboard\"><\/div>\r\n<\/div>\n    A korm\u00e1nyz\u00f3 Konzervat\u00edv P\u00e1rt er\u0151teljesen EU-szkeptikus parlamenti sz\u00e1rnya m\u00e1r nem sokkal a p\u00e1rt 2010-ben aratott v\u00e1laszt\u00e1si gy\u0151zelme ut\u00e1n k\u00f6vetelni kezdte egy olyan &#8211; a brit politikai zsargonban &#8222;in or out&#8221; (maradni vagy kil\u00e9pni) n\u00e9ven emlegetett &#8211; referendum ki\u00edr\u00e1s\u00e1t, amely egy\u00e9rtelm\u0171en azt a k\u00e9rd\u00e9st teszi fel, hogy a brit v\u00e1laszt\u00f3k az EU-n bel\u00fcl vagy k\u00edv\u00fcl szeretn\u00e9k-e l\u00e1tni haz\u00e1jukat.<br \/>\n    David Cameron, az akkori minisztereln\u00f6k &#8211; aki eleinte ellenezte egy ilyen n\u00e9pszavaz\u00e1s ki\u00edr\u00e1s\u00e1t &#8211; 2013 janu\u00e1rj\u00e1ig tudott ellen\u00e1llni ennek a nyom\u00e1snak. Akkor viszont bejelentette, hogy a brit v\u00e1laszt\u00f3knak 2017 v\u00e9g\u00e9ig lehet\u0151s\u00e9g\u00fck lesz referendumon d\u00f6nteni haz\u00e1juk EU-tags\u00e1g\u00e1nak j\u00f6v\u0151j\u00e9r\u0151l, de addig a brit korm\u00e1ny megpr\u00f3b\u00e1lja \u00fajrat\u00e1rgyalni az uni\u00f3hoz f\u0171z\u0151d\u0151 viszonyrendszert.<br \/>\n    Az \u00fajrat\u00e1rgyal\u00e1si folyamat v\u00e9g\u00e9n Cameron deklar\u00e1lta, hogy a t\u00e1rgyal\u00e1sok sikerrel z\u00e1rultak, Nagy-Britannia &#8222;egyedi st\u00e1tust&#8221; v\u00edvott ki mag\u00e1nak az EU-n bel\u00fcl, \u00e9s \u0151 ennek alapj\u00e1n azt javasolta a v\u00e1laszt\u00f3knak, hogy a n\u00e9pszavaz\u00e1son a tov\u00e1bbi brit EU-tags\u00e1gra voksoljanak.<br \/>\n    Az ezzel ellent\u00e9tes eredm\u00e9nnyel v\u00e9gz\u0151d\u00f6tt n\u00e9pszavaz\u00e1s m\u00e1snapj\u00e1n Cameron bejelentette t\u00e1voz\u00e1s\u00e1t a korm\u00e1nyf\u0151i tiszts\u00e9gb\u0151l, majd k\u00e9pvisel\u0151i mand\u00e1tum\u00e1t is visszaadta, v\u00e9gleg kisz\u00e1llva a brit nagypolitik\u00e1b\u00f3l.<br \/>\n    Ut\u00f3dja, Theresa May &#8211; a Cameron-korm\u00e1ny volt bel\u00fcgyminisztere &#8211; a &#8222;kem\u00e9ny Brexit&#8221; strat\u00e9gi\u00e1j\u00e1t hirdette meg. Ennek l\u00e9nyege az volt, hogy az Egyes\u00fclt Kir\u00e1lys\u00e1gnak az EU egys\u00e9ges bels\u0151 piac\u00e1r\u00f3l \u00e9s v\u00e1muni\u00f3j\u00e1b\u00f3l is ki kell l\u00e9pnie, mivel nem k\u00edv\u00e1nja teljes\u00edteni azokat a felt\u00e9teleket &#8211; mindenekel\u0151tt a k\u00fclf\u00f6ldi EU-munkav\u00e1llal\u00f3k szabad leteleped\u00e9s\u00e9nek k\u00f6telm\u00e9t -, amelyek ezekhez az integr\u00e1ci\u00f3s szervez\u0151d\u00e9sekhez elv\u00e1laszthatatlanul k\u00f6t\u0151dnek.<br \/>\n    J\u00f3llehet a Brexit-folyamatba Theresa May is belebukott, miut\u00e1n a kil\u00e9p\u00e9s felt\u00e9telrendszer\u00e9r\u0151l az EU-val \u00e1ltala el\u00e9rt meg\u00e1llapod\u00e1st a londoni als\u00f3h\u00e1z h\u00e1romszor is leszavazta, a kem\u00e9ny Brexit \u00e1ltala meghirdetett strat\u00e9gi\u00e1ja t\u00fal\u00e9lte az \u0151 korm\u00e1nyf\u0151i p\u00e1lyafut\u00e1s\u00e1t: az Egyes\u00fclt Kir\u00e1lys\u00e1g szombatt\u00f3l nemcsak az Eur\u00f3pai Uni\u00f3nak, hanem az EU v\u00e1mun\u00f3j\u00e1nak \u00e9s egys\u00e9ges bels\u0151 piac\u00e1nak sem tagja.<br \/>\n    Az orsz\u00e1got Theresa May ut\u00f3dja, Boris Johnson jelenlegi konzervat\u00edv p\u00e1rti minisztereln\u00f6k vezette ki az Eur\u00f3pai Uni\u00f3b\u00f3l.<br \/>\n    Johnson el\u0151z\u0151leg r\u00e9szlegesen \u00fajrat\u00e1rgyalta a kil\u00e9p\u00e9si felt\u00e9telekr\u0151l sz\u00f3l\u00f3 meg\u00e1llapod\u00e1st az EU-val. \u0150 sem tudta azonban ratifik\u00e1ltatni a parlamenttel a Brexit-meg\u00e1llapod\u00e1s \u00faj v\u00e1ltozat\u00e1t, mindenekel\u0151tt az\u00e9rt, mert az el\u0151dje, Theresa May \u00e1ltal 2017-ben teljesen v\u00e1ratlanul ki\u00edrt parlamenti v\u00e1laszt\u00e1s ut\u00e1n a korm\u00e1nyz\u00f3 Konzervat\u00edv P\u00e1rt kisebbs\u00e9gbe ker\u00fclt, az ellenz\u00e9k pedig nem volt hajland\u00f3 t\u00e1mogatni a kil\u00e9p\u00e9si egyezm\u00e9nyt a Johnson \u00e1ltal megszabott felt\u00e9telekkel.<br \/>\n    Ebb\u0151l a helyzetb\u0151l Boris Johnson is el\u0151rehozott v\u00e1laszt\u00e1ssal pr\u00f3b\u00e1lta megtal\u00e1lni a kiutat, \u00e1m neki siker\u00fclt az, ami Theresa Maynek nem: a december 12-\u00e9n tartott v\u00e1laszt\u00e1son a Konzervat\u00edv P\u00e1rt a v\u00e1rtn\u00e1l j\u00f3val nagyobb gy\u0151zelmet aratott, \u00e9s az addigi kisebbs\u00e9gi korm\u00e1nyz\u00e1s ut\u00e1n k\u00e9nyelmes, 80 f\u0151s t\u00f6bbs\u00e9ggel alak\u00edthatott \u00faj frakci\u00f3t az als\u00f3h\u00e1zban.<br \/>\n    Ezut\u00e1n m\u00e1r nem jelentett probl\u00e9m\u00e1t a Brexit-meg\u00e1llapod\u00e1s ratifik\u00e1l\u00e1sa, ami a legut\u00f3bbi hetekben &#8211; miut\u00e1n a nem v\u00e1lasztott fels\u0151 kamara, a Lordok H\u00e1za is feladta r\u00f6vid ideig tart\u00f3 ellen\u00e1ll\u00e1s\u00e1t &#8211; le is zajlott.<br \/>\n    Az Egyes\u00fclt Kir\u00e1lys\u00e1g eredetileg tavaly m\u00e1rcius 29-\u00e9n l\u00e9pett volna ki az EU-b\u00f3l, de a Brexit-folyamatot k\u00eds\u00e9r\u0151 heves belpolitikai vit\u00e1k miatt Theresa May \u00e9s Boris Johnson is halaszt\u00e1sokat k\u00e9rt, amelyeket az EU rendre j\u00f3v\u00e1hagyott.<br \/>\n    A legut\u00f3bbi halaszt\u00e1si d\u00f6nt\u00e9s jel\u00f6lte ki a Brexit janu\u00e1r 31-i hat\u00e1rnapj\u00e1t, \u00e9s ez a hat\u00e1rid\u0151 az eddigiekt\u0151l elt\u00e9r\u0151en, a brit EU-tags\u00e1g p\u00e9ntek \u00e9jf\u00e9li megsz\u0171n\u00e9s\u00e9vel teljes\u00fclt is.(MTI)<\/p>\n","protected":false},"excerpt":{"rendered":"<p>Kil\u00e9pett az Eur\u00f3pai Uni\u00f3b\u00f3l az Egyes\u00fclt Kir\u00e1lys\u00e1g. A brit EU-tags\u00e1g az el\u0151zetesen kijel\u00f6lt id\u0151pontban, brit id\u0151 szerint p\u00e9nteken 23 \u00f3rakor, k\u00f6z\u00e9p-eur\u00f3pai id\u0151 szerint \u00e9jf\u00e9lkor sz\u0171nt meg.<\/p>\n","protected":false},"author":1001003,"featured_media":79078,"comment_status":"closed","ping_status":"open","sticky":false,"template":"","format":"standard","meta":[],"categories":[146,12],"tags":[],"_links":{"self":[{"href":"https:\/\/gazdasagportal.hu\/index.php\/wp-json\/wp\/v2\/posts\/123505"}],"collection":[{"href":"https:\/\/gazdasagportal.hu\/index.php\/wp-json\/wp\/v2\/posts"}],"about":[{"href":"https:\/\/gazdasagportal.hu\/index.php\/wp-json\/wp\/v2\/types\/post"}],"author":[{"embeddable":true,"href":"https:\/\/gazdasagportal.hu\/index.php\/wp-json\/wp\/v2\/users\/1001003"}],"replies":[{"embeddable":true,"href":"https:\/\/gazdasagportal.hu\/index.php\/wp-json\/wp\/v2\/comments?post=123505"}],"version-history":[{"count":1,"href":"https:\/\/gazdasagportal.hu\/index.php\/wp-json\/wp\/v2\/posts\/123505\/revisions"}],"predecessor-version":[{"id":123506,"href":"https:\/\/gazdasagportal.hu\/index.php\/wp-json\/wp\/v2\/posts\/123505\/revisions\/123506"}],"wp:featuredmedia":[{"embeddable":true,"href":"https:\/\/gazdasagportal.hu\/index.php\/wp-json\/wp\/v2\/media\/79078"}],"wp:attachment":[{"href":"https:\/\/gazdasagportal.hu\/index.php\/wp-json\/wp\/v2\/media?parent=123505"}],"wp:term":[{"taxonomy":"category","embeddable":true,"href":"https:\/\/gazdasagportal.hu\/index.php\/wp-json\/wp\/v2\/categories?post=123505"},{"taxonomy":"post_tag","embeddable":true,"href":"https:\/\/gazdasagportal.hu\/index.php\/wp-json\/wp\/v2\/tags?post=123505"}],"curies":[{"name":"wp","href":"https:\/\/api.w.org\/{rel}","templated":true}]}}