{"id":123503,"date":"2020-01-31T22:03:29","date_gmt":"2020-01-31T21:03:29","guid":{"rendered":"http:\/\/gazdasagportal.hu\/?p=123503"},"modified":"2020-01-31T22:03:29","modified_gmt":"2020-01-31T21:03:29","slug":"koronavirus-tovabb-emelkedett-a-fertozottek-szama-nemetorszagban","status":"publish","type":"post","link":"https:\/\/gazdasagportal.hu\/index.php\/koronavirus-tovabb-emelkedett-a-fertozottek-szama-nemetorszagban\/","title":{"rendered":"Koronav\u00edrus &#8211; Tov\u00e1bb emelkedett a fert\u0151z\u00f6ttek sz\u00e1ma N\u00e9metorsz\u00e1gban"},"content":{"rendered":"<p><strong>Tov\u00e1bb emelkedett \u00e9s p\u00e9ntek est\u00e9re el\u00e9rte a hetet az \u00faj t\u00edpus\u00fa koronav\u00edrussal bizony\u00edtottan fert\u0151z\u00f6ttek sz\u00e1ma N\u00e9metorsz\u00e1gban.<\/strong><!--more--><\/p>\n<div class=\"ads-in-post2\"><script async src=\"https:\/\/pagead2.googlesyndication.com\/pagead\/js\/adsbygoogle.js\"><\/script>\r\n<ins class=\"adsbygoogle\"\r\n     style=\"display:block\"\r\n     data-ad-format=\"fluid\"\r\n     data-ad-layout-key=\"-6t+ed+2i-1n-4w\"\r\n     data-ad-client=\"ca-pub-1959107119989764\"\r\n     data-ad-slot=\"4008251320\"><\/ins>\r\n<script>\r\n     (adsbygoogle = window.adsbygoogle || []).push({});\r\n<\/script><\/div>\n<p>    Az esetek tov\u00e1bbra is Bajororsz\u00e1g tartom\u00e1nyra korl\u00e1toz\u00f3dnak, \u00e9s \u00f6sszef\u00fcgg\u00e9sben \u00e1llnak az els\u0151 fert\u0151z\u00e9ssel, amely a Webasto nev\u0171 aut\u00f3ipari besz\u00e1ll\u00edt\u00f3 c\u00e9g egy tov\u00e1bbk\u00e9pz\u00e9s\u00e9n t\u00f6rt\u00e9nt janu\u00e1r 21-\u00e9n a t\u00e1rsas\u00e1g k\u00f6zpontj\u00e1ban, a M\u00fcnchen melletti Stockdorfban.<br \/>\n    Hat fert\u0151z\u00f6tt a Webasto munkat\u00e1rsa, a hetedik az egyik fert\u0151z\u00f6tt dolgoz\u00f3 gyermeke. \u00c1llapotuk stabil.<br \/>\n    A Webasto tov\u00e1bbk\u00e9pz\u00e9s\u00e9n egy k\u00ednai alkalmazottr\u00f3l terjedt \u00e1t a v\u00edrus egy helyi munkat\u00e1rsa. A sanghaji n\u0151 a n\u00e9metorsz\u00e1gi \u00fatja el\u0151tt megl\u00e1togatta sz\u00fcleit a j\u00e1rv\u00e1ny g\u00f3cpontj\u00e1ban, Vuhan t\u00e9rs\u00e9g\u00e9ben. A tov\u00e1bbk\u00e9pz\u00e9s idej\u00e9n t\u00fcnetmentes volt. Szervezet\u00e9ben hazat\u00e9r\u00e9se ut\u00e1n, janu\u00e1r 26-\u00e1n mutatt\u00e1k ki a v\u00edrust. Ez volt az els\u0151 olyan eset, amikor a v\u00edrus K\u00edn\u00e1n k\u00edv\u00fcl terjedt emberr\u0151l emberre.<br \/>\n<div class=\"ads-in-post1\"><div id=\"gazdasagportal.hu_fullbanner_wideboard\"><\/div>\r\n<\/div>\n    Ugyancsak p\u00e9nteken elindult a n\u00e9met l\u00e9gier\u0151 (Lutfwaffe) egy szem\u00e9lysz\u00e1ll\u00edt\u00f3 g\u00e9pe a Vuhanb\u00f3l a j\u00e1rv\u00e1ny miatt hazat\u00e9rni sz\u00e1nd\u00e9koz\u00f3 t\u00f6bb mint sz\u00e1z n\u00e9met \u00e1llampolg\u00e1r\u00e9rt. A g\u00e9p a tervek szerint szombaton \u00e9r vissza vel\u00fck, Frankfurtban landol. Az utasokat helyben megvizsg\u00e1lj\u00e1k, majd k\u00e9t h\u00e9tre &#8211; a koronav\u00edrus lehet\u0151 leghosszabb lappang\u00e1si idej\u00e9re &#8211; karant\u00e9nban helyezik el \u0151ket egy l\u00e9gi t\u00e1maszponton Rajna-vid\u00e9k-Pfalz tartom\u00e1nyban.<br \/>\n    A SARS (s\u00falyos akut l\u00e9gz\u0151szervi szindr\u00f3ma) v\u00edrussal azonos csal\u00e1dba tartoz\u00f3 \u00faj koronav\u00edrus (nCoV-2019) influenz\u00e1hoz hasonl\u00f3 t\u00fcneteket okoz, \u00e9s s\u00falyos l\u00e9gz\u0151szervi panaszokkal j\u00e1rhat. A v\u00edrus okozta j\u00e1rv\u00e1ny val\u00f3sz\u00edn\u0171leg egy vuhani piacon indult tavaly decemberben. K\u00edn\u00e1ban p\u00e9ntekig csaknem t\u00edzezer ember fert\u0151z\u0151d\u00f6tt meg, \u00e9s 213 ember meghalt. A v\u00edrus tov\u00e1bbi 20 orsz\u00e1gban jelent meg, hal\u00e1los \u00e1ldozatot K\u00edn\u00e1n k\u00edv\u00fcl nem szedett.(MTI)<\/p>\n","protected":false},"excerpt":{"rendered":"<p>Tov\u00e1bb emelkedett \u00e9s p\u00e9ntek est\u00e9re el\u00e9rte a hetet az \u00faj t\u00edpus\u00fa koronav\u00edrussal bizony\u00edtottan fert\u0151z\u00f6ttek sz\u00e1ma N\u00e9metorsz\u00e1gban.<\/p>\n","protected":false},"author":1001003,"featured_media":0,"comment_status":"closed","ping_status":"open","sticky":false,"template":"","format":"standard","meta":[],"categories":[12],"tags":[],"_links":{"self":[{"href":"https:\/\/gazdasagportal.hu\/index.php\/wp-json\/wp\/v2\/posts\/123503"}],"collection":[{"href":"https:\/\/gazdasagportal.hu\/index.php\/wp-json\/wp\/v2\/posts"}],"about":[{"href":"https:\/\/gazdasagportal.hu\/index.php\/wp-json\/wp\/v2\/types\/post"}],"author":[{"embeddable":true,"href":"https:\/\/gazdasagportal.hu\/index.php\/wp-json\/wp\/v2\/users\/1001003"}],"replies":[{"embeddable":true,"href":"https:\/\/gazdasagportal.hu\/index.php\/wp-json\/wp\/v2\/comments?post=123503"}],"version-history":[{"count":1,"href":"https:\/\/gazdasagportal.hu\/index.php\/wp-json\/wp\/v2\/posts\/123503\/revisions"}],"predecessor-version":[{"id":123504,"href":"https:\/\/gazdasagportal.hu\/index.php\/wp-json\/wp\/v2\/posts\/123503\/revisions\/123504"}],"wp:attachment":[{"href":"https:\/\/gazdasagportal.hu\/index.php\/wp-json\/wp\/v2\/media?parent=123503"}],"wp:term":[{"taxonomy":"category","embeddable":true,"href":"https:\/\/gazdasagportal.hu\/index.php\/wp-json\/wp\/v2\/categories?post=123503"},{"taxonomy":"post_tag","embeddable":true,"href":"https:\/\/gazdasagportal.hu\/index.php\/wp-json\/wp\/v2\/tags?post=123503"}],"curies":[{"name":"wp","href":"https:\/\/api.w.org\/{rel}","templated":true}]}}