{"id":123495,"date":"2020-01-31T16:35:39","date_gmt":"2020-01-31T15:35:39","guid":{"rendered":"http:\/\/gazdasagportal.hu\/?p=123495"},"modified":"2020-01-31T16:35:39","modified_gmt":"2020-01-31T15:35:39","slug":"koronavirus-ket-ember-eseteben-merult-fel-a-gyanu-magyarorszagon-az-eredmenyre-varunk","status":"publish","type":"post","link":"https:\/\/gazdasagportal.hu\/index.php\/koronavirus-ket-ember-eseteben-merult-fel-a-gyanu-magyarorszagon-az-eredmenyre-varunk\/","title":{"rendered":"Koronav\u00edrus &#8211; K\u00e9t ember eset\u00e9ben mer\u00fclt fel a gyan\u00fa Magyarorsz\u00e1gon, az eredm\u00e9nyre v\u00e1runk"},"content":{"rendered":"<p><strong>Magyarorsz\u00e1gon tov\u00e1bbra sincs koronav\u00edrusos beteg, de a nap folyam\u00e1n \u00e9rkezett egy minta Debrecenb\u0151l, amelynek laborat\u00f3riumi eredm\u00e9nye hamarosan meglesz &#8211; k\u00f6z\u00f6lte az orsz\u00e1gos tisztif\u0151orvos p\u00e9nteken Budapesten, sajt\u00f3t\u00e1j\u00e9koztat\u00f3n.<\/strong><!--more--><\/p>\n<div class=\"ads-in-post2\"><script async src=\"https:\/\/pagead2.googlesyndication.com\/pagead\/js\/adsbygoogle.js\"><\/script>\r\n<ins class=\"adsbygoogle\"\r\n     style=\"display:block\"\r\n     data-ad-format=\"fluid\"\r\n     data-ad-layout-key=\"-6t+ed+2i-1n-4w\"\r\n     data-ad-client=\"ca-pub-1959107119989764\"\r\n     data-ad-slot=\"4008251320\"><\/ins>\r\n<script>\r\n     (adsbygoogle = window.adsbygoogle || []).push({});\r\n<\/script><\/div>\n<p>    M\u00fcller Cec\u00edlia ezzel kapcsolatban annyit mondott, hogy k\u00e9t ember eset\u00e9ben mer\u00fclt fel a gyan\u00fa: egyik\u00fckn\u00e9l kiz\u00e1rt\u00e1k a betegs\u00e9g lehet\u0151s\u00e9g\u00e9t, de m\u00e1sikukn\u00e1l laborat\u00f3riumi vizsg\u00e1latot v\u00e9geznek. Az orsz\u00e1gos tisztif\u0151orvos hozz\u00e1tette, ez ink\u00e1bb &#8222;a biztons\u00e1gra val\u00f3 t\u00f6rekv\u00e9st&#8221; jelzi, &#8222;nem sz\u00e1m\u00edt pozitivit\u00e1sra&#8221;.<br \/>\n    A szakember elmondta azt is, hogy a k\u00ednai Hupej tartom\u00e1nyban tart\u00f3zkod\u00f3 magyarok tov\u00e1bbra is eg\u00e9szs\u00e9gesek, \u00e9s amennyiben haza szeretn\u00e9nek t\u00e9rni, sz\u00e1ll\u00edt\u00e1sukr\u00f3l \u00e9s annak k\u00f6r\u00fclm\u00e9nyeir\u0151l az operat\u00edv t\u00f6rzs d\u00f6nt majd. Itthon felk\u00e9sz\u00fcltek a fogad\u00e1sukra, \u00e9s val\u00f3sz\u00edn\u0171leg a betegs\u00e9g lappang\u00e1si idej\u00e9re elk\u00fcl\u00f6n\u00edtik majd \u0151ket -jelezte M\u00fcller Cec\u00edlia.<br \/>\n    P\u00e9ntek reggeli adatokat ismertetve az orsz\u00e1gos tisztif\u0151orvos elmondta, eddig 9834 embern\u00e9l igazolt\u00e1k a v\u00edrust vil\u00e1gszerte, Franciaorsz\u00e1gban hat, N\u00e9metorsz\u00e1gban \u00f6t, Finnorsz\u00e1gban egy, Olaszorsz\u00e1gban k\u00e9t fert\u0151z\u00f6ttr\u0151l tudnak.<br \/>\n    Magyarorsz\u00e1gon nincs megbeteged\u00e9s, \u00e9s ezt a kedvez\u0151 helyzetet igyekeznek fenntartani, ugyanakkor kiz\u00e1rni sem lehet, hogy a v\u00edrust valaki behurcolja &#8211; mondta. Ez\u00e9rt adt\u00e1k ki az eg\u00e9szs\u00e9g\u00fcgyi \u00e9s fels\u0151oktat\u00e1si int\u00e9zm\u00e9nyeknek sz\u00f3l\u00f3 elj\u00e1r\u00e1srendet, hogy seg\u00edts\u00e9k \u0151ket a gyan\u00fas esetek kisz\u0171r\u00e9s\u00e9ben &#8211; f\u0171zte hozz\u00e1.<br \/>\n    M\u00fcller Cec\u00edlia elmondta, hogy az Eg\u00e9szs\u00e9g\u00fcgyi Vil\u00e1gszervezet (WHO) cs\u00fct\u00f6rt\u00f6k\u00f6n j\u00e1rv\u00e1ny\u00fcgyi v\u00e9szhelyzetet hirdetett, amelynek sor\u00e1n aj\u00e1nl\u00e1sokat fogalmazott meg K\u00edna \u00e9s m\u00e1s orsz\u00e1gok sz\u00e1m\u00e1ra. Az orsz\u00e1gos tisztif\u0151orvos szerint a WHO \u00e1ltal aj\u00e1nlott int\u00e9zked\u00e9sek z\u00f6m\u00e9t Magyarorsz\u00e1gon m\u00e1r bevezett\u00e9k, azonban &#8211; mint mondta &#8211; el\u0151\u00e1llhatnak olyan helyzetek, amik ezek fel\u00fclvizsg\u00e1lat\u00e1t teszik sz\u00fcks\u00e9gess\u00e9.<br \/>\n<div class=\"ads-in-post1\"><div id=\"gazdasagportal.hu_fullbanner_wideboard\"><\/div>\r\n<\/div>\n    K\u00e9rd\u00e9sre v\u00e1laszolva hangs\u00falyozta azt is, hogy a k\u00f3rh\u00e1zakban van elegend\u0151 v\u00e9d\u0151felszel\u00e9s \u00e9s fert\u0151tlen\u00edt\u0151szer.<br \/>\n    A szakember meger\u0151s\u00edtette, hogy a higi\u00e9niai szab\u00e1lyok betart\u00e1s\u00e1val sokat lehet tenni a megbeteged\u00e9sek megel\u0151z\u00e9s\u00e9\u00e9rt. A naponta t\u00f6bbsz\u00f6ri szappanos k\u00e9zmos\u00e1s, k\u00e9zfert\u0151tlen\u00edt\u00e9s, a zsebkend\u0151haszn\u00e1lat ut\u00e1ni k\u00e9zmos\u00e1s \u00e9s a sz\u00e1jmaszk haszn\u00e1lata indokolt j\u00e1rv\u00e1nyos id\u0151szakban.<br \/>\n    S\u00f6lch Gell\u00e9rt, az Emberi Er\u0151forr\u00e1sok Miniszt\u00e9rium\u00e1nak helyettes \u00e1llamtitk\u00e1ra elmondta, az \u00faj koronav\u00edrusos j\u00e1rv\u00e1nyt a korm\u00e1ny komolyan veszi, \u00e9s megkezdte m\u0171k\u00f6d\u00e9s\u00e9t az operat\u00edv t\u00f6rzs a megel\u0151z\u00e9s \u00e9s a k\u00fcl\u00f6nb\u00f6z\u0151 int\u00e9zked\u00e9sek \u00f6sszehangol\u00e1s\u00e1ra.<br \/>\n    Hozz\u00e1tette: a v\u00e9dekez\u00e9sre biztos\u00edtott a k\u00f6lts\u00e9gkeret, az eddigi int\u00e9zked\u00e9sek nem ig\u00e9nyeltek a megl\u00e9v\u0151n\u00e9l t\u00f6bb forr\u00e1st.<br \/>\n    Kis Zolt\u00e1n, a Nemzeti N\u00e9peg\u00e9szs\u00e9g\u00fcgyi K\u00f6zpont (NNK) virol\u00f3gusa a diagnosztik\u00e1r\u00f3l t\u00e1j\u00e9koztatott; kiz\u00e1r\u00f3lag az NNK laborat\u00f3rium\u00e1ban diagnosztiz\u00e1lnak Magyarorsz\u00e1gon. Azt is elmondta, hogy az NNK nemzeti biztons\u00e1gi laborat\u00f3riuma arra is felk\u00e9sz\u00fclt, hogy r\u00e9szt tudjon venni az \u00faj koronav\u00edrus elleni vakcina kifejleszt\u00e9s\u00e9ben.(MTI)<\/p>\n","protected":false},"excerpt":{"rendered":"<p>Magyarorsz\u00e1gon tov\u00e1bbra sincs koronav\u00edrusos beteg, de a nap folyam\u00e1n \u00e9rkezett egy minta Debrecenb\u0151l, amelynek laborat\u00f3riumi eredm\u00e9nye hamarosan meglesz &#8211; k\u00f6z\u00f6lte az orsz\u00e1gos tisztif\u0151orvos p\u00e9nteken Budapesten, sajt\u00f3t\u00e1j\u00e9koztat\u00f3n.<\/p>\n","protected":false},"author":1,"featured_media":0,"comment_status":"closed","ping_status":"open","sticky":false,"template":"","format":"standard","meta":[],"categories":[4],"tags":[],"_links":{"self":[{"href":"https:\/\/gazdasagportal.hu\/index.php\/wp-json\/wp\/v2\/posts\/123495"}],"collection":[{"href":"https:\/\/gazdasagportal.hu\/index.php\/wp-json\/wp\/v2\/posts"}],"about":[{"href":"https:\/\/gazdasagportal.hu\/index.php\/wp-json\/wp\/v2\/types\/post"}],"author":[{"embeddable":true,"href":"https:\/\/gazdasagportal.hu\/index.php\/wp-json\/wp\/v2\/users\/1"}],"replies":[{"embeddable":true,"href":"https:\/\/gazdasagportal.hu\/index.php\/wp-json\/wp\/v2\/comments?post=123495"}],"version-history":[{"count":1,"href":"https:\/\/gazdasagportal.hu\/index.php\/wp-json\/wp\/v2\/posts\/123495\/revisions"}],"predecessor-version":[{"id":123496,"href":"https:\/\/gazdasagportal.hu\/index.php\/wp-json\/wp\/v2\/posts\/123495\/revisions\/123496"}],"wp:attachment":[{"href":"https:\/\/gazdasagportal.hu\/index.php\/wp-json\/wp\/v2\/media?parent=123495"}],"wp:term":[{"taxonomy":"category","embeddable":true,"href":"https:\/\/gazdasagportal.hu\/index.php\/wp-json\/wp\/v2\/categories?post=123495"},{"taxonomy":"post_tag","embeddable":true,"href":"https:\/\/gazdasagportal.hu\/index.php\/wp-json\/wp\/v2\/tags?post=123495"}],"curies":[{"name":"wp","href":"https:\/\/api.w.org\/{rel}","templated":true}]}}