{"id":123493,"date":"2020-01-31T16:16:32","date_gmt":"2020-01-31T15:16:32","guid":{"rendered":"http:\/\/gazdasagportal.hu\/?p=123493"},"modified":"2020-01-31T15:56:20","modified_gmt":"2020-01-31T14:56:20","slug":"megdolt-a-napi-melegrekord-3","status":"publish","type":"post","link":"https:\/\/gazdasagportal.hu\/index.php\/megdolt-a-napi-melegrekord-3\/","title":{"rendered":"Megd\u0151lt a napi melegrekord"},"content":{"rendered":"<p><strong>Janu\u00e1r utols\u00f3 napj\u00e1n megd\u0151lt a napi melegrekord &#8211; k\u00f6z\u00f6lte az Orsz\u00e1gos Meteorol\u00f3giai Szolg\u00e1lat p\u00e9ntek d\u00e9lut\u00e1n Facebook-oldal\u00e1n.<\/strong><!--more--><\/p>\n<div class=\"ads-in-post2\"><script async src=\"https:\/\/pagead2.googlesyndication.com\/pagead\/js\/adsbygoogle.js\"><\/script>\r\n<ins class=\"adsbygoogle\"\r\n     style=\"display:block\"\r\n     data-ad-format=\"fluid\"\r\n     data-ad-layout-key=\"-6t+ed+2i-1n-4w\"\r\n     data-ad-client=\"ca-pub-1959107119989764\"\r\n     data-ad-slot=\"4008251320\"><\/ins>\r\n<script>\r\n     (adsbygoogle = window.adsbygoogle || []).push({});\r\n<\/script><\/div>\n<p>    Azt \u00edrt\u00e1k: f\u00e9l h\u00e1romkor Dr\u00e1vaszabolcsban 16,7 fokot m\u00e9rt az automata m\u00e9r\u0151m\u0171szer, \u00edgy ezzel megd\u0151lt az 1965-ben Homokszentgy\u00f6rgy\u00f6n regisztr\u00e1lt napi cs\u00facs. A szomsz\u00e9dos K\u00e9mesen is 16,5 fokot m\u00e9rtek, de a rekord Dr\u00e1vaszabolcs\u00e9.<br \/>\n    A Dun\u00e1nt\u00falon \u00e9s a Duna-Tisza k\u00f6z\u00e9n n\u00e9h\u00e1ny hegyvid\u00e9ki \u00e9s k\u00f6zvetlen\u00fcl a Balaton partj\u00e1n l\u00e9v\u0151 m\u00e9r\u0151\u00e1llom\u00e1st lesz\u00e1m\u00edtva minden\u00fctt 11 fok f\u00f6l\u00e9 melegedett a leveg\u0151 a d\u00e9lut\u00e1n folyam\u00e1n.<br \/>\n<div class=\"ads-in-post1\"><div id=\"gazdasagportal.hu_fullbanner_wideboard\"><\/div>\r\n<\/div>\n    \u00c9rdekess\u00e9gk\u00e9nt azt is megjegyezt\u00e9k, hogy az \u00e9szakkeleti hat\u00e1rvid\u00e9ken a rekordhoz k\u00e9pest nagyj\u00e1b\u00f3l 14 fokkal volt hidegebb.<br \/>\n    Az el\u0151rejelz\u00e9s szerint a h\u00e9tv\u00e9g\u00e9n, febru\u00e1r els\u0151 napjaiban is enyhe lesz az id\u0151. T\u00f6bbfel\u00e9 15 Celsius-fok k\u00f6r\u00fcl alakulnak majd a maximumok.(MTI)<\/p>\n","protected":false},"excerpt":{"rendered":"<p>Janu\u00e1r utols\u00f3 napj\u00e1n megd\u0151lt a napi melegrekord &#8211; k\u00f6z\u00f6lte az Orsz\u00e1gos Meteorol\u00f3giai Szolg\u00e1lat p\u00e9ntek d\u00e9lut\u00e1n Facebook-oldal\u00e1n.<\/p>\n","protected":false},"author":1,"featured_media":0,"comment_status":"closed","ping_status":"open","sticky":false,"template":"","format":"standard","meta":[],"categories":[4],"tags":[],"_links":{"self":[{"href":"https:\/\/gazdasagportal.hu\/index.php\/wp-json\/wp\/v2\/posts\/123493"}],"collection":[{"href":"https:\/\/gazdasagportal.hu\/index.php\/wp-json\/wp\/v2\/posts"}],"about":[{"href":"https:\/\/gazdasagportal.hu\/index.php\/wp-json\/wp\/v2\/types\/post"}],"author":[{"embeddable":true,"href":"https:\/\/gazdasagportal.hu\/index.php\/wp-json\/wp\/v2\/users\/1"}],"replies":[{"embeddable":true,"href":"https:\/\/gazdasagportal.hu\/index.php\/wp-json\/wp\/v2\/comments?post=123493"}],"version-history":[{"count":1,"href":"https:\/\/gazdasagportal.hu\/index.php\/wp-json\/wp\/v2\/posts\/123493\/revisions"}],"predecessor-version":[{"id":123494,"href":"https:\/\/gazdasagportal.hu\/index.php\/wp-json\/wp\/v2\/posts\/123493\/revisions\/123494"}],"wp:attachment":[{"href":"https:\/\/gazdasagportal.hu\/index.php\/wp-json\/wp\/v2\/media?parent=123493"}],"wp:term":[{"taxonomy":"category","embeddable":true,"href":"https:\/\/gazdasagportal.hu\/index.php\/wp-json\/wp\/v2\/categories?post=123493"},{"taxonomy":"post_tag","embeddable":true,"href":"https:\/\/gazdasagportal.hu\/index.php\/wp-json\/wp\/v2\/tags?post=123493"}],"curies":[{"name":"wp","href":"https:\/\/api.w.org\/{rel}","templated":true}]}}