{"id":123487,"date":"2020-01-31T15:16:16","date_gmt":"2020-01-31T14:16:16","guid":{"rendered":"http:\/\/gazdasagportal.hu\/?p=123487"},"modified":"2020-01-31T15:16:16","modified_gmt":"2020-01-31T14:16:16","slug":"koronavirus-ket-fertozottet-talaltak-oroszorszagban-is","status":"publish","type":"post","link":"https:\/\/gazdasagportal.hu\/index.php\/koronavirus-ket-fertozottet-talaltak-oroszorszagban-is\/","title":{"rendered":"Koronav\u00edrus &#8211; K\u00e9t fert\u0151z\u00f6ttet tal\u00e1ltak Oroszorsz\u00e1gban is"},"content":{"rendered":"<p><strong>K\u00e9t \u00faj koronav\u00edrus-fert\u0151z\u00f6tt szem\u00e9lyt azonos\u00edtottak Oroszorsz\u00e1gban &#8211; jelentette ki Tatyjana Golikova, a j\u00e1rv\u00e1ny elleni v\u00e9dekez\u00e9st ir\u00e1ny\u00edt\u00f3 t\u00f6rzset ir\u00e1ny\u00edt\u00f3 orosz minisztereln\u00f6k-helyettes \u00fajs\u00e1g\u00edr\u00f3knak p\u00e9nteken Moszkv\u00e1ban.<\/strong><!--more--><\/p>\n<div class=\"ads-in-post2\"><script async src=\"https:\/\/pagead2.googlesyndication.com\/pagead\/js\/adsbygoogle.js\"><\/script>\r\n<ins class=\"adsbygoogle\"\r\n     style=\"display:block\"\r\n     data-ad-format=\"fluid\"\r\n     data-ad-layout-key=\"-6t+ed+2i-1n-4w\"\r\n     data-ad-client=\"ca-pub-1959107119989764\"\r\n     data-ad-slot=\"4008251320\"><\/ins>\r\n<script>\r\n     (adsbygoogle = window.adsbygoogle || []).push({});\r\n<\/script><\/div>\n<p>    Ez volt az els\u0151 eset, hogy a vuhani eredet\u0171 k\u00f3r felbukkant Oroszorsz\u00e1gban. Az egyik fert\u0151z\u00f6ttn\u00e9l a Bajk\u00e1lont\u00fali ter\u00fcleten, a m\u00e1sikn\u00e1l Tyumeny megy\u00e9ben diagnosztiz\u00e1ltak koronav\u00edrus-fert\u0151z\u00e9st.<br \/>\n    Mindk\u00e9t \u00e9rintett k\u00ednai \u00e1llampolg\u00e1r. Anna Popova, az orosz fogyaszt\u00f3v\u00e9delmi fel\u00fcgyelet (Roszpotrebnadzor) vezet\u0151je k\u00f6z\u00f6lte, hogy a betegs\u00e9g oroszorsz\u00e1gi terjed\u00e9s\u00e9nek vesz\u00e9lye nem \u00e1ll fenn, mert mindk\u00e9t fert\u0151z\u00f6ttet elk\u00fcl\u00f6n\u00edtett\u00e9k.<br \/>\n    A h\u00f3nap folyam\u00e1n kor\u00e1bban egy\u00e9bk\u00e9nt mind\u00e9t fert\u0151z\u00f6tt megfordult K\u00edn\u00e1ban. Popova szerint mindkett\u0151j\u00fckn\u00e9l heveny l\u00e9g\u00fati fert\u0151z\u00e9ses megbeteged\u00e9st \u00e9szleltek, n\u00e9mi l\u00e1zzal. Betegs\u00e9g\u00fck az orosz szak\u00e9rt\u0151 szerint k\u00f6nny\u0171 lefoly\u00e1s\u00fa, \u00e1llapotuk stabil.<br \/>\n    Popova bejelentette, hogy a j\u00e1rv\u00e1ny miatt Oroszorsz\u00e1g megkezdte \u00e1llampolg\u00e1rainak evaku\u00e1l\u00e1s\u00e1t a k\u00ednai Hupej tartom\u00e1nyb\u00f3l \u00e9s Vuhan v\u00e1rosb\u00f3l. Mint mondta, az \u00e9rintettek &#8211; sz\u00e1muk a sajt\u00f3ban megjelent adatok szerint mintegy 600 f\u0151 lehet &#8211; v\u00e1laszthatnak a hazat\u00e9r\u00e9s \u00e9s a marad\u00e1s k\u00f6z\u00f6tt. Azokat, akik a hazasz\u00e1ll\u00edt\u00e1s mellett d\u00f6ntenek, 14 napig karant\u00e9nban fogj\u00e1k tartani Oroszorsz\u00e1gban.<br \/>\n<div class=\"ads-in-post1\"><div id=\"gazdasagportal.hu_fullbanner_wideboard\"><\/div>\r\n<\/div>\n    Golikova k\u00f6z\u00f6lte, hogy az Aeroflot pekingi, sanghaji, kantoni \u00e9s hongkongi j\u00e1ratai, valamint a k\u00ednai l\u00e9git\u00e1rsas\u00e1gok menetrend szerinti j\u00e1ratai kiv\u00e9tel\u00e9vel le\u00e1ll\u00edtj\u00e1k a l\u00e9giutas-k\u00f6zleked\u00e9st a k\u00e9t orsz\u00e1g k\u00f6z\u00f6tt. A nap folyam\u00e1n kor\u00e1bban ismertt\u00e9 v\u00e1lt, hogy a moszkvai Seremetyjevo nemzetk\u00f6zi rep\u00fcl\u0151t\u00e9ren az \u00f6sszes l\u00e9git\u00e1rsas\u00e1g k\u00ednai j\u00e1ratainak fogad\u00e1s\u00e1t az F termin\u00e1lra ir\u00e1ny\u00edtott\u00e1k \u00e1t.<br \/>\n    A minisztereln\u00f6k-helyettes szerint nem fogj\u00e1k beengedni Oroszorsz\u00e1gba a Mong\u00f3li\u00e1n \u00e1t tranzit\u00e1l\u00f3 k\u00ednai \u00e1llampolg\u00e1rokat \u00e9s Moszkva fontol\u00f3ra vette a munkav\u00e1llal\u00f3i v\u00edzumok kiad\u00e1s\u00e1nak felf\u00fcggeszt\u00e9s\u00e9t is a k\u00ednaiak sz\u00e1m\u00e1ra. Golikova ugyanakkor azt mondta, hogy az orosz vezet\u00e9s nem sz\u00e1nd\u00e9kozik le\u00e1ll\u00edttatni a postai \u00e9s a tehersz\u00e1ll\u00edt\u00e1sokat a k\u00e9t orsz\u00e1g k\u00f6z\u00f6tt.<br \/>\n     A Roszpotrebnadzor p\u00e9nteken \u00fajabb javaslatokat tett k\u00f6zz\u00e9 a j\u00e1rv\u00e1ny megel\u0151z\u00e9se \u00e9rdek\u00e9ben. Ezekben a hat\u00f3s\u00e1g a szem\u00e9lyi higi\u00e9ni\u00e9s szab\u00e1lyok szigor\u00fa betart\u00e1sa mellett egyebek k\u00f6z\u00f6tt az egyszer haszn\u00e1latos v\u00e9d\u0151keszty\u0171 \u00e9s a maszk visel\u00e9s\u00e9t, valamint a hossz\u00fa haj kibont\u00e1s\u00e1t\u00f3l val\u00f3 tart\u00f3zkod\u00e1st tan\u00e1csolta a nyilv\u00e1nos helyeken.<br \/>\n    A Kommerszant c\u00edm\u0171 orosz gazdas\u00e1gi napilap piaci szerepl\u0151kre hivatkozva azt \u00edrta, hogy mintegy k\u00e9t h\u00e9ttel elhalasztott\u00e1k a k\u00ednai gy\u00e1rt\u00f3k \u00e9s az Apple mobiltelefonjaik oroszorsz\u00e1gi sz\u00e1ll\u00edt\u00e1s\u00e1t a koronav\u00edrus terjed\u00e9se miatt. A halaszt\u00e1s oka, hogy ezekn\u00e9l a c\u00e9gekn\u00e9l a j\u00e1rv\u00e1ny miatt febru\u00e1r 10-ig meghosszabb\u00edtott\u00e1k az alkalmazottak hold\u00faj\u00e9vi szabads\u00e1g\u00e1t. A lap szerint nem kiz\u00e1rt, hogy a k\u00e9nyszervak\u00e1ci\u00f3 m\u00e9g enn\u00e9l is tov\u00e1bb tart majd K\u00edn\u00e1ban.(MTI)<\/p>\n","protected":false},"excerpt":{"rendered":"<p>K\u00e9t \u00faj koronav\u00edrus-fert\u0151z\u00f6tt szem\u00e9lyt azonos\u00edtottak Oroszorsz\u00e1gban &#8211; jelentette ki Tatyjana Golikova, a j\u00e1rv\u00e1ny elleni v\u00e9dekez\u00e9st ir\u00e1ny\u00edt\u00f3 t\u00f6rzset ir\u00e1ny\u00edt\u00f3 orosz minisztereln\u00f6k-helyettes \u00fajs\u00e1g\u00edr\u00f3knak p\u00e9nteken Moszkv\u00e1ban.<\/p>\n","protected":false},"author":1,"featured_media":0,"comment_status":"closed","ping_status":"open","sticky":false,"template":"","format":"standard","meta":[],"categories":[12],"tags":[],"_links":{"self":[{"href":"https:\/\/gazdasagportal.hu\/index.php\/wp-json\/wp\/v2\/posts\/123487"}],"collection":[{"href":"https:\/\/gazdasagportal.hu\/index.php\/wp-json\/wp\/v2\/posts"}],"about":[{"href":"https:\/\/gazdasagportal.hu\/index.php\/wp-json\/wp\/v2\/types\/post"}],"author":[{"embeddable":true,"href":"https:\/\/gazdasagportal.hu\/index.php\/wp-json\/wp\/v2\/users\/1"}],"replies":[{"embeddable":true,"href":"https:\/\/gazdasagportal.hu\/index.php\/wp-json\/wp\/v2\/comments?post=123487"}],"version-history":[{"count":1,"href":"https:\/\/gazdasagportal.hu\/index.php\/wp-json\/wp\/v2\/posts\/123487\/revisions"}],"predecessor-version":[{"id":123488,"href":"https:\/\/gazdasagportal.hu\/index.php\/wp-json\/wp\/v2\/posts\/123487\/revisions\/123488"}],"wp:attachment":[{"href":"https:\/\/gazdasagportal.hu\/index.php\/wp-json\/wp\/v2\/media?parent=123487"}],"wp:term":[{"taxonomy":"category","embeddable":true,"href":"https:\/\/gazdasagportal.hu\/index.php\/wp-json\/wp\/v2\/categories?post=123487"},{"taxonomy":"post_tag","embeddable":true,"href":"https:\/\/gazdasagportal.hu\/index.php\/wp-json\/wp\/v2\/tags?post=123487"}],"curies":[{"name":"wp","href":"https:\/\/api.w.org\/{rel}","templated":true}]}}