{"id":123485,"date":"2020-01-31T14:27:58","date_gmt":"2020-01-31T13:27:58","guid":{"rendered":"http:\/\/gazdasagportal.hu\/?p=123485"},"modified":"2020-01-31T14:27:58","modified_gmt":"2020-01-31T13:27:58","slug":"kozterulet-hasznalati-engedelyhez-kototte-az-elektromos-rollerek-utcai-tarolasat-terezvaros","status":"publish","type":"post","link":"https:\/\/gazdasagportal.hu\/index.php\/kozterulet-hasznalati-engedelyhez-kototte-az-elektromos-rollerek-utcai-tarolasat-terezvaros\/","title":{"rendered":"K\u00f6zter\u00fclet-haszn\u00e1lati enged\u00e9lyhez k\u00f6t\u00f6tte az elektromos rollerek utcai t\u00e1rol\u00e1s\u00e1t Ter\u00e9zv\u00e1ros"},"content":{"rendered":"<p><strong>A biztons\u00e1gos k\u00f6zleked\u00e9s \u00e9s a rendezett utcak\u00e9p \u00e9rdek\u00e9ben a febru\u00e1r elsej\u00e9t\u0151l, szombatt\u00f3l k\u00f6zter\u00fclet-haszn\u00e1lati enged\u00e9lyhez k\u00f6ti az elektromos rollerek parkoltat\u00e1s\u00e1t Ter\u00e9zv\u00e1ros &#8211; k\u00f6z\u00f6lte a VI. ker\u00fcleti \u00f6nkorm\u00e1nyzat az MTI-vel.<\/strong><!--more--><\/p>\n<div class=\"ads-in-post2\"><script async src=\"https:\/\/pagead2.googlesyndication.com\/pagead\/js\/adsbygoogle.js\"><\/script>\r\n<ins class=\"adsbygoogle\"\r\n     style=\"display:block\"\r\n     data-ad-format=\"fluid\"\r\n     data-ad-layout-key=\"-6t+ed+2i-1n-4w\"\r\n     data-ad-client=\"ca-pub-1959107119989764\"\r\n     data-ad-slot=\"4008251320\"><\/ins>\r\n<script>\r\n     (adsbygoogle = window.adsbygoogle || []).push({});\r\n<\/script><\/div>\n<p>    Az elektromos rollerek gyakran hevernek a k\u00f6zleked\u00e9st akad\u00e1lyozva a j\u00e1rda k\u00f6zep\u00e9n, \u00fattesten, a h\u00e1zak bej\u00e1rat\u00e1n\u00e1l. A rollerez\u0151k, vagy a j\u00e1rd\u00e1n ker\u00fclgetik a gyalogosokat &#8211; ami a Bel\u00fcgyminiszt\u00e9rium szerint szab\u00e1lytalan &#8211; vagy saj\u00e1t magukat is vesz\u00e9lyeztetik az \u00fattesten, az aut\u00f3k k\u00f6z\u00f6tt. A VI. ker\u00fcletben a rendk\u00edv\u00fcl sz\u0171k utc\u00e1k miatt, a biztons\u00e1gos rollerez\u00e9s felt\u00e9telei nem adottak &#8211; olvashat\u00f3 az MTI-hez eljuttatott k\u00f6zlem\u00e9nyben.<br \/>\n<div class=\"ads-in-post1\"><div id=\"gazdasagportal.hu_fullbanner_wideboard\"><\/div>\r\n<\/div>\n    Mint \u00edrt\u00e1k, az elektromos rollert ma Budapesten els\u0151sorban nem a v\u00e1rosban \u00e9l\u0151k veszik ig\u00e9nybe az aut\u00f3kat kiv\u00e1ltva, hanem a turist\u00e1k haszn\u00e1lj\u00e1k a k\u00f6z\u00f6ss\u00e9gi k\u00f6zleked\u00e9s \u00e9s a gyalogl\u00e1s helyett. &#8222;R\u00e1ad\u00e1sul az elektromos rollereket \u00fczemeltet\u0151 c\u00e9gek \u00fagy veszik ig\u00e9nybe a ker\u00fclet k\u00f6ztereit, hogy semmivel nem kompenz\u00e1lj\u00e1k az okozott k\u00e1rokat, nem adnak vissza semmit a ker\u00fcletben \u00e9l\u0151knek&#8221; &#8211; fogalmaztak.<br \/>\n    Mindez\u00e9rt Ter\u00e9zv\u00e1ros k\u00e9pvisel\u0151-test\u00fclete legut\u00f3bbi \u00fcl\u00e9s\u00e9n d\u00f6nt\u00f6tt az enged\u00e9lyeztet\u00e9si k\u00f6telezetts\u00e9gr\u0151l.(MTI)<\/p>\n","protected":false},"excerpt":{"rendered":"<p>A biztons\u00e1gos k\u00f6zleked\u00e9s \u00e9s a rendezett utcak\u00e9p \u00e9rdek\u00e9ben a febru\u00e1r elsej\u00e9t\u0151l, szombatt\u00f3l k\u00f6zter\u00fclet-haszn\u00e1lati enged\u00e9lyhez k\u00f6ti az elektromos rollerek parkoltat\u00e1s\u00e1t Ter\u00e9zv\u00e1ros &#8211; k\u00f6z\u00f6lte a VI. ker\u00fcleti \u00f6nkorm\u00e1nyzat az MTI-vel.<\/p>\n","protected":false},"author":1,"featured_media":0,"comment_status":"closed","ping_status":"open","sticky":false,"template":"","format":"standard","meta":[],"categories":[4],"tags":[],"_links":{"self":[{"href":"https:\/\/gazdasagportal.hu\/index.php\/wp-json\/wp\/v2\/posts\/123485"}],"collection":[{"href":"https:\/\/gazdasagportal.hu\/index.php\/wp-json\/wp\/v2\/posts"}],"about":[{"href":"https:\/\/gazdasagportal.hu\/index.php\/wp-json\/wp\/v2\/types\/post"}],"author":[{"embeddable":true,"href":"https:\/\/gazdasagportal.hu\/index.php\/wp-json\/wp\/v2\/users\/1"}],"replies":[{"embeddable":true,"href":"https:\/\/gazdasagportal.hu\/index.php\/wp-json\/wp\/v2\/comments?post=123485"}],"version-history":[{"count":1,"href":"https:\/\/gazdasagportal.hu\/index.php\/wp-json\/wp\/v2\/posts\/123485\/revisions"}],"predecessor-version":[{"id":123486,"href":"https:\/\/gazdasagportal.hu\/index.php\/wp-json\/wp\/v2\/posts\/123485\/revisions\/123486"}],"wp:attachment":[{"href":"https:\/\/gazdasagportal.hu\/index.php\/wp-json\/wp\/v2\/media?parent=123485"}],"wp:term":[{"taxonomy":"category","embeddable":true,"href":"https:\/\/gazdasagportal.hu\/index.php\/wp-json\/wp\/v2\/categories?post=123485"},{"taxonomy":"post_tag","embeddable":true,"href":"https:\/\/gazdasagportal.hu\/index.php\/wp-json\/wp\/v2\/tags?post=123485"}],"curies":[{"name":"wp","href":"https:\/\/api.w.org\/{rel}","templated":true}]}}