{"id":123483,"date":"2020-01-31T13:48:57","date_gmt":"2020-01-31T12:48:57","guid":{"rendered":"http:\/\/gazdasagportal.hu\/?p=123483"},"modified":"2020-01-31T13:48:57","modified_gmt":"2020-01-31T12:48:57","slug":"vagyonadoztatna-a-leggazdagabbakat-a-parbeszed","status":"publish","type":"post","link":"https:\/\/gazdasagportal.hu\/index.php\/vagyonadoztatna-a-leggazdagabbakat-a-parbeszed\/","title":{"rendered":"Vagyonad\u00f3ztatn\u00e1 a leggazdagabbakat a P\u00e1rbesz\u00e9d"},"content":{"rendered":"<p><strong>Az \u00e1tl\u00e1that\u00f3s\u00e1g \u00e9s a szankci\u00f3k kiszabhat\u00f3s\u00e1ga \u00e9rdek\u00e9ben a vagyonnyilatkozat szab\u00e1lyainak \u00e1talak\u00edt\u00e1s\u00e1t, valamint a &#8222;fels\u0151 t\u00edzezerre&#8221; vonatkoz\u00f3 egysz\u00e1zal\u00e9kos vagyonad\u00f3 bevezet\u00e9s\u00e9t javasolja a P\u00e1rbesz\u00e9d &#8211; hangzott el az ellenz\u00e9ki p\u00e1rt p\u00e9nteki budapesti sajt\u00f3t\u00e1j\u00e9koztat\u00f3j\u00e1n.<\/strong><!--more--><\/p>\n<div class=\"ads-in-post2\"><script async src=\"https:\/\/pagead2.googlesyndication.com\/pagead\/js\/adsbygoogle.js\"><\/script>\r\n<ins class=\"adsbygoogle\"\r\n     style=\"display:block\"\r\n     data-ad-format=\"fluid\"\r\n     data-ad-layout-key=\"-6t+ed+2i-1n-4w\"\r\n     data-ad-client=\"ca-pub-1959107119989764\"\r\n     data-ad-slot=\"4008251320\"><\/ins>\r\n<script>\r\n     (adsbygoogle = window.adsbygoogle || []).push({});\r\n<\/script><\/div>\n<p>    Kocsis-Cake Olivio orsz\u00e1ggy\u0171l\u00e9si k\u00e9pvisel\u0151 arr\u00f3l besz\u00e9lt, a jelenlegi vagyonnyilatkozati elj\u00e1r\u00e1s egyre kev\u00e9sb\u00e9 alkalmas arra a c\u00e9lra, amelyre l\u00e9trej\u00f6tt, hogy kider\u00fclj\u00f6n, a k\u00f6zhatalmat gyakorl\u00f3k a korrupci\u00f3 gyan\u00faj\u00e1t felvet\u0151 m\u00f3don gyarapodnak-e.<br \/>\n    A rendszer felett elj\u00e1rt az id\u0151, v\u00e1ltoztatni kell rajta &#8211; jelentette ki a politikus. Hozz\u00e1tette: a vagyonnyilatkozatok bead\u00e1si hat\u00e1ridej\u00e9re szigor\u00fa szab\u00e1lyok vonatkoznak, de a tartalm\u00e1ra nem.<br \/>\n    A P\u00e1rbesz\u00e9d szerint \u00e1t kell emelni a korrupci\u00f3ellenes civil szervezetek javaslatait a vagyonnyilatkozati elj\u00e1r\u00e1sba &#8211; mondta Kocsis-Cake Olivio. Kifejtette: a vagyonnyilatkozatnak \u00e1tl\u00e1that\u00f3bbnak, jobban k\u00f6vethet\u0151nek kell lennie, \u00e9s szankci\u00f3kkal kellene j\u00e1rnia, ha valaki hamis dolgot \u00e1ll\u00edtana benne. Nem pap\u00edron, hanem elektronikusan kellene nyilatkozni, ezzel z\u00e1rva ki a lehet\u0151s\u00e9g\u00e9t annak, hogy valaki hib\u00e1t k\u00f6vessen el a dokumentum kit\u00f6lt\u00e9se k\u00f6zben. Az \u00e1tl\u00e1that\u00f3s\u00e1g jegy\u00e9ben az egy h\u00e1ztart\u00e1sban \u00e9l\u0151 hozz\u00e1tartoz\u00f3k vagyonnyilatkozat\u00e1t is nyilv\u00e1noss\u00e1gra kellene hozni &#8211; tette hozz\u00e1.<br \/>\n    A p\u00e1rt ind\u00edtv\u00e1nyozza azt is, hogy a gazdas\u00e1gi \u00e9s t\u00e1rsadalmi tiszts\u00e9get v\u00e1llal\u00f3 k\u00e9pvisel\u0151k ezt t\u00fcntess\u00e9k fel nyilatkozatukban is. Nevezhetn\u00e9k ezt &#8222;lex Semj\u00e9nnek&#8221;: ha valaki egy vad\u00e1szt\u00e1rsas\u00e1g eln\u00f6ke, akkor az der\u00fclj\u00f6n ki a vagyonnyilatkozat\u00e1b\u00f3l, hogy \u00e9rthet\u0151 legyen, mi\u00e9rt ny\u00fajt be \u00e1lland\u00f3an ehhez kapcsol\u00f3d\u00f3 t\u00f6rv\u00e9nyjavaslatokat &#8211; mondta az ellenz\u00e9ki politikus.<br \/>\n<div class=\"ads-in-post1\"><div id=\"gazdasagportal.hu_fullbanner_wideboard\"><\/div>\r\n<\/div>\n    A P\u00e1rbesz\u00e9d szerint a k\u00f6zbeszerz\u00e9si p\u00e1ly\u00e1zaton t\u00f6bb mint f\u00e9lmilli\u00e1rdot elnyer\u0151 c\u00e9gek vezet\u0151inek is vagyonnyilatkozatot kellene tenni\u00fck.<br \/>\n    Tordai Bence orsz\u00e1ggy\u0171l\u00e9si k\u00e9pvisel\u0151 kifejtette, hogy a fels\u0151 t\u00edzezret akarj\u00e1k megad\u00f3ztatni, azokat, akiknek a nett\u00f3 vagyonuk meghaladja a sz\u00e1zmilli\u00f3 forintot, nem sz\u00e1m\u00edtva ebbe bele az \u00e1ltaluk lakott ingatlan \u00e9rt\u00e9k\u00e9t.<br \/>\n    A fels\u0151 t\u00edz sz\u00e1zal\u00e9k 2014 \u00e9s 2017 k\u00f6z\u00f6tt 56 sz\u00e1zal\u00e9kkal n\u00f6velte a vagyon\u00e1t. Az egysz\u00e1zal\u00e9kos vagyonad\u00f3 bevezet\u00e9s\u00e9vel 150 milli\u00e1rd forint plusz \u00e1ramolna a k\u00f6lts\u00e9gvet\u00e9sbe. Az igazs\u00e1goss\u00e1g jegy\u00e9ben, a t\u00e1rsadalmi k\u00fcl\u00f6nbs\u00e9gek cs\u00f6kkent\u00e9se \u00e9rdek\u00e9ben ezt az \u00f6sszeget oktat\u00e1sra \u00e9s a szoci\u00e1lis rendszerre kellene ford\u00edtani &#8211; mondta.<br \/>\n    K\u00e9rd\u00e9sre v\u00e1laszolva Tordai Bence elmondta, p\u00e1rtja &#8222;meglehet\u0151sen nagy \u00e9rdekl\u0151d\u00e9ssel figyeli azt a fideszes hecckamp\u00e1nyt&#8221;, amit Niederm\u00fcller P\u00e9ter (DK) VII. ker\u00fcleti polg\u00e1rmester ellen folytatnak. Nyilv\u00e1nval\u00f3, hogy Orb\u00e1n Viktor korm\u00e1nyf\u0151 &#8222;\u00fajkelet\u0171 rasszista&#8221; kamp\u00e1ny\u00e1r\u00f3l pr\u00f3b\u00e1lj\u00e1k elterelni a figyelmet &#8211; tette hozz\u00e1.<br \/>\n    Tordai Bence hangs\u00falyozta: el\u00edt\u00e9lik a kirekeszt\u0151 politik\u00e1t, \u00e9s Niederm\u00fcller P\u00e9ter is \u00e9ppen az ellen sz\u00f3lalt fel.(MTI)<\/p>\n","protected":false},"excerpt":{"rendered":"<p>Az \u00e1tl\u00e1that\u00f3s\u00e1g \u00e9s a szankci\u00f3k kiszabhat\u00f3s\u00e1ga \u00e9rdek\u00e9ben a vagyonnyilatkozat szab\u00e1lyainak \u00e1talak\u00edt\u00e1s\u00e1t, valamint a &#8222;fels\u0151 t\u00edzezerre&#8221; vonatkoz\u00f3 egysz\u00e1zal\u00e9kos vagyonad\u00f3 bevezet\u00e9s\u00e9t javasolja a P\u00e1rbesz\u00e9d &#8211; hangzott el az ellenz\u00e9ki p\u00e1rt p\u00e9nteki budapesti sajt\u00f3t\u00e1j\u00e9koztat\u00f3j\u00e1n.<\/p>\n","protected":false},"author":1,"featured_media":0,"comment_status":"closed","ping_status":"open","sticky":false,"template":"","format":"standard","meta":[],"categories":[4,19,254],"tags":[],"_links":{"self":[{"href":"https:\/\/gazdasagportal.hu\/index.php\/wp-json\/wp\/v2\/posts\/123483"}],"collection":[{"href":"https:\/\/gazdasagportal.hu\/index.php\/wp-json\/wp\/v2\/posts"}],"about":[{"href":"https:\/\/gazdasagportal.hu\/index.php\/wp-json\/wp\/v2\/types\/post"}],"author":[{"embeddable":true,"href":"https:\/\/gazdasagportal.hu\/index.php\/wp-json\/wp\/v2\/users\/1"}],"replies":[{"embeddable":true,"href":"https:\/\/gazdasagportal.hu\/index.php\/wp-json\/wp\/v2\/comments?post=123483"}],"version-history":[{"count":1,"href":"https:\/\/gazdasagportal.hu\/index.php\/wp-json\/wp\/v2\/posts\/123483\/revisions"}],"predecessor-version":[{"id":123484,"href":"https:\/\/gazdasagportal.hu\/index.php\/wp-json\/wp\/v2\/posts\/123483\/revisions\/123484"}],"wp:attachment":[{"href":"https:\/\/gazdasagportal.hu\/index.php\/wp-json\/wp\/v2\/media?parent=123483"}],"wp:term":[{"taxonomy":"category","embeddable":true,"href":"https:\/\/gazdasagportal.hu\/index.php\/wp-json\/wp\/v2\/categories?post=123483"},{"taxonomy":"post_tag","embeddable":true,"href":"https:\/\/gazdasagportal.hu\/index.php\/wp-json\/wp\/v2\/tags?post=123483"}],"curies":[{"name":"wp","href":"https:\/\/api.w.org\/{rel}","templated":true}]}}