{"id":123479,"date":"2020-01-31T12:14:59","date_gmt":"2020-01-31T11:14:59","guid":{"rendered":"http:\/\/gazdasagportal.hu\/?p=123479"},"modified":"2020-01-31T12:14:59","modified_gmt":"2020-01-31T11:14:59","slug":"elemzok-a-varakozasokat-meghaladoan-nottek-a-keresetek","status":"publish","type":"post","link":"https:\/\/gazdasagportal.hu\/index.php\/elemzok-a-varakozasokat-meghaladoan-nottek-a-keresetek\/","title":{"rendered":"Elemz\u0151k: a v\u00e1rakoz\u00e1sokat meghalad\u00f3an n\u0151ttek a keresetek"},"content":{"rendered":"<p><strong>A v\u00e1rakoz\u00e1sokat meghalad\u00f3an n\u0151ttek a keresetek tavaly novemberben az MTI-nek nyilatkoz\u00f3 elemz\u0151k szerint, \u00e9s id\u00e9n is 9 sz\u00e1zal\u00e9kot meghalad\u00f3 lehet a n\u00f6veked\u00e9s.<\/strong><!--more--><\/p>\n<div class=\"ads-in-post2\"><script async src=\"https:\/\/pagead2.googlesyndication.com\/pagead\/js\/adsbygoogle.js\"><\/script>\r\n<ins class=\"adsbygoogle\"\r\n     style=\"display:block\"\r\n     data-ad-format=\"fluid\"\r\n     data-ad-layout-key=\"-6t+ed+2i-1n-4w\"\r\n     data-ad-client=\"ca-pub-1959107119989764\"\r\n     data-ad-slot=\"4008251320\"><\/ins>\r\n<script>\r\n     (adsbygoogle = window.adsbygoogle || []).push({});\r\n<\/script><\/div>\n<p>    Horv\u00e1th Andr\u00e1s, a Takar\u00e9kbank vezet\u0151 elemz\u0151je kiemelte: az emelked\u00e9s a k\u00e9pzett munkaer\u0151 egyre fokozottabb hi\u00e1nya \u00e9s a b\u00e9rminimum emel\u00e9sek hat\u00e1s\u00e1nak, illetve a novemberi b\u00f3nuszfizet\u00e9seknek k\u00f6sz\u00f6nhet\u0151. Az ism\u00e9telten 8 sz\u00e1zal\u00e9kkal n\u00f6vekv\u0151 b\u00e9rminimum miatt is 9 sz\u00e1zal\u00e9kot v\u00e1rhat\u00f3an meghalad\u00f3 b\u00e9rn\u00f6veked\u00e9st prognosztiz\u00e1l az id\u00e9n, amely 5,5 sz\u00e1zal\u00e9k k\u00f6r\u00fcli re\u00e1lb\u00e9r n\u00f6veked\u00e9st jelent.<br \/>\n    Horv\u00e1th Andr\u00e1s \u00f6sszegz\u00e9se szerint 2015 \u00f3ta az egyedi kifizet\u00e9sekt\u0151l megtiszt\u00edtott rendszeres b\u00e9rek 50,9 sz\u00e1zal\u00e9kkal n\u0151ttek a magyar munkaer\u0151piacon, ami p\u00e9ld\u00e1tlan felz\u00e1rk\u00f3z\u00e1st jelent a magyar gazdas\u00e1g t\u00f6rt\u00e9net\u00e9ben.<br \/>\n    Kit\u00e9rt arra, hogy a munkaer\u0151\u00e9rt zajl\u00f3 \u00f6sszeur\u00f3pai versenyben a magyar b\u00e9reknek tov\u00e1bbra is jelent\u0151s h\u00e1tr\u00e1nyt kell m\u00e9g ledolgozniuk, hogy a munkav\u00e1llal\u00e1si c\u00e9lpiacnak sz\u00e1m\u00edt\u00f3 orsz\u00e1gok nett\u00f3 b\u00e9rszintj\u00e9nek k\u00e9tharmad\u00e1t el\u00e9rje a hazai, ezt k\u00f6vet\u0151en indulhatna akt\u00edv vissza\u00e1raml\u00e1s a hazai munkaer\u0151piacra.<br \/>\n    Virov\u00e1cz P\u00e9ter, az ING Bank vezet\u0151 elemz\u0151je az MTI-hez eljuttatott komment\u00e1rj\u00e1ban azt \u00edrta, hogy ak\u00e1r id\u00e9n is k\u00e9tsz\u00e1mjegy\u0171 maradhat a b\u00e9rn\u00f6veked\u00e9s, ami t\u00e1mogatja a fogyaszt\u00e1s tart\u00f3s b\u0151v\u00fcl\u00e9s\u00e9t. Virov\u00e1cz P\u00e9ter kiemelte, a v\u00e1rakoz\u00e1sokat messze fel\u00fclm\u00fal\u00f3 b\u00e9rki\u00e1raml\u00e1s els\u0151dleges oka a nem rendszeres kereseti elemek (jutalom, pr\u00e9mium) drasztikus n\u00f6veked\u00e9se, els\u0151sorban a k\u00f6lts\u00e9gvet\u00e9si szf\u00e9r\u00e1ban. Az els\u0151 tizenegy h\u00f3nap adat\u00e1t \u00f6sszegezve szinte biztosra vehet\u0151, hogy 2019 eg\u00e9sz\u00e9ben 11 sz\u00e1zal\u00e9k felett marad a nett\u00f3 b\u00e9rek n\u00f6veked\u00e9se, \u00e1m az emelked\u0151 infl\u00e1ci\u00f3 miatt ez re\u00e1lb\u00e9rek szintj\u00e9n 7,5 sz\u00e1zal\u00e9k k\u00f6r\u00fcl alakulhat &#8211; k\u00f6z\u00f6lte.<br \/>\n<div class=\"ads-in-post1\"><div id=\"gazdasagportal.hu_fullbanner_wideboard\"><\/div>\r\n<\/div>\n    Reg\u0151s G\u00e1bor, a Sz\u00e1zadv\u00e9g makrogazdas\u00e1gi \u00fczlet\u00e1g\u00e1nak vezet\u0151je szerint az \u00e1tlagb\u00e9rek emelked\u00e9se v\u00e1rhat\u00f3an 2020-ban is az infl\u00e1ci\u00f3t \u00e9rdemben meghalad\u00f3 lesz, de a kor\u00e1bbiakhoz k\u00e9pest lassulhat. Hozz\u00e1tette: novemberben az el\u0151z\u0151 h\u00f3napokhoz k\u00e9pest gyorsult a b\u00e9rek \u00e9ves n\u00f6veked\u00e9si \u00fcteme, amiben szerepe lehetett egyedi kifizet\u00e9seknek, jutalmaknak is. A dinamika gyorsul\u00e1s\u00e1ban most a k\u00f6zszf\u00e9r\u00e1nak volt nagyobb szerepe, de a versenyszf\u00e9r\u00e1ban is kism\u00e9rt\u00e9kben gyorsult a n\u00f6veked\u00e9si \u00fctem. A kor\u00e1bbi h\u00f3napokn\u00e1l gyorsabb b\u00e9remelked\u00e9s v\u00e9lhet\u0151en majd megl\u00e1tszik a kar\u00e1csonyi id\u0151szak miatt a szok\u00e1sosn\u00e1l am\u00fagy is er\u0151teljesebb kiskereskedelmi forgalmon is. Id\u00e9n kedvez\u0151tlen vil\u00e1ggazdas\u00e1gi folyamatok nyom\u00e1n a b\u00e9rt\u00e1rgyal\u00e1sok lassabban haladhatnak \u00e9s az elm\u00falt \u00e9vekben megszokottn\u00e1l nehezebben juthatnak egyezs\u00e9gre  a munkaad\u00f3k \u00e9s a munkav\u00e1llal\u00f3k &#8211; jelezte.<br \/>\n    N\u00e9meth D\u00e1vid, a K&#038;H Bank vezet\u0151 elemz\u0151je szerint a fizet\u00e9sek emelked\u00e9se seg\u00edti a bels\u0151 fogyaszt\u00e1s b\u0151v\u00fcl\u00e9s\u00e9t, ugyanakkor kock\u00e1zatai is vannak. Egyr\u00e9szt felfel\u00e9 h\u00fazza az infl\u00e1ci\u00f3t, m\u00e1sr\u00e9szt a b\u00e9remelked\u00e9s m\u00e9rt\u00e9k\u00e9nek megfelel\u0151en a termel\u00e9kenys\u00e9gnek is javulnia kell, k\u00fcl\u00f6nben versenyh\u00e1tr\u00e1nyba ker\u00fcl a magyar gazdas\u00e1g. A K&#038;H elemz\u0151je szerint 2020-ban tov\u00e1bbi b\u00e9remelked\u00e9s v\u00e1rhat\u00f3, r\u00e9szben a minim\u00e1lb\u00e9r \u00e9s a garant\u00e1l b\u00e9rminimum \u00fajabb 8-8 sz\u00e1zal\u00e9kos emel\u00e9se miatt. Ugyanakkor a b\u00e9rdinamika lassulni fog r\u00e9szben a visszafogottabb gazdas\u00e1gi n\u00f6veked\u00e9s k\u00f6vetkezt\u00e9ben az infl\u00e1ci\u00f3val sz\u00e1molt re\u00e1lb\u00e9r-emelked\u00e9s pedig 4-5 sz\u00e1zal\u00e9k k\u00f6r\u00fcl lehet.(MTI)<\/p>\n","protected":false},"excerpt":{"rendered":"<p>A v\u00e1rakoz\u00e1sokat meghalad\u00f3an n\u0151ttek a keresetek tavaly novemberben az MTI-nek nyilatkoz\u00f3 elemz\u0151k szerint, \u00e9s id\u00e9n is 9 sz\u00e1zal\u00e9kot meghalad\u00f3 lehet a n\u00f6veked\u00e9s.<\/p>\n","protected":false},"author":1,"featured_media":0,"comment_status":"closed","ping_status":"open","sticky":false,"template":"","format":"standard","meta":[],"categories":[19],"tags":[],"_links":{"self":[{"href":"https:\/\/gazdasagportal.hu\/index.php\/wp-json\/wp\/v2\/posts\/123479"}],"collection":[{"href":"https:\/\/gazdasagportal.hu\/index.php\/wp-json\/wp\/v2\/posts"}],"about":[{"href":"https:\/\/gazdasagportal.hu\/index.php\/wp-json\/wp\/v2\/types\/post"}],"author":[{"embeddable":true,"href":"https:\/\/gazdasagportal.hu\/index.php\/wp-json\/wp\/v2\/users\/1"}],"replies":[{"embeddable":true,"href":"https:\/\/gazdasagportal.hu\/index.php\/wp-json\/wp\/v2\/comments?post=123479"}],"version-history":[{"count":1,"href":"https:\/\/gazdasagportal.hu\/index.php\/wp-json\/wp\/v2\/posts\/123479\/revisions"}],"predecessor-version":[{"id":123480,"href":"https:\/\/gazdasagportal.hu\/index.php\/wp-json\/wp\/v2\/posts\/123479\/revisions\/123480"}],"wp:attachment":[{"href":"https:\/\/gazdasagportal.hu\/index.php\/wp-json\/wp\/v2\/media?parent=123479"}],"wp:term":[{"taxonomy":"category","embeddable":true,"href":"https:\/\/gazdasagportal.hu\/index.php\/wp-json\/wp\/v2\/categories?post=123479"},{"taxonomy":"post_tag","embeddable":true,"href":"https:\/\/gazdasagportal.hu\/index.php\/wp-json\/wp\/v2\/tags?post=123479"}],"curies":[{"name":"wp","href":"https:\/\/api.w.org\/{rel}","templated":true}]}}