{"id":123477,"date":"2020-01-31T11:55:11","date_gmt":"2020-01-31T10:55:11","guid":{"rendered":"http:\/\/gazdasagportal.hu\/?p=123477"},"modified":"2020-01-31T11:55:12","modified_gmt":"2020-01-31T10:55:12","slug":"egyre-jobban-terjed-a-koronavirus-mar-nagy-britanniaban-is-megjelent","status":"publish","type":"post","link":"https:\/\/gazdasagportal.hu\/index.php\/egyre-jobban-terjed-a-koronavirus-mar-nagy-britanniaban-is-megjelent\/","title":{"rendered":"Egyre jobban terjed a koronav\u00edrus, m\u00e1r Nagy-Britanni\u00e1ban is megjelent"},"content":{"rendered":"<p><strong>Nagy-Britanni\u00e1ban is megjelent az \u00faj koronav\u00edrus okozta betegs\u00e9g. A brit eg\u00e9szs\u00e9g\u00fcgyi miniszt\u00e9rium p\u00e9nteken k\u00f6z\u00f6lte, hogy k\u00e9t p\u00e1ciens szervezet\u00e9ben azonos\u00edtott\u00e1k a k\u00f3rokoz\u00f3t Angli\u00e1ban.<\/strong><!--more--><\/p>\n<div class=\"ads-in-post2\"><script async src=\"https:\/\/pagead2.googlesyndication.com\/pagead\/js\/adsbygoogle.js\"><\/script>\r\n<ins class=\"adsbygoogle\"\r\n     style=\"display:block\"\r\n     data-ad-format=\"fluid\"\r\n     data-ad-layout-key=\"-6t+ed+2i-1n-4w\"\r\n     data-ad-client=\"ca-pub-1959107119989764\"\r\n     data-ad-slot=\"4008251320\"><\/ins>\r\n<script>\r\n     (adsbygoogle = window.adsbygoogle || []).push({});\r\n<\/script><\/div>\n<p>    A t\u00e1rca t\u00e1j\u00e9koztat\u00e1sa szerint a k\u00e9t beteg ugyanannak a csal\u00e1dnak a tagja.<br \/>\n    A k\u00f6zlem\u00e9ny, amelyet az angliai tiszti f\u0151orvos, Chris Whitty nev\u00e9ben adott ki a miniszt\u00e9rium, nem t\u00e9r ki arra, hogy brit \u00e1llampolg\u00e1rokr\u00f3l van-e sz\u00f3, \u00e9s arra sem, hogy j\u00e1rtak-e a j\u00e1rv\u00e1ny g\u00f3cpontj\u00e1nak tekintett k\u00ednai Hupej tartom\u00e1nyban.<br \/>\n    Nem eml\u00edti a komm\u00fcnik\u00e9, hogy a k\u00e9t beteg Angli\u00e1n bel\u00fcl hol tart\u00f3zkodik.<br \/>\n    Chris Whitty, aki egyben a brit korm\u00e1ny eg\u00e9szs\u00e9g\u00fcgyi f\u0151tan\u00e1csad\u00f3ja is, a m\u00falt h\u00e9ten az addigi &#8222;nagyon alacsony&#8221; fokozatr\u00f3l &#8222;alacsony&#8221; &#8211; vagyis eggyel magasabb &#8211; szintre m\u00f3dos\u00edtotta a brit lakoss\u00e1g fert\u0151z\u0151d\u00e9si kock\u00e1zat\u00e1ra \u00e9rv\u00e9nyes \u00fatmutat\u00e1st.<br \/>\n    Matt Hancock brit eg\u00e9szs\u00e9g\u00fcgyi miniszter az int\u00e9zked\u00e9s ut\u00e1n, a londoni als\u00f3h\u00e1zban tartott soron k\u00edv\u00fcli t\u00e1j\u00e9koztat\u00e1s\u00e1ban elmondta: ez azt jelenti, hogy megn\u0151tt a val\u00f3sz\u00edn\u0171s\u00e9ge az \u00faj koronav\u00edrus okozta betegs\u00e9g megjelen\u00e9s\u00e9nek az Egyes\u00fclt Kir\u00e1lys\u00e1gban.     Whitty professzor p\u00e9nteki k\u00f6zlem\u00e9nye szerint az Angli\u00e1ban azonos\u00edtott k\u00e9t beteget a brit \u00e1llami eg\u00e9szs\u00e9g\u00fcgyi szolg\u00e1lat (NHS) r\u00e9szes\u00edti szakorvosi ell\u00e1t\u00e1sban, \u00e9s a brit hat\u00f3s\u00e1gok kipr\u00f3b\u00e1lt j\u00e1rv\u00e1nymegel\u0151z\u0151 elj\u00e1r\u00e1sokat foganatos\u00edtottak a v\u00edrus tov\u00e1bbi terjed\u00e9s\u00e9nek megakad\u00e1lyoz\u00e1s\u00e1ra.<br \/>\n<div class=\"ads-in-post1\"><div id=\"gazdasagportal.hu_fullbanner_wideboard\"><\/div>\r\n<\/div>\n    Az angliai tiszti f\u0151orvos szerint az NHS rendk\u00edv\u00fcl j\u00f3l felk\u00e9sz\u00fclt a j\u00e1rv\u00e1nyos betegs\u00e9gek kezel\u00e9s\u00e9re, \u00e9s m\u00e1ris megkezd\u0151d\u00f6tt annak felder\u00edt\u00e9se, hogy a k\u00e9t beteg \u00e9rintkezett-e m\u00e1sokkal fert\u0151z\u0151d\u00e9s\u00fck ut\u00e1n.<br \/>\n    A brit k\u00fcl\u00fcgyminiszt\u00e9rium a h\u00e9ten eltan\u00e1csolta a k\u00ednai utaz\u00e1sokt\u00f3l a brit \u00e1llampolg\u00e1rokat az \u00faj koronav\u00edrus okozta j\u00e1rv\u00e1ny miatt.<br \/>\n    A t\u00e1rca K\u00edn\u00e1ra vonatkoz\u00f3 m\u00f3dos\u00edtott hivatalos utaz\u00e1si tan\u00e1csad\u00e1s\u00e1ban azt k\u00e9ri, hogy a britek egy\u00e1ltal\u00e1n ne keress\u00e9k fel Hupej tartom\u00e1nyt, ahonnan a j\u00e1rv\u00e1ny terjedni kezdett.<br \/>\n    A miniszt\u00e9rium javasolja egyben, hogy azok a britek, akik m\u00e1r ebben az orsz\u00e1gr\u00e9szben tart\u00f3zkodnak, t\u00e1vozzanak onnan, ha erre van m\u00f3djuk.<br \/>\n    A felh\u00edv\u00e1s arra is inti a briteket, hogy K\u00edna t\u00f6bbi orsz\u00e1gr\u00e9sz\u00e9be se utazzanak, ha ez nem felt\u00e9tlen\u00fcl sz\u00fcks\u00e9ges.<br \/>\n    P\u00e9nteken elindult Vuhanb\u00f3l, a j\u00e1rv\u00e1ny k\u00f6zponti g\u00f3c\u00e1nak tartott Hupej tartom\u00e1nybeli nagyv\u00e1rosb\u00f3l Nagy-Britannia fel\u00e9 egy rep\u00fcl\u0151g\u00e9p, fed\u00e9lzet\u00e9n 83 brit \u00e9s 27 k\u00fclf\u00f6ldi \u00e1llampolg\u00e1rral.<br \/>\n    A brit korm\u00e1ny \u00e1ltal b\u00e9relt g\u00e9p Brize Norton katonai rep\u00fcl\u0151ter\u00e9n, a brit kir\u00e1lyi l\u00e9gier\u0151 (RAF) Londonhoz k\u00f6zeli t\u00e1maszpontj\u00e1n sz\u00e1ll le. A brit \u00e1llampolg\u00e1rokat \u00e9rkez\u00e9s\u00fck ut\u00e1n k\u00e9t h\u00e9tre egy \u00e9szaknyugat-angliai k\u00f3rh\u00e1z e c\u00e9lra kialak\u00edtott karant\u00e9nj\u00e1ba sz\u00e1ll\u00edtj\u00e1k.<br \/>\n    A rep\u00fcl\u0151g\u00e9p a k\u00fclf\u00f6ldi utasokkal ezut\u00e1n Spanyolorsz\u00e1gba rep\u00fcl tov\u00e1bb.<br \/>\n    A British Airways l\u00e9git\u00e1rsas\u00e1g a h\u00e9ten le\u00e1ll\u00edtotta \u00f6sszes k\u00ednai j\u00e1rat\u00e1t.(MTI)<\/p>\n","protected":false},"excerpt":{"rendered":"<p>Nagy-Britanni\u00e1ban is megjelent az \u00faj koronav\u00edrus okozta betegs\u00e9g. A brit eg\u00e9szs\u00e9g\u00fcgyi miniszt\u00e9rium p\u00e9nteken k\u00f6z\u00f6lte, hogy k\u00e9t p\u00e1ciens szervezet\u00e9ben azonos\u00edtott\u00e1k a k\u00f3rokoz\u00f3t Angli\u00e1ban.<\/p>\n","protected":false},"author":1,"featured_media":0,"comment_status":"closed","ping_status":"open","sticky":false,"template":"","format":"standard","meta":[],"categories":[12],"tags":[],"_links":{"self":[{"href":"https:\/\/gazdasagportal.hu\/index.php\/wp-json\/wp\/v2\/posts\/123477"}],"collection":[{"href":"https:\/\/gazdasagportal.hu\/index.php\/wp-json\/wp\/v2\/posts"}],"about":[{"href":"https:\/\/gazdasagportal.hu\/index.php\/wp-json\/wp\/v2\/types\/post"}],"author":[{"embeddable":true,"href":"https:\/\/gazdasagportal.hu\/index.php\/wp-json\/wp\/v2\/users\/1"}],"replies":[{"embeddable":true,"href":"https:\/\/gazdasagportal.hu\/index.php\/wp-json\/wp\/v2\/comments?post=123477"}],"version-history":[{"count":1,"href":"https:\/\/gazdasagportal.hu\/index.php\/wp-json\/wp\/v2\/posts\/123477\/revisions"}],"predecessor-version":[{"id":123478,"href":"https:\/\/gazdasagportal.hu\/index.php\/wp-json\/wp\/v2\/posts\/123477\/revisions\/123478"}],"wp:attachment":[{"href":"https:\/\/gazdasagportal.hu\/index.php\/wp-json\/wp\/v2\/media?parent=123477"}],"wp:term":[{"taxonomy":"category","embeddable":true,"href":"https:\/\/gazdasagportal.hu\/index.php\/wp-json\/wp\/v2\/categories?post=123477"},{"taxonomy":"post_tag","embeddable":true,"href":"https:\/\/gazdasagportal.hu\/index.php\/wp-json\/wp\/v2\/tags?post=123477"}],"curies":[{"name":"wp","href":"https:\/\/api.w.org\/{rel}","templated":true}]}}