{"id":123471,"date":"2020-01-31T10:53:55","date_gmt":"2020-01-31T09:53:55","guid":{"rendered":"http:\/\/gazdasagportal.hu\/?p=123471"},"modified":"2020-01-31T10:35:23","modified_gmt":"2020-01-31T09:35:23","slug":"koronavirus-felfuggeszti-a-shanghai-airlines-ket-budapesti-jaratat","status":"publish","type":"post","link":"https:\/\/gazdasagportal.hu\/index.php\/koronavirus-felfuggeszti-a-shanghai-airlines-ket-budapesti-jaratat\/","title":{"rendered":"Koronav\u00edrus &#8211; Felf\u00fcggeszti a Shanghai Airlines k\u00e9t budapesti j\u00e1rat\u00e1t"},"content":{"rendered":"<p><strong>Felf\u00fcggeszti a Shanghai Airlines k\u00e9t budapesti j\u00e1rat\u00e1t &#8211; k\u00f6z\u00f6lte a Budapest Liszt Ferenc Nemzetk\u00f6zi Rep\u00fcl\u0151t\u00e9r \u00fczemeltet\u0151je p\u00e9nteken a Facebook-oldal\u00e1n.<\/strong><!--more--><\/p>\n<div class=\"ads-in-post2\"><script async src=\"https:\/\/pagead2.googlesyndication.com\/pagead\/js\/adsbygoogle.js\"><\/script>\r\n<ins class=\"adsbygoogle\"\r\n     style=\"display:block\"\r\n     data-ad-format=\"fluid\"\r\n     data-ad-layout-key=\"-6t+ed+2i-1n-4w\"\r\n     data-ad-client=\"ca-pub-1959107119989764\"\r\n     data-ad-slot=\"4008251320\"><\/ins>\r\n<script>\r\n     (adsbygoogle = window.adsbygoogle || []).push({});\r\n<\/script><\/div>\n<p>    A Budapest Airport t\u00e1j\u00e9koztat\u00e1sa szerint a Sanghajb\u00f3l Hszian, illetve Csengtu \u00e9rint\u00e9s\u00e9vel k\u00f6zleked\u0151 k\u00e9t j\u00e1rat k\u00f6zlekedtet\u00e9s\u00e9t f\u00fcggeszti fel a l\u00e9git\u00e1rsas\u00e1g, ami heti h\u00e1rom j\u00e1rat kies\u00e9s\u00e9t jelenti. A Sanghaj-Hszian-Budapest j\u00e1rat febru\u00e1r 6 \u00e9s m\u00e1rcius 26, a Sanghaj-Csengtu-Budapest j\u00e1rat pedig febru\u00e1r 4 \u00e9s m\u00e1rcius 28 k\u00f6z\u00f6tt nem k\u00f6zlekedik. A k\u00f6zvetlen, heti n\u00e9gyszer k\u00f6zleked\u0151 Sanghaj-Budapest j\u00e1ratot a v\u00e1ltoz\u00e1s nem \u00e9rinti.<br \/>\n    Az Egy\u00e9szs\u00e9g\u00fcgyi Vil\u00e1gszervezet (WHO) cs\u00fct\u00f6rt\u00f6k este hirdetett nemzetk\u00f6zi v\u00e9szhelyzetet a koronav\u00edrus miatt, ugyanakkor kereskedelmi \u00e9s utaz\u00e1si korl\u00e1toz\u00e1sok bevezet\u00e9s\u00e9t nem aj\u00e1nlotta.(MTI)<\/p>\n","protected":false},"excerpt":{"rendered":"<p>Felf\u00fcggeszti a Shanghai Airlines k\u00e9t budapesti j\u00e1rat\u00e1t &#8211; k\u00f6z\u00f6lte a Budapest Liszt Ferenc Nemzetk\u00f6zi Rep\u00fcl\u0151t\u00e9r \u00fczemeltet\u0151je p\u00e9nteken a Facebook-oldal\u00e1n.<\/p>\n","protected":false},"author":1,"featured_media":0,"comment_status":"closed","ping_status":"open","sticky":false,"template":"","format":"standard","meta":[],"categories":[14,4,12],"tags":[],"_links":{"self":[{"href":"https:\/\/gazdasagportal.hu\/index.php\/wp-json\/wp\/v2\/posts\/123471"}],"collection":[{"href":"https:\/\/gazdasagportal.hu\/index.php\/wp-json\/wp\/v2\/posts"}],"about":[{"href":"https:\/\/gazdasagportal.hu\/index.php\/wp-json\/wp\/v2\/types\/post"}],"author":[{"embeddable":true,"href":"https:\/\/gazdasagportal.hu\/index.php\/wp-json\/wp\/v2\/users\/1"}],"replies":[{"embeddable":true,"href":"https:\/\/gazdasagportal.hu\/index.php\/wp-json\/wp\/v2\/comments?post=123471"}],"version-history":[{"count":1,"href":"https:\/\/gazdasagportal.hu\/index.php\/wp-json\/wp\/v2\/posts\/123471\/revisions"}],"predecessor-version":[{"id":123472,"href":"https:\/\/gazdasagportal.hu\/index.php\/wp-json\/wp\/v2\/posts\/123471\/revisions\/123472"}],"wp:attachment":[{"href":"https:\/\/gazdasagportal.hu\/index.php\/wp-json\/wp\/v2\/media?parent=123471"}],"wp:term":[{"taxonomy":"category","embeddable":true,"href":"https:\/\/gazdasagportal.hu\/index.php\/wp-json\/wp\/v2\/categories?post=123471"},{"taxonomy":"post_tag","embeddable":true,"href":"https:\/\/gazdasagportal.hu\/index.php\/wp-json\/wp\/v2\/tags?post=123471"}],"curies":[{"name":"wp","href":"https:\/\/api.w.org\/{rel}","templated":true}]}}