{"id":123358,"date":"2020-01-29T10:43:54","date_gmt":"2020-01-29T09:43:54","guid":{"rendered":"http:\/\/gazdasagportal.hu\/?p=123358"},"modified":"2020-01-29T10:43:54","modified_gmt":"2020-01-29T09:43:54","slug":"ksh-33-szazalekosra-csokkent-a-munkanelkuliseg-2019-negyedik-negyedevere","status":"publish","type":"post","link":"https:\/\/gazdasagportal.hu\/index.php\/ksh-33-szazalekosra-csokkent-a-munkanelkuliseg-2019-negyedik-negyedevere\/","title":{"rendered":"KSH: 3,3 sz\u00e1zal\u00e9kosra cs\u00f6kkent a munkan\u00e9lk\u00fclis\u00e9g 2019 negyedik negyed\u00e9v\u00e9re"},"content":{"rendered":"<p><strong>A tavaly okt\u00f3ber-decemberi h\u00e1rom h\u00f3napos id\u0151szakban, azaz a negyedik negyed\u00e9vben, a munkan\u00e9lk\u00fcliek \u00e1tlagos l\u00e9tsz\u00e1ma 155 ezer, a munkan\u00e9lk\u00fclis\u00e9gi r\u00e1ta 3,3 sz\u00e1zal\u00e9kos volt, a legalacsonyabb tavaly \u00e1prilis-j\u00fanius, azaz a m\u00e1sodik negyed\u00e9v \u00f3ta &#8211; jelentette szerd\u00e1n a K\u00f6zponti Statisztikai Hivatal (KSH).<\/strong><!--more--><\/p>\n<div class=\"ads-in-post2\"><script async src=\"https:\/\/pagead2.googlesyndication.com\/pagead\/js\/adsbygoogle.js\"><\/script>\r\n<ins class=\"adsbygoogle\"\r\n     style=\"display:block\"\r\n     data-ad-format=\"fluid\"\r\n     data-ad-layout-key=\"-6t+ed+2i-1n-4w\"\r\n     data-ad-client=\"ca-pub-1959107119989764\"\r\n     data-ad-slot=\"4008251320\"><\/ins>\r\n<script>\r\n     (adsbygoogle = window.adsbygoogle || []).push({});\r\n<\/script><\/div>\n<p>    A negyedik negyed\u00e9vben a munkan\u00e9lk\u00fcliek \u00e1tlagos l\u00e9tsz\u00e1ma 12 ezerrel alacsonyabb volt, mint egy \u00e9vvel kor\u00e1bban \u00e9s 8 ezerrel cs\u00f6kkent az el\u0151z\u0151, szeptember-novemberi h\u00e1rom h\u00f3napos id\u0151szakhoz k\u00e9pest, amikor 3,5 sz\u00e1zal\u00e9kos volt a r\u00e1ta.<br \/>\n    A 15-24 \u00e9ves munkan\u00e9lk\u00fcliek sz\u00e1ma 40 ezerre, munkan\u00e9lk\u00fclis\u00e9gi r\u00e1t\u00e1juk 2,1 sz\u00e1zal\u00e9kponttal, 12,2 sz\u00e1zal\u00e9kra n\u0151tt egy \u00e9v alatt a negyedik negyed\u00e9vre. A munkan\u00e9lk\u00fcliek t\u00f6bb mint egynegyede ebb\u0151l a korcsoportb\u00f3l ker\u00fclt ki. A legjobb munkav\u00e1llal\u00e1si kor\u00fa, 25-54 \u00e9vesek munkan\u00e9lk\u00fclis\u00e9gi r\u00e1t\u00e1ja 0,3 sz\u00e1zal\u00e9kponttal 2,9 sz\u00e1zal\u00e9kra, az 55-74 \u00e9vesek\u00e9 1,0 sz\u00e1zal\u00e9kponttal 1,7 sz\u00e1zal\u00e9kra cs\u00f6kkent.<br \/>\n    A 15-74 \u00e9ves f\u00e9rfiak k\u00f6r\u00e9ben a munkan\u00e9lk\u00fcliek sz\u00e1ma egy \u00e9v alatt 9 ezerrel, 82 ezerre, a munkan\u00e9lk\u00fclis\u00e9gi r\u00e1t\u00e1juk 0,4 sz\u00e1zal\u00e9kponttal, 3,2 sz\u00e1zal\u00e9kosra cs\u00f6kkent. A munkan\u00e9lk\u00fcli n\u0151k sz\u00e1ma 3 ezerrel, 74 ezerre, a munkan\u00e9lk\u00fclis\u00e9gi r\u00e1t\u00e1juk 0,2 sz\u00e1zal\u00e9kponttal 3,5 sz\u00e1zal\u00e9kosra m\u00e9rs\u00e9kl\u0151d\u00f6tt.<br \/>\n<div class=\"ads-in-post1\"><div id=\"gazdasagportal.hu_fullbanner_wideboard\"><\/div>\r\n<\/div>\n    A 2019-es \u00e9v eg\u00e9sz\u00e9t tekintve a munkan\u00e9lk\u00fcliek l\u00e9tsz\u00e1ma \u00e1tlagosan 160 ezer volt, 12 ezerrel kevesebb, mint 2018-ban. A munkan\u00e9lk\u00fclis\u00e9gi r\u00e1ta 3,4 sz\u00e1zal\u00e9kos \u00e9rt\u00e9ke 0,3 sz\u00e1zal\u00e9kponttal volt alacsonyabb az el\u0151z\u0151 \u00e9vin\u00e9l.<br \/>\n    A fiatalok munkan\u00e9lk\u00fclis\u00e9gi r\u00e1t\u00e1ja 1,2 sz\u00e1zal\u00e9kponttal, 11,4 sz\u00e1zal\u00e9kra n\u0151tt, a 25-54 \u00e9vesek\u00e9 0,4 sz\u00e1zal\u00e9kponttal, 3,0 sz\u00e1zal\u00e9kra m\u00e9rs\u00e9kl\u0151d\u00f6tt, az 55-74 \u00e9vesek k\u00f6r\u00e9ben pedig 0,3 sz\u00e1zal\u00e9kponttal, 2,1 sz\u00e1zal\u00e9kra cs\u00f6kkent.<br \/>\n    Az \u00e9v eg\u00e9sz\u00e9t tekintve a munkan\u00e9lk\u00fclis\u00e9g \u00e1tlagos ideje 12,8 h\u00f3nap, a legal\u00e1bb egy \u00e9ve \u00e1ll\u00e1st keres\u0151k ar\u00e1nya pedig 34,5 sz\u00e1zal\u00e9k volt.(MTI)<\/p>\n","protected":false},"excerpt":{"rendered":"<p>A tavaly okt\u00f3ber-decemberi h\u00e1rom h\u00f3napos id\u0151szakban, azaz a negyedik negyed\u00e9vben, a munkan\u00e9lk\u00fcliek \u00e1tlagos l\u00e9tsz\u00e1ma 155 ezer, a munkan\u00e9lk\u00fclis\u00e9gi r\u00e1ta 3,3 sz\u00e1zal\u00e9kos volt, a legalacsonyabb tavaly \u00e1prilis-j\u00fanius, azaz a m\u00e1sodik negyed\u00e9v \u00f3ta &#8211; jelentette szerd\u00e1n a K\u00f6zponti Statisztikai Hivatal (KSH).<\/p>\n","protected":false},"author":1,"featured_media":0,"comment_status":"closed","ping_status":"open","sticky":false,"template":"","format":"standard","meta":[],"categories":[19],"tags":[],"_links":{"self":[{"href":"https:\/\/gazdasagportal.hu\/index.php\/wp-json\/wp\/v2\/posts\/123358"}],"collection":[{"href":"https:\/\/gazdasagportal.hu\/index.php\/wp-json\/wp\/v2\/posts"}],"about":[{"href":"https:\/\/gazdasagportal.hu\/index.php\/wp-json\/wp\/v2\/types\/post"}],"author":[{"embeddable":true,"href":"https:\/\/gazdasagportal.hu\/index.php\/wp-json\/wp\/v2\/users\/1"}],"replies":[{"embeddable":true,"href":"https:\/\/gazdasagportal.hu\/index.php\/wp-json\/wp\/v2\/comments?post=123358"}],"version-history":[{"count":1,"href":"https:\/\/gazdasagportal.hu\/index.php\/wp-json\/wp\/v2\/posts\/123358\/revisions"}],"predecessor-version":[{"id":123359,"href":"https:\/\/gazdasagportal.hu\/index.php\/wp-json\/wp\/v2\/posts\/123358\/revisions\/123359"}],"wp:attachment":[{"href":"https:\/\/gazdasagportal.hu\/index.php\/wp-json\/wp\/v2\/media?parent=123358"}],"wp:term":[{"taxonomy":"category","embeddable":true,"href":"https:\/\/gazdasagportal.hu\/index.php\/wp-json\/wp\/v2\/categories?post=123358"},{"taxonomy":"post_tag","embeddable":true,"href":"https:\/\/gazdasagportal.hu\/index.php\/wp-json\/wp\/v2\/tags?post=123358"}],"curies":[{"name":"wp","href":"https:\/\/api.w.org\/{rel}","templated":true}]}}