{"id":123337,"date":"2020-01-28T15:39:15","date_gmt":"2020-01-28T14:39:15","guid":{"rendered":"http:\/\/gazdasagportal.hu\/?p=123337"},"modified":"2020-01-28T15:39:15","modified_gmt":"2020-01-28T14:39:15","slug":"koronavirus-kina-le-fogja-gyozni-a-jarvanyt","status":"publish","type":"post","link":"https:\/\/gazdasagportal.hu\/index.php\/koronavirus-kina-le-fogja-gyozni-a-jarvanyt\/","title":{"rendered":"Koronav\u00edrus &#8211; K\u00edna le fogja gy\u0151zni a j\u00e1rv\u00e1nyt"},"content":{"rendered":"<p><strong>K\u00edna le fogja gy\u0151zni az \u00faj koronav\u00edrus-j\u00e1rv\u00e1nyt &#8211; jelentette ki Hszi Csin-ping k\u00ednai eln\u00f6k kedden Pekingben, amikor az Eg\u00e9szs\u00e9g\u00fcgyi Vil\u00e1gszervezet (WHO) f\u0151igazgat\u00f3j\u00e1val tal\u00e1lkozott.<\/strong><!--more--><\/p>\n<div class=\"ads-in-post2\"><script async src=\"https:\/\/pagead2.googlesyndication.com\/pagead\/js\/adsbygoogle.js\"><\/script>\r\n<ins class=\"adsbygoogle\"\r\n     style=\"display:block\"\r\n     data-ad-format=\"fluid\"\r\n     data-ad-layout-key=\"-6t+ed+2i-1n-4w\"\r\n     data-ad-client=\"ca-pub-1959107119989764\"\r\n     data-ad-slot=\"4008251320\"><\/ins>\r\n<script>\r\n     (adsbygoogle = window.adsbygoogle || []).push({});\r\n<\/script><\/div>\n<p>    A k\u00ednai eln\u00f6k kiemelte: a k\u00ednai korm\u00e1nyzat sz\u00e1m\u00e1ra els\u0151dleges fontoss\u00e1g\u00fa az emberek biztons\u00e1ga \u00e9s eg\u00e9szs\u00e9ge, ez\u00e9rt nagyon komolyan veszi a j\u00e1rv\u00e1ny elleni k\u00fczdelmet. Eml\u00edt\u00e9st tett arr\u00f3l is, hogy a K\u00ednai Kommunista P\u00e1rt vezet\u00e9se, a Politb\u00fcro \u00c1lland\u00f3 Bizotts\u00e1ga szombaton, a k\u00ednai hold\u00faj\u00e9v els\u0151 napj\u00e1n rendk\u00edv\u00fcli \u00fcl\u00e9st tartott, ami &#8211; mutatott r\u00e1 Hszi, &#8211; \u00f6nmag\u00e1ban is jelzi, mennyire nagy jelent\u0151s\u00e9get tulajdon\u00edt a helyzetnek a K\u00edn\u00e1t ir\u00e1ny\u00edt\u00f3 p\u00e1rt.<br \/>\n    Tedrosz Adhanom Gebrejeszusz, a WHO vezet\u0151je, aki kedden Vang Ji k\u00ednai k\u00fcl\u00fcgyminiszterrel is tal\u00e1lkozott, el\u00e9gedetten nyilatkozott a K\u00edn\u00e1ban alkalmazott \u00f3vint\u00e9zked\u00e9sekr\u0151l, \u00e9s \u00fagy fogalmazott: biztos abban, hogy K\u00edna k\u00e9pes megf\u00e9kezni a j\u00e1rv\u00e1ny terjed\u00e9s\u00e9t.<br \/>\n    A WHO t\u00e1mogatja a k\u00ednai int\u00e9zked\u00e9seket, \u00e9s szeretn\u00e9 elm\u00e9ly\u00edteni a t\u00e1vol-keleti orsz\u00e1ggal folytatott kommunik\u00e1ci\u00f3t \u00e9s egy\u00fcttm\u0171k\u00f6d\u00e9st &#8211; jelentette ki a China Daily k\u00ednai p\u00e1rtlap tud\u00f3s\u00edt\u00e1sa szerint.<br \/>\n<div class=\"ads-in-post1\"><div id=\"gazdasagportal.hu_fullbanner_wideboard\"><\/div>\r\n<\/div>\n    K\u00edn\u00e1ban a fert\u0151z\u00f6ttek sz\u00e1ma h\u00e9tf\u0151 estig el\u00e9rte a 4535-\u00f6t, m\u00edg a hal\u00e1los \u00e1ldozatok sz\u00e1ma 106-ra n\u0151tt. A fert\u0151z\u00e9s ugyan a Tibeti Auton\u00f3m Ter\u00fcleten k\u00edv\u00fcl az orsz\u00e1g \u00f6sszes ter\u00fclet\u00e9re el\u00e9rt, de az esetek t\u00falnyom\u00f3 t\u00f6bbs\u00e9ge m\u00e9g mindig Hupej tartom\u00e1nyra korl\u00e1toz\u00f3dik, ahol h\u00e9tf\u0151 estig 2714 esetet tartottak nyilv\u00e1n, m\u00edg a m\u00e1sodik legs\u00falyosabban \u00e9rintett d\u00e9l-k\u00ednai Kuangtung tartom\u00e1nyban mind\u00f6ssze 188 beteget diagnosztiz\u00e1ltak.<br \/>\n    Hupej tartom\u00e1ny nagy r\u00e9sz\u00e9t a m\u00falt h\u00e9t v\u00e9ge \u00f3ta egyel\u0151re tiszt\u00e1zatlan ideig lez\u00e1rt\u00e1k annak \u00e9rdek\u00e9ben, hogy megf\u00e9kezz\u00e9k a j\u00e1rv\u00e1ny terjed\u00e9s\u00e9t, \u00e1m aggodalomra ad okot, hogy az els\u0151 esetek jelent\u00e9se \u00e9s a tartom\u00e1ny sz\u00e9khelye, Vuhan lez\u00e1r\u00e1sa k\u00f6z\u00f6tt eltelt 24 napban a 11 milli\u00f3s v\u00e1ros lakoss\u00e1g\u00e1nak majdnem fele hagyta el a v\u00e1rost \u00e9s utazott els\u0151sorban a szomsz\u00e9dos tartom\u00e1nyokba, illetve kisebb l\u00e9tsz\u00e1mban k\u00fclf\u00f6ldre.(MTI)<\/p>\n","protected":false},"excerpt":{"rendered":"<p>K\u00edna le fogja gy\u0151zni az \u00faj koronav\u00edrus-j\u00e1rv\u00e1nyt &#8211; jelentette ki Hszi Csin-ping k\u00ednai eln\u00f6k kedden Pekingben, amikor az Eg\u00e9szs\u00e9g\u00fcgyi Vil\u00e1gszervezet (WHO) f\u0151igazgat\u00f3j\u00e1val tal\u00e1lkozott.<\/p>\n","protected":false},"author":1,"featured_media":0,"comment_status":"closed","ping_status":"open","sticky":false,"template":"","format":"standard","meta":[],"categories":[14],"tags":[],"_links":{"self":[{"href":"https:\/\/gazdasagportal.hu\/index.php\/wp-json\/wp\/v2\/posts\/123337"}],"collection":[{"href":"https:\/\/gazdasagportal.hu\/index.php\/wp-json\/wp\/v2\/posts"}],"about":[{"href":"https:\/\/gazdasagportal.hu\/index.php\/wp-json\/wp\/v2\/types\/post"}],"author":[{"embeddable":true,"href":"https:\/\/gazdasagportal.hu\/index.php\/wp-json\/wp\/v2\/users\/1"}],"replies":[{"embeddable":true,"href":"https:\/\/gazdasagportal.hu\/index.php\/wp-json\/wp\/v2\/comments?post=123337"}],"version-history":[{"count":1,"href":"https:\/\/gazdasagportal.hu\/index.php\/wp-json\/wp\/v2\/posts\/123337\/revisions"}],"predecessor-version":[{"id":123338,"href":"https:\/\/gazdasagportal.hu\/index.php\/wp-json\/wp\/v2\/posts\/123337\/revisions\/123338"}],"wp:attachment":[{"href":"https:\/\/gazdasagportal.hu\/index.php\/wp-json\/wp\/v2\/media?parent=123337"}],"wp:term":[{"taxonomy":"category","embeddable":true,"href":"https:\/\/gazdasagportal.hu\/index.php\/wp-json\/wp\/v2\/categories?post=123337"},{"taxonomy":"post_tag","embeddable":true,"href":"https:\/\/gazdasagportal.hu\/index.php\/wp-json\/wp\/v2\/tags?post=123337"}],"curies":[{"name":"wp","href":"https:\/\/api.w.org\/{rel}","templated":true}]}}