{"id":123335,"date":"2020-01-28T15:00:57","date_gmt":"2020-01-28T14:00:57","guid":{"rendered":"http:\/\/gazdasagportal.hu\/?p=123335"},"modified":"2020-01-28T15:00:57","modified_gmt":"2020-01-28T14:00:57","slug":"korlatozott-reszveteli-lehetoseget-ad-a-brit-kormany-a-huaweinek-az-5g-halozat-kiepiteseben","status":"publish","type":"post","link":"https:\/\/gazdasagportal.hu\/index.php\/korlatozott-reszveteli-lehetoseget-ad-a-brit-kormany-a-huaweinek-az-5g-halozat-kiepiteseben\/","title":{"rendered":"Korl\u00e1tozott r\u00e9szv\u00e9teli lehet\u0151s\u00e9get ad a brit korm\u00e1ny a Huaweinek az 5G h\u00e1l\u00f3zat ki\u00e9p\u00edt\u00e9s\u00e9ben"},"content":{"rendered":"<p><strong>Enged\u00e9lyezi a brit korm\u00e1ny a k\u00ednai Huawei t\u00e1vk\u00f6zl\u00e9si konszern r\u00e9szv\u00e9tel\u00e9t a nagy-britanniai 5G t\u00e1vk\u00f6zl\u00e9si h\u00e1l\u00f3zat ki\u00e9p\u00edt\u00e9s\u00e9ben, de korl\u00e1tozza a c\u00e9g hozz\u00e1f\u00e9r\u00e9s\u00e9t a teljes beruh\u00e1z\u00e1si programhoz.<\/strong><!--more--><\/p>\n<div class=\"ads-in-post2\"><script async src=\"https:\/\/pagead2.googlesyndication.com\/pagead\/js\/adsbygoogle.js\"><\/script>\r\n<ins class=\"adsbygoogle\"\r\n     style=\"display:block\"\r\n     data-ad-format=\"fluid\"\r\n     data-ad-layout-key=\"-6t+ed+2i-1n-4w\"\r\n     data-ad-client=\"ca-pub-1959107119989764\"\r\n     data-ad-slot=\"4008251320\"><\/ins>\r\n<script>\r\n     (adsbygoogle = window.adsbygoogle || []).push({});\r\n<\/script><\/div>\n<p>    A brit digit\u00e1lis, kultur\u00e1lis, sport- \u00e9s m\u00e9dia\u00fcgyek\u00e9rt felel\u0151s miniszt\u00e9rium keddi bejelent\u00e9se val\u00f3j\u00e1ban nem eml\u00edti n\u00e9v szerint a Huaweit, csak \u00fagy fogalmaz, hogy a javasolt \u00faj szab\u00e1lyoz\u00e1s alapj\u00e1n a &#8222;magas kock\u00e1zat\u00fa besz\u00e1ll\u00edt\u00f3kat&#8221; t\u00e1vol kell tartani a brit t\u00e1vk\u00f6zl\u00e9si h\u00e1l\u00f3zat nemzetbiztons\u00e1gi szempontb\u00f3l kritikus k\u00f6zponti elemeit\u0151l.<br \/>\n    A brit 5G h\u00e1l\u00f3zat ki\u00e9p\u00edt\u00e9s\u00e9ben r\u00e9sztvev\u0151 v\u00e1llalatok k\u00f6z\u00fcl azonban ez a besorol\u00e1s csak a Huaweire vonatkozik.<br \/>\n    A keddi bejelent\u00e9s alapj\u00e1n a k\u00ednai v\u00e1llalat &#8222;magas kock\u00e1zat\u00fa besz\u00e1ll\u00edt\u00f3k\u00e9nt&#8221; a brit 5G program k\u00f6zponti, biztons\u00e1gi szempontb\u00f3l &#8222;\u00e9rz\u00e9keny&#8221; elemeihez nem sz\u00e1ll\u00edthat berendez\u00e9seket, \u00e9s a perif\u00e9ri\u00e1lis hozz\u00e1f\u00e9r\u00e9si elemek ki\u00e9p\u00edt\u00e9s\u00e9hez sz\u00fcks\u00e9ges eszk\u00f6z\u00f6knek is csak a 35 sz\u00e1zal\u00e9k\u00e1t adhatja. Ebbe a k\u00f6rbe a le\u00edr\u00e1s szerint azok a berendez\u00e9sek tartoznak, amelyek a h\u00e1l\u00f3zati felhaszn\u00e1l\u00f3 elemeket csatlakoztatj\u00e1k a mobiltelefonos \u00e1tj\u00e1tsz\u00f3 tornyokhoz.<br \/>\n    A k\u00ednai v\u00e1llalat &#8222;magas kock\u00e1zat\u00fa besz\u00e1ll\u00edt\u00f3k\u00e9nt&#8221; emellett nem vehet r\u00e9szt a brit 5G h\u00e1l\u00f3zat olyan elemeinek l\u00e9trehoz\u00e1s\u00e1ban, amelyek &#8222;\u00e9rz\u00e9keny&#8221; f\u00f6ldrajzi helyeken, p\u00e9ld\u00e1ul katonai t\u00e1maszpontok vagy atomer\u0151m\u0171vek k\u00f6zel\u00e9ben lesznek.<br \/>\n    Londonra az amerikai korm\u00e1ny az elm\u00falt h\u00f3napokban komoly nyom\u00e1st gyakorolt annak \u00e9rdek\u00e9ben, hogy a Huawei egy\u00e1ltal\u00e1n ne vehessen r\u00e9szt a brit 5G h\u00e1l\u00f3zat l\u00e9trehoz\u00e1s\u00e1ban. Az Egyes\u00fclt \u00c1llamok \u00e1ll\u00e1spontja szerint a v\u00e1llalat nemzetbiztons\u00e1gi kock\u00e1zatot jelent, mivel k\u00f6zvetlen kapcsolatban \u00e1ll a k\u00ednai korm\u00e1nnyal.<br \/>\n<div class=\"ads-in-post1\"><div id=\"gazdasagportal.hu_fullbanner_wideboard\"><\/div>\r\n<\/div>\n    Mike Pompeo amerikai k\u00fcl\u00fcgyminiszter m\u00e1r tavaly figyelmeztette az Egyes\u00fclt \u00c1llamok sz\u00f6vets\u00e9geseit, hogy ne haszn\u00e1lj\u00e1k a Huawei term\u00e9keit t\u00e1vk\u00f6zl\u00e9si programjaikban, mivel ellenkez\u0151 esetben nehezebb\u00e9 v\u00e1lik Washington partneri egy\u00fcttm\u0171k\u00f6d\u00e9se vel\u00fck.<br \/>\n    Nem hivatalos \u00e9rtes\u00fcl\u00e9sek szerint az amerikai korm\u00e1ny azt is kil\u00e1t\u00e1sba helyezte, hogy ha London hozz\u00e1f\u00e9r\u00e9st ad a Huaweinek a brit 5G h\u00e1l\u00f3zat ki\u00e9p\u00edt\u00e9s\u00e9hez, az Egyes\u00fclt \u00c1llamok elt\u00e1vol\u00edtja Nagy-Britanni\u00e1t a Five Eyes (\u00d6t Szem) h\u00edrszerz\u00e9si sz\u00f6vets\u00e9gb\u0151l.<br \/>\n    A Five Eyes az Egyes\u00fclt \u00c1llamok, Nagy-Britannia, Kanada, Ausztr\u00e1lia \u00e9s \u00daj-Z\u00e9land h\u00edrszerz\u00e9si \u00e9s elh\u00e1r\u00edt\u00f3 szakszolg\u00e1latainak tev\u00e9kenys\u00e9g\u00e9t hangolja \u00f6ssze.<br \/>\n    Boris Johnson brit minisztereln\u00f6kre saj\u00e1t parlamenti h\u00e1torsz\u00e1g\u00e1b\u00f3l is nyom\u00e1s nehezedett annak \u00e9rdek\u00e9ben, hogy a Huawei ne vehessen r\u00e9szt a brit 5G h\u00e1l\u00f3zat ki\u00e9p\u00edt\u00e9s\u00e9ben.<br \/>\n    A d\u00f6nt\u00e9s keddi bejelent\u00e9s\u00e9t megel\u0151z\u0151 parlamenti vit\u00e1ban a korm\u00e1nyz\u00f3 Konzervat\u00edv P\u00e1rt sz\u00e1mos k\u00e9pvisel\u0151je \u00e9rvelt a k\u00ednai c\u00e9g kiz\u00e1r\u00e1sa mellett.<br \/>\n    Tom Tugendhat, az als\u00f3h\u00e1z k\u00fcl\u00fcgyi bizotts\u00e1g\u00e1nak volt eln\u00f6ke \u00fagy fogalmazott, hogy a Huawei r\u00e9szv\u00e9tel\u00e9nek lehet\u0151v\u00e9 t\u00e9tel\u00e9vel a korm\u00e1ny &#8222;maga szabad\u00edtja r\u00e1 a r\u00f3k\u00e1t a ty\u00fak\u00f3lra&#8221;.<br \/>\n    A Huawei alap\u00edt\u00f3ja, Zsen Cseng-fej azonban a BBC telev\u00edzi\u00f3nak nyilatkozva m\u00e1r tavaly visszautas\u00edtotta azokat a nyugati felt\u00e9telez\u00e9seket, hogy a k\u00ednai korm\u00e1ny k\u00e9mked\u00e9sre haszn\u00e1lhatja a Huawei technol\u00f3gi\u00e1j\u00e1t. A c\u00e9galap\u00edt\u00f3 kijelentette: ennek megenged\u00e9se olyan kock\u00e1zat lenne, amelyet \u0151 soha nem v\u00e1llalna.<br \/>\n    &#8222;C\u00e9g\u00fcnk soha nem bocs\u00e1tkozna semmif\u00e9le k\u00e9mtev\u00e9kenys\u00e9gbe. Ha ezt megtenn\u00e9, magam z\u00e1rn\u00e1m be a v\u00e1llalatot&#8221; &#8211; fogalmazott a BBC-interj\u00faban a Huawei alap\u00edt\u00f3ja.(MTI)<\/p>\n","protected":false},"excerpt":{"rendered":"<p>Enged\u00e9lyezi a brit korm\u00e1ny a k\u00ednai Huawei t\u00e1vk\u00f6zl\u00e9si konszern r\u00e9szv\u00e9tel\u00e9t a nagy-britanniai 5G t\u00e1vk\u00f6zl\u00e9si h\u00e1l\u00f3zat ki\u00e9p\u00edt\u00e9s\u00e9ben, de korl\u00e1tozza a c\u00e9g hozz\u00e1f\u00e9r\u00e9s\u00e9t a teljes beruh\u00e1z\u00e1si programhoz.<\/p>\n","protected":false},"author":1,"featured_media":0,"comment_status":"closed","ping_status":"open","sticky":false,"template":"","format":"standard","meta":[],"categories":[12,246],"tags":[],"_links":{"self":[{"href":"https:\/\/gazdasagportal.hu\/index.php\/wp-json\/wp\/v2\/posts\/123335"}],"collection":[{"href":"https:\/\/gazdasagportal.hu\/index.php\/wp-json\/wp\/v2\/posts"}],"about":[{"href":"https:\/\/gazdasagportal.hu\/index.php\/wp-json\/wp\/v2\/types\/post"}],"author":[{"embeddable":true,"href":"https:\/\/gazdasagportal.hu\/index.php\/wp-json\/wp\/v2\/users\/1"}],"replies":[{"embeddable":true,"href":"https:\/\/gazdasagportal.hu\/index.php\/wp-json\/wp\/v2\/comments?post=123335"}],"version-history":[{"count":1,"href":"https:\/\/gazdasagportal.hu\/index.php\/wp-json\/wp\/v2\/posts\/123335\/revisions"}],"predecessor-version":[{"id":123336,"href":"https:\/\/gazdasagportal.hu\/index.php\/wp-json\/wp\/v2\/posts\/123335\/revisions\/123336"}],"wp:attachment":[{"href":"https:\/\/gazdasagportal.hu\/index.php\/wp-json\/wp\/v2\/media?parent=123335"}],"wp:term":[{"taxonomy":"category","embeddable":true,"href":"https:\/\/gazdasagportal.hu\/index.php\/wp-json\/wp\/v2\/categories?post=123335"},{"taxonomy":"post_tag","embeddable":true,"href":"https:\/\/gazdasagportal.hu\/index.php\/wp-json\/wp\/v2\/tags?post=123335"}],"curies":[{"name":"wp","href":"https:\/\/api.w.org\/{rel}","templated":true}]}}