{"id":123331,"date":"2020-01-28T12:48:02","date_gmt":"2020-01-28T11:48:02","guid":{"rendered":"http:\/\/gazdasagportal.hu\/?p=123331"},"modified":"2020-01-28T12:48:02","modified_gmt":"2020-01-28T11:48:02","slug":"tizeves-melyponton-a-nemet-aceltermeles","status":"publish","type":"post","link":"https:\/\/gazdasagportal.hu\/index.php\/tizeves-melyponton-a-nemet-aceltermeles\/","title":{"rendered":"T\u00edz\u00e9ves m\u00e9lyponton a n\u00e9met ac\u00e9ltermel\u00e9s"},"content":{"rendered":"<p><strong>T\u00edz\u00e9ves m\u00e9lypontra cs\u00f6kkent tavaly a n\u00e9metorsz\u00e1gi ac\u00e9ltermel\u00e9s az \u00e1gazati szakmai k\u00e9pviseleti szervezet, a Wirtschaftsvereinigung Stahl (Stahl) kedden publik\u00e1lt kimutat\u00e1sa alapj\u00e1n.<\/strong><!--more--><\/p>\n<div class=\"ads-in-post2\"><script async src=\"https:\/\/pagead2.googlesyndication.com\/pagead\/js\/adsbygoogle.js\"><\/script>\r\n<ins class=\"adsbygoogle\"\r\n     style=\"display:block\"\r\n     data-ad-format=\"fluid\"\r\n     data-ad-layout-key=\"-6t+ed+2i-1n-4w\"\r\n     data-ad-client=\"ca-pub-1959107119989764\"\r\n     data-ad-slot=\"4008251320\"><\/ins>\r\n<script>\r\n     (adsbygoogle = window.adsbygoogle || []).push({});\r\n<\/script><\/div>\n<p>A n\u00e9metorsz\u00e1gi koh\u00f3k 39,7 milli\u00f3 tonna ac\u00e9lt \u00e1ll\u00edtottak el\u0151 tavaly, 6,5 sz\u00e1zal\u00e9kkal kevesebbet, mint az el\u0151z\u0151 \u00e9vben. A termel\u00e9s 2018-ban k\u00e9t sz\u00e1zal\u00e9kkal cs\u00f6kkent.<br \/>\nA tavalyin\u00e1l kevesebbet csak 2009-ben, a glob\u00e1lis gazdas\u00e1gi \u00e9s p\u00e9nz\u00fcgyi v\u00e1ls\u00e1g idej\u00e9n termeltek a n\u00e9metorsz\u00e1gi ac\u00e9lm\u0171vek. A termel\u00e9s 2009-et k\u00f6vet\u0151en minden \u00e9vben meghaladta a 42 milli\u00f3 tonn\u00e1t.<br \/>\nA termel\u00e9s tavalyi cs\u00f6kken\u00e9s\u00e9t a feldolgoz\u00f3ipari teljes\u00edtm\u00e9nycs\u00f6kken\u00e9s, a k\u00fclf\u00f6ldi konkurencia \u00e9s az Egyes\u00fclt \u00c1llamok piacv\u00e9d\u0151 int\u00e9zked\u00e9sei id\u00e9zt\u00e9k el\u0151 a Stahl k\u00f6zlem\u00e9nye szerint.<br \/>\n<div class=\"ads-in-post1\"><div id=\"gazdasagportal.hu_fullbanner_wideboard\"><\/div>\r\n<\/div>\n&#8222;Vil\u00e1gszerte t\u00f6bb sz\u00e1zmilli\u00f3 tonn\u00e1s kapacit\u00e1st\u00f6bblet l\u00e9tezik az ac\u00e9liparban&#8221; &#8211; mutatott r\u00e1 Hans J\u00fcrgen Kerkhoff, a Stahl eln\u00f6ke. &#8222;Az EU-Bizotts\u00e1gnak azonnali \u00e9s hathat\u00f3s int\u00e9zked\u00e9seket kellene hoznia az eur\u00f3pai ac\u00e9lipar v\u00e9delm\u00e9ben&#8221; &#8211; tette hozz\u00e1.<br \/>\n<a title=\"Hely megnyit\u00e1sa\" href=\"https:\/\/www.stahl-online.de\/index.php\/medieninformation\/rohstahlproduktion-in-deutschland-jahresbilanz-2019\/\" target=\"_blank\" rel=\"noopener noreferrer\">https:\/\/www.stahl-online.de\/index.php\/medieninformation\/rohstahlproduktion-in-deutschland-jahresbilanz-2019\/<\/a><\/p>\n<p>&nbsp;(MTI)<\/p><div id=\"gazda-1094635208\" class=\"gazda-tartalomban gazda-entity-placement\"><script async src=\"https:\/\/pagead2.googlesyndication.com\/pagead\/js\/adsbygoogle.js\"><\/script>\r\n<ins class=\"adsbygoogle\"\r\n     style=\"display:block\"\r\n     data-ad-format=\"fluid\"\r\n     data-ad-layout-key=\"-6t+ed+2i-1n-4w\"\r\n     data-ad-client=\"ca-pub-1959107119989764\"\r\n     data-ad-slot=\"4008251320\"><\/ins>\r\n<script>\r\n     (adsbygoogle = window.adsbygoogle || []).push({});\r\n<\/script><\/div>\n","protected":false},"excerpt":{"rendered":"<p>T\u00edz\u00e9ves m\u00e9lypontra cs\u00f6kkent tavaly a n\u00e9metorsz\u00e1gi ac\u00e9ltermel\u00e9s az \u00e1gazati szakmai k\u00e9pviseleti szervezet, a Wirtschaftsvereinigung Stahl (Stahl) kedden publik\u00e1lt kimutat\u00e1sa alapj\u00e1n.<\/p>\n","protected":false},"author":1,"featured_media":0,"comment_status":"closed","ping_status":"open","sticky":false,"template":"","format":"standard","meta":[],"categories":[12,246],"tags":[],"_links":{"self":[{"href":"https:\/\/gazdasagportal.hu\/index.php\/wp-json\/wp\/v2\/posts\/123331"}],"collection":[{"href":"https:\/\/gazdasagportal.hu\/index.php\/wp-json\/wp\/v2\/posts"}],"about":[{"href":"https:\/\/gazdasagportal.hu\/index.php\/wp-json\/wp\/v2\/types\/post"}],"author":[{"embeddable":true,"href":"https:\/\/gazdasagportal.hu\/index.php\/wp-json\/wp\/v2\/users\/1"}],"replies":[{"embeddable":true,"href":"https:\/\/gazdasagportal.hu\/index.php\/wp-json\/wp\/v2\/comments?post=123331"}],"version-history":[{"count":1,"href":"https:\/\/gazdasagportal.hu\/index.php\/wp-json\/wp\/v2\/posts\/123331\/revisions"}],"predecessor-version":[{"id":123332,"href":"https:\/\/gazdasagportal.hu\/index.php\/wp-json\/wp\/v2\/posts\/123331\/revisions\/123332"}],"wp:attachment":[{"href":"https:\/\/gazdasagportal.hu\/index.php\/wp-json\/wp\/v2\/media?parent=123331"}],"wp:term":[{"taxonomy":"category","embeddable":true,"href":"https:\/\/gazdasagportal.hu\/index.php\/wp-json\/wp\/v2\/categories?post=123331"},{"taxonomy":"post_tag","embeddable":true,"href":"https:\/\/gazdasagportal.hu\/index.php\/wp-json\/wp\/v2\/tags?post=123331"}],"curies":[{"name":"wp","href":"https:\/\/api.w.org\/{rel}","templated":true}]}}